{"id":5738,"date":"2019-12-11T20:48:16","date_gmt":"2019-12-11T20:48:16","guid":{"rendered":"https:\/\/jessel.de\/365-tage-sylt\/?p=5738"},"modified":"2019-12-11T20:48:16","modified_gmt":"2019-12-11T20:48:16","slug":"10-dezember-zurueck-aus-elysischen-gefilden","status":"publish","type":"post","link":"https:\/\/jessel.de\/365-tage-sylt\/10-dezember-zurueck-aus-elysischen-gefilden\/","title":{"rendered":"10. Dezember: Zur\u00fcck aus Elysischen Gefilden"},"content":{"rendered":"<p>Melde mich gehorsamst zur\u00fcck von einem Ausflug in den winterw\u00e4rmsten und -trockensten Winkel Europas. Richtig: Gran Canaria auf dem 26. Breitengrad vor der Afrikanischen K\u00fcste.<\/p>\n<p>Hier ein Blick von meinem t\u00e4glichen Strand\u00fcbergang, dem Salzwassersee \u201eCharca\u201c in Maspalomas, Richtung Inselmitte, deren Krater gute 1.200m H\u00f6he erreichen:<\/p>\n<p><img loading=\"lazy\" decoding=\"async\" class=\"alignnone size-full wp-image-5743\" src=\"https:\/\/jessel.de\/365-tage-sylt\/wp-content\/uploads\/2019\/12\/CF7FD1B8-30E2-43A4-BEBB-A48370876972.jpeg\" alt=\"\" width=\"1324\" height=\"800\" srcset=\"https:\/\/jessel.de\/365-tage-sylt\/wp-content\/uploads\/2019\/12\/CF7FD1B8-30E2-43A4-BEBB-A48370876972.jpeg 1324w, https:\/\/jessel.de\/365-tage-sylt\/wp-content\/uploads\/2019\/12\/CF7FD1B8-30E2-43A4-BEBB-A48370876972-300x181.jpeg 300w, https:\/\/jessel.de\/365-tage-sylt\/wp-content\/uploads\/2019\/12\/CF7FD1B8-30E2-43A4-BEBB-A48370876972-768x464.jpeg 768w, https:\/\/jessel.de\/365-tage-sylt\/wp-content\/uploads\/2019\/12\/CF7FD1B8-30E2-43A4-BEBB-A48370876972-1024x619.jpeg 1024w\" sizes=\"auto, (max-width: 1324px) 100vw, 1324px\" \/><br \/>\n&#8230; und hier &#8211; in flagranti &#8211; der subtropische Weihnachtsmann in Adventsstimmung:<\/p>\n<p><img loading=\"lazy\" decoding=\"async\" class=\"size-full wp-image-5742\" src=\"https:\/\/jessel.de\/365-tage-sylt\/wp-content\/uploads\/2019\/12\/2B13C70D-BDA4-4CE4-B9AE-549F02F97883.jpeg\" alt=\"\" width=\"565\" height=\"800\" srcset=\"https:\/\/jessel.de\/365-tage-sylt\/wp-content\/uploads\/2019\/12\/2B13C70D-BDA4-4CE4-B9AE-549F02F97883.jpeg 565w, https:\/\/jessel.de\/365-tage-sylt\/wp-content\/uploads\/2019\/12\/2B13C70D-BDA4-4CE4-B9AE-549F02F97883-212x300.jpeg 212w\" sizes=\"auto, (max-width: 565px) 100vw, 565px\" \/><\/p>\n<p>Da ich, bekannterma\u00dfen, kein Am-Strand-Herumlieger bin, ging es zun\u00e4chst mal hinauf auf den \u201eCamino de Santiago\u201c (echt jetzt!) in gut 1.000m H\u00f6he bei besten Wandertemperaturen um die 16\/18 Grad:<\/p>\n<p><img loading=\"lazy\" decoding=\"async\" class=\"alignnone size-full wp-image-5741\" src=\"https:\/\/jessel.de\/365-tage-sylt\/wp-content\/uploads\/2019\/12\/82B446EF-7394-40B2-82E2-3DE2AB700C91.jpeg\" alt=\"\" width=\"1534\" height=\"800\" srcset=\"https:\/\/jessel.de\/365-tage-sylt\/wp-content\/uploads\/2019\/12\/82B446EF-7394-40B2-82E2-3DE2AB700C91.jpeg 1534w, https:\/\/jessel.de\/365-tage-sylt\/wp-content\/uploads\/2019\/12\/82B446EF-7394-40B2-82E2-3DE2AB700C91-300x156.jpeg 300w, https:\/\/jessel.de\/365-tage-sylt\/wp-content\/uploads\/2019\/12\/82B446EF-7394-40B2-82E2-3DE2AB700C91-768x401.jpeg 768w, https:\/\/jessel.de\/365-tage-sylt\/wp-content\/uploads\/2019\/12\/82B446EF-7394-40B2-82E2-3DE2AB700C91-1024x534.jpeg 1024w\" sizes=\"auto, (max-width: 1534px) 100vw, 1534px\" \/><\/p>\n<p>H\u00f6hepunkt jedoch wurde die Gebirgsradtour auf einem Super Mountainbike&#8230;:<\/p>\n<p><img loading=\"lazy\" decoding=\"async\" class=\"alignnone size-full wp-image-5739\" src=\"https:\/\/jessel.de\/365-tage-sylt\/wp-content\/uploads\/2019\/12\/66C87541-2DAA-4604-877D-01E464EE2159.jpeg\" alt=\"\" width=\"1422\" height=\"800\" srcset=\"https:\/\/jessel.de\/365-tage-sylt\/wp-content\/uploads\/2019\/12\/66C87541-2DAA-4604-877D-01E464EE2159.jpeg 1422w, https:\/\/jessel.de\/365-tage-sylt\/wp-content\/uploads\/2019\/12\/66C87541-2DAA-4604-877D-01E464EE2159-300x169.jpeg 300w, https:\/\/jessel.de\/365-tage-sylt\/wp-content\/uploads\/2019\/12\/66C87541-2DAA-4604-877D-01E464EE2159-768x432.jpeg 768w, https:\/\/jessel.de\/365-tage-sylt\/wp-content\/uploads\/2019\/12\/66C87541-2DAA-4604-877D-01E464EE2159-1024x576.jpeg 1024w\" sizes=\"auto, (max-width: 1422px) 100vw, 1422px\" \/><\/p>\n<p>&#8230; mit dem ich eine 75 km &#8211; Tour durchs Gebirge zwar plante&#8230;:<\/p>\n<p><img loading=\"lazy\" decoding=\"async\" class=\"size-full wp-image-5745\" src=\"https:\/\/jessel.de\/365-tage-sylt\/wp-content\/uploads\/2019\/12\/5D44DA75-8F0D-4924-ADAC-FE3CFC2ECF27.jpeg\" alt=\"\" width=\"1300\" height=\"800\" srcset=\"https:\/\/jessel.de\/365-tage-sylt\/wp-content\/uploads\/2019\/12\/5D44DA75-8F0D-4924-ADAC-FE3CFC2ECF27.jpeg 1300w, https:\/\/jessel.de\/365-tage-sylt\/wp-content\/uploads\/2019\/12\/5D44DA75-8F0D-4924-ADAC-FE3CFC2ECF27-300x185.jpeg 300w, https:\/\/jessel.de\/365-tage-sylt\/wp-content\/uploads\/2019\/12\/5D44DA75-8F0D-4924-ADAC-FE3CFC2ECF27-768x473.jpeg 768w, https:\/\/jessel.de\/365-tage-sylt\/wp-content\/uploads\/2019\/12\/5D44DA75-8F0D-4924-ADAC-FE3CFC2ECF27-1024x630.jpeg 1024w\" sizes=\"auto, (max-width: 1300px) 100vw, 1300px\" \/><\/p>\n<p>&#8230; jedoch aufgrund einer nicht mehr aktuellen Karte an der sch\u00f6nsten Stelle scheiterte:<\/p>\n<p><img loading=\"lazy\" decoding=\"async\" class=\"alignnone size-full wp-image-5746\" src=\"https:\/\/jessel.de\/365-tage-sylt\/wp-content\/uploads\/2019\/12\/9D592A7D-ED24-47CF-942A-D8B4E2C8EF3A.jpeg\" alt=\"\" width=\"1067\" height=\"800\" srcset=\"https:\/\/jessel.de\/365-tage-sylt\/wp-content\/uploads\/2019\/12\/9D592A7D-ED24-47CF-942A-D8B4E2C8EF3A.jpeg 1067w, https:\/\/jessel.de\/365-tage-sylt\/wp-content\/uploads\/2019\/12\/9D592A7D-ED24-47CF-942A-D8B4E2C8EF3A-300x225.jpeg 300w, https:\/\/jessel.de\/365-tage-sylt\/wp-content\/uploads\/2019\/12\/9D592A7D-ED24-47CF-942A-D8B4E2C8EF3A-768x576.jpeg 768w, https:\/\/jessel.de\/365-tage-sylt\/wp-content\/uploads\/2019\/12\/9D592A7D-ED24-47CF-942A-D8B4E2C8EF3A-1024x768.jpeg 1024w\" sizes=\"auto, (max-width: 1067px) 100vw, 1067px\" \/><\/p>\n<p>Die Abfahrt Richtung Cercados de Espinos endete nach mehreren hundert H\u00f6henmetern mit einem Sturz vor einer alten Guanchenh\u00f6hle, wo der Weg auch endete, so dass mir nur das Zur\u00fcckschieben blieb &#8211; bei durchschnittlich 15%iger Steigung.<\/p>\n<p>Daf\u00fcr entsch\u00e4digte der Blick:<\/p>\n<p><img loading=\"lazy\" decoding=\"async\" class=\"alignnone size-full wp-image-5744\" src=\"https:\/\/jessel.de\/365-tage-sylt\/wp-content\/uploads\/2019\/12\/5F27984D-097D-486C-806A-1E601F19C226.jpeg\" alt=\"\" width=\"1067\" height=\"800\" srcset=\"https:\/\/jessel.de\/365-tage-sylt\/wp-content\/uploads\/2019\/12\/5F27984D-097D-486C-806A-1E601F19C226.jpeg 1067w, https:\/\/jessel.de\/365-tage-sylt\/wp-content\/uploads\/2019\/12\/5F27984D-097D-486C-806A-1E601F19C226-300x225.jpeg 300w, https:\/\/jessel.de\/365-tage-sylt\/wp-content\/uploads\/2019\/12\/5F27984D-097D-486C-806A-1E601F19C226-768x576.jpeg 768w, https:\/\/jessel.de\/365-tage-sylt\/wp-content\/uploads\/2019\/12\/5F27984D-097D-486C-806A-1E601F19C226-1024x768.jpeg 1024w\" sizes=\"auto, (max-width: 1067px) 100vw, 1067px\" \/><\/p>\n<p>Ok &#8211; immerhin gut 50 verdammt anstrengende Kilometer wurden es trotzdem&#8230; und so gut geschlafen wie in der Nacht darauf habe ich auch schon l\u00e4nger nicht mehr. <\/p>\n","protected":false},"excerpt":{"rendered":"<p>Melde mich gehorsamst zur\u00fcck von einem Ausflug in den winterw\u00e4rmsten und -trockensten Winkel Europas. Richtig: Gran Canaria auf dem 26. Breitengrad vor der Afrikanischen K\u00fcste. Hier ein Blick von meinem t\u00e4glichen Strand\u00fcbergang, dem Salzwassersee \u201eCharca\u201c in Maspalomas, Richtung Inselmitte, deren Krater gute 1.200m H\u00f6he erreichen: &#8230; und hier &#8211; in flagranti &#8211; der subtropische Weihnachtsmann in Adventsstimmung: Da ich, bekannterma\u00dfen, kein Am-Strand-Herumlieger bin, ging es zun\u00e4chst mal hinauf auf den&hellip;<\/p>\n","protected":false},"author":2,"featured_media":5740,"comment_status":"open","ping_status":"open","sticky":false,"template":"","format":"standard","meta":{"footnotes":""},"categories":[27,24,48,3,4,2,33],"tags":[],"class_list":["post-5738","post","type-post","status-publish","format-standard","has-post-thumbnail","hentry","category-alle-bilder","category-duenen","category-herbst","category-menschen","category-spuren","category-tourismus","category-woanders"],"jetpack_featured_media_url":"https:\/\/jessel.de\/365-tage-sylt\/wp-content\/uploads\/2019\/12\/F2D114C4-C18B-4553-919A-D5C645485EB5.jpeg","_links":{"self":[{"href":"https:\/\/jessel.de\/365-tage-sylt\/wp-json\/wp\/v2\/posts\/5738","targetHints":{"allow":["GET"]}}],"collection":[{"href":"https:\/\/jessel.de\/365-tage-sylt\/wp-json\/wp\/v2\/posts"}],"about":[{"href":"https:\/\/jessel.de\/365-tage-sylt\/wp-json\/wp\/v2\/types\/post"}],"author":[{"embeddable":true,"href":"https:\/\/jessel.de\/365-tage-sylt\/wp-json\/wp\/v2\/users\/2"}],"replies":[{"embeddable":true,"href":"https:\/\/jessel.de\/365-tage-sylt\/wp-json\/wp\/v2\/comments?post=5738"}],"version-history":[{"count":1,"href":"https:\/\/jessel.de\/365-tage-sylt\/wp-json\/wp\/v2\/posts\/5738\/revisions"}],"predecessor-version":[{"id":5747,"href":"https:\/\/jessel.de\/365-tage-sylt\/wp-json\/wp\/v2\/posts\/5738\/revisions\/5747"}],"wp:featuredmedia":[{"embeddable":true,"href":"https:\/\/jessel.de\/365-tage-sylt\/wp-json\/wp\/v2\/media\/5740"}],"wp:attachment":[{"href":"https:\/\/jessel.de\/365-tage-sylt\/wp-json\/wp\/v2\/media?parent=5738"}],"wp:term":[{"taxonomy":"category","embeddable":true,"href":"https:\/\/jessel.de\/365-tage-sylt\/wp-json\/wp\/v2\/categories?post=5738"},{"taxonomy":"post_tag","embeddable":true,"href":"https:\/\/jessel.de\/365-tage-sylt\/wp-json\/wp\/v2\/tags?post=5738"}],"curies":[{"name":"wp","href":"https:\/\/api.w.org\/{rel}","templated":true}]}}