{"id":5748,"date":"2019-12-13T19:25:04","date_gmt":"2019-12-13T19:25:04","guid":{"rendered":"https:\/\/jessel.de\/365-tage-sylt\/?p=5748"},"modified":"2019-12-13T19:25:52","modified_gmt":"2019-12-13T19:25:52","slug":"12-13-dezember-handy-test-die-zweite","status":"publish","type":"post","link":"https:\/\/jessel.de\/365-tage-sylt\/12-13-dezember-handy-test-die-zweite\/","title":{"rendered":"12.\/13. Dezember: Handy-Test die Zweite"},"content":{"rendered":"<p>Die Fotos von Gran Canaria waren bereits mit meinem neuen Handy entstanden, das sich nun unter schwierigeren Lichtverh\u00e4ltnissen bew\u00e4hren soll &#8211; in der D\u00e4mmerung und bei starken Kontrasten n\u00e4mlich. Da haperte es gewaltig bei bisherigen Smartphones. Den Sonnenuntergang am Strand meistert es ohne Makel, und der Vollmond hinter den Reisenden Riesen auf dem Bahnhofsvorplatz, problemlos aus freier Hand aufgenommen, reisst zwar aus, aber ich habe ja noch nicht einmal den RAW-Modus eingeschaltet, den die Kamera auch bietet:<\/p>\n<p><img loading=\"lazy\" decoding=\"async\" class=\"alignnone size-full wp-image-5751\" src=\"https:\/\/jessel.de\/365-tage-sylt\/wp-content\/uploads\/2019\/12\/C38BA4F9-69A4-4CC0-8559-D87A3F11B46A.jpeg\" alt=\"\" width=\"1067\" height=\"800\" srcset=\"https:\/\/jessel.de\/365-tage-sylt\/wp-content\/uploads\/2019\/12\/C38BA4F9-69A4-4CC0-8559-D87A3F11B46A.jpeg 1067w, https:\/\/jessel.de\/365-tage-sylt\/wp-content\/uploads\/2019\/12\/C38BA4F9-69A4-4CC0-8559-D87A3F11B46A-300x225.jpeg 300w, https:\/\/jessel.de\/365-tage-sylt\/wp-content\/uploads\/2019\/12\/C38BA4F9-69A4-4CC0-8559-D87A3F11B46A-768x576.jpeg 768w, https:\/\/jessel.de\/365-tage-sylt\/wp-content\/uploads\/2019\/12\/C38BA4F9-69A4-4CC0-8559-D87A3F11B46A-1024x768.jpeg 1024w\" sizes=\"auto, (max-width: 1067px) 100vw, 1067px\" \/><\/p>\n<p>Alle Achtung! Und was macht der Autofokus, wenn ich durch eine Vorhangs-Folie knipse? Er l\u00e4sst sich nicht beirren:<br \/>\n<img loading=\"lazy\" decoding=\"async\" class=\"alignnone size-full wp-image-5752\" src=\"https:\/\/jessel.de\/365-tage-sylt\/wp-content\/uploads\/2019\/12\/5E66AA9D-00E2-4EB4-A207-491B0B77D163.jpeg\" alt=\"\" width=\"600\" height=\"800\" srcset=\"https:\/\/jessel.de\/365-tage-sylt\/wp-content\/uploads\/2019\/12\/5E66AA9D-00E2-4EB4-A207-491B0B77D163.jpeg 600w, https:\/\/jessel.de\/365-tage-sylt\/wp-content\/uploads\/2019\/12\/5E66AA9D-00E2-4EB4-A207-491B0B77D163-225x300.jpeg 225w\" sizes=\"auto, (max-width: 600px) 100vw, 600px\" \/><\/p>\n<p>Schnell noch mal r\u00fcber zum Westerl\u00e4nder Wintermarkt, der erst gestern er\u00f6ffnet wurde. In der beginnenden D\u00e4mmerung ergibt sich ein wunderbar durchgezeichnetes Bild&#8230;:<\/p>\n<p><img loading=\"lazy\" decoding=\"async\" class=\"alignnone size-full wp-image-5753\" src=\"https:\/\/jessel.de\/365-tage-sylt\/wp-content\/uploads\/2019\/12\/B916DDB3-7F98-4C96-8EDB-DE72F9E54B49.jpeg\" alt=\"\" width=\"1146\" height=\"800\" srcset=\"https:\/\/jessel.de\/365-tage-sylt\/wp-content\/uploads\/2019\/12\/B916DDB3-7F98-4C96-8EDB-DE72F9E54B49.jpeg 1146w, https:\/\/jessel.de\/365-tage-sylt\/wp-content\/uploads\/2019\/12\/B916DDB3-7F98-4C96-8EDB-DE72F9E54B49-300x209.jpeg 300w, https:\/\/jessel.de\/365-tage-sylt\/wp-content\/uploads\/2019\/12\/B916DDB3-7F98-4C96-8EDB-DE72F9E54B49-768x536.jpeg 768w, https:\/\/jessel.de\/365-tage-sylt\/wp-content\/uploads\/2019\/12\/B916DDB3-7F98-4C96-8EDB-DE72F9E54B49-1024x715.jpeg 1024w\" sizes=\"auto, (max-width: 1146px) 100vw, 1146px\" \/><\/p>\n<p>&#8230; und eine halbe Stunde sp\u00e4ter, ebenfalls aus freier Hand, kann ich (im Nachtmodus) \u00a0mal eben schnell dieses Bild machen, ohne das irgendjemand etwas davon mitbekommt:<\/p>\n<p><img loading=\"lazy\" decoding=\"async\" class=\"alignnone size-full wp-image-5754\" src=\"https:\/\/jessel.de\/365-tage-sylt\/wp-content\/uploads\/2019\/12\/4FE78250-C241-4515-AA1D-3A3FD0AB70E8.jpeg\" alt=\"\" width=\"1067\" height=\"800\" srcset=\"https:\/\/jessel.de\/365-tage-sylt\/wp-content\/uploads\/2019\/12\/4FE78250-C241-4515-AA1D-3A3FD0AB70E8.jpeg 1067w, https:\/\/jessel.de\/365-tage-sylt\/wp-content\/uploads\/2019\/12\/4FE78250-C241-4515-AA1D-3A3FD0AB70E8-300x225.jpeg 300w, https:\/\/jessel.de\/365-tage-sylt\/wp-content\/uploads\/2019\/12\/4FE78250-C241-4515-AA1D-3A3FD0AB70E8-768x576.jpeg 768w, https:\/\/jessel.de\/365-tage-sylt\/wp-content\/uploads\/2019\/12\/4FE78250-C241-4515-AA1D-3A3FD0AB70E8-1024x768.jpeg 1024w\" sizes=\"auto, (max-width: 1067px) 100vw, 1067px\" \/><\/p>\n<p>Fazit: Das Teil ist, besonders in der D\u00e4mmerung, selbst f\u00fcr professionelle Zwecke einsetzbar. Ein gewaltiger Leistungs-Fortschritt, der mir manchen Einsatz (besonders in der Street-Photography unter schwierigen Lichtbedingungen!) deutlich erleichtern wird. Bravo!<\/p>\n","protected":false},"excerpt":{"rendered":"<p>Die Fotos von Gran Canaria waren bereits mit meinem neuen Handy entstanden, das sich nun unter schwierigeren Lichtverh\u00e4ltnissen bew\u00e4hren soll &#8211; in der D\u00e4mmerung und bei starken Kontrasten n\u00e4mlich. Da haperte es gewaltig bei bisherigen Smartphones. Den Sonnenuntergang am Strand meistert es ohne Makel, und der Vollmond hinter den Reisenden Riesen auf dem Bahnhofsvorplatz, problemlos aus freier Hand aufgenommen, reisst zwar aus, aber ich habe ja noch nicht einmal den&hellip;<\/p>\n","protected":false},"author":2,"featured_media":5750,"comment_status":"open","ping_status":"open","sticky":false,"template":"","format":"standard","meta":{"footnotes":""},"categories":[27,37,48,3,4,26,2,7],"tags":[],"class_list":["post-5748","post","type-post","status-publish","format-standard","has-post-thumbnail","hentry","category-alle-bilder","category-buhne","category-herbst","category-menschen","category-spuren","category-strand","category-tourismus","category-westerland"],"jetpack_featured_media_url":"https:\/\/jessel.de\/365-tage-sylt\/wp-content\/uploads\/2019\/12\/C14ECDD1-4BEC-47CA-A632-F8C97B8FA4B8.jpeg","_links":{"self":[{"href":"https:\/\/jessel.de\/365-tage-sylt\/wp-json\/wp\/v2\/posts\/5748","targetHints":{"allow":["GET"]}}],"collection":[{"href":"https:\/\/jessel.de\/365-tage-sylt\/wp-json\/wp\/v2\/posts"}],"about":[{"href":"https:\/\/jessel.de\/365-tage-sylt\/wp-json\/wp\/v2\/types\/post"}],"author":[{"embeddable":true,"href":"https:\/\/jessel.de\/365-tage-sylt\/wp-json\/wp\/v2\/users\/2"}],"replies":[{"embeddable":true,"href":"https:\/\/jessel.de\/365-tage-sylt\/wp-json\/wp\/v2\/comments?post=5748"}],"version-history":[{"count":1,"href":"https:\/\/jessel.de\/365-tage-sylt\/wp-json\/wp\/v2\/posts\/5748\/revisions"}],"predecessor-version":[{"id":5755,"href":"https:\/\/jessel.de\/365-tage-sylt\/wp-json\/wp\/v2\/posts\/5748\/revisions\/5755"}],"wp:featuredmedia":[{"embeddable":true,"href":"https:\/\/jessel.de\/365-tage-sylt\/wp-json\/wp\/v2\/media\/5750"}],"wp:attachment":[{"href":"https:\/\/jessel.de\/365-tage-sylt\/wp-json\/wp\/v2\/media?parent=5748"}],"wp:term":[{"taxonomy":"category","embeddable":true,"href":"https:\/\/jessel.de\/365-tage-sylt\/wp-json\/wp\/v2\/categories?post=5748"},{"taxonomy":"post_tag","embeddable":true,"href":"https:\/\/jessel.de\/365-tage-sylt\/wp-json\/wp\/v2\/tags?post=5748"}],"curies":[{"name":"wp","href":"https:\/\/api.w.org\/{rel}","templated":true}]}}