{"id":5756,"date":"2019-12-16T10:10:45","date_gmt":"2019-12-16T10:10:45","guid":{"rendered":"https:\/\/jessel.de\/365-tage-sylt\/?p=5756"},"modified":"2019-12-16T10:10:45","modified_gmt":"2019-12-16T10:10:45","slug":"14-15-dezember-handy-haertetest","status":"publish","type":"post","link":"https:\/\/jessel.de\/365-tage-sylt\/14-15-dezember-handy-haertetest\/","title":{"rendered":"14.\/15. Dezember: Handy-H\u00e4rtetest"},"content":{"rendered":"<p>St\u00fcrmisches Wetter mit Graupelschauern beim traditionellen Flensburger Adventslauf. Kurz vorm Start beginnt ein Graupelschauer der erfrischenden Art. Schwerste Bedingungen f\u00fcr L\u00e4ufer, Fotografen &#8211; und mein neues Smartphone, das heute beweisen soll, ob auch k\u00fcrzeste Belichtungszeiten unter \u00fcblen Bedingungen zu akzeptablen Bildern f\u00fchren&#8230; der Start ist schon mal gelungen, aber es ist schwierig, die Linse(n) vorm Regen zu sch\u00fctzen. Ein Tropfen gen\u00fcgt, um ein Unterwasserbild zu erzeugen. Gut, dass ich genug Zewa dabei habe&#8230;<\/p>\n<p>Der Spitzenl\u00e4ufer ist mit fast 20 km\/h unterwegs &#8211; und die herangezoomte Aufnahme zeigt ihn messerscharf, obwohl die Fokussierung etwas \u00dcbung verlangt:<\/p>\n<p><img loading=\"lazy\" decoding=\"async\" class=\"alignnone size-full wp-image-5762\" src=\"https:\/\/jessel.de\/365-tage-sylt\/wp-content\/uploads\/2019\/12\/F5FFEE26-1229-4FEF-9A52-AB418B30F4AD.jpeg\" alt=\"\" width=\"1438\" height=\"800\" srcset=\"https:\/\/jessel.de\/365-tage-sylt\/wp-content\/uploads\/2019\/12\/F5FFEE26-1229-4FEF-9A52-AB418B30F4AD.jpeg 1438w, https:\/\/jessel.de\/365-tage-sylt\/wp-content\/uploads\/2019\/12\/F5FFEE26-1229-4FEF-9A52-AB418B30F4AD-300x167.jpeg 300w, https:\/\/jessel.de\/365-tage-sylt\/wp-content\/uploads\/2019\/12\/F5FFEE26-1229-4FEF-9A52-AB418B30F4AD-768x427.jpeg 768w, https:\/\/jessel.de\/365-tage-sylt\/wp-content\/uploads\/2019\/12\/F5FFEE26-1229-4FEF-9A52-AB418B30F4AD-1024x570.jpeg 1024w\" sizes=\"auto, (max-width: 1438px) 100vw, 1438px\" \/><\/p>\n<p>F\u00fcr das Einfangen des strahlenden Lachens der Siegerin, im Foto beim TV-Interview, reicht es allemal.<\/p>\n<p><img loading=\"lazy\" decoding=\"async\" class=\"alignnone size-full wp-image-5763\" src=\"https:\/\/jessel.de\/365-tage-sylt\/wp-content\/uploads\/2019\/12\/5E0EA351-AF40-46BD-8632-F2178D4DC95C.jpeg\" alt=\"\" width=\"600\" height=\"800\" srcset=\"https:\/\/jessel.de\/365-tage-sylt\/wp-content\/uploads\/2019\/12\/5E0EA351-AF40-46BD-8632-F2178D4DC95C.jpeg 600w, https:\/\/jessel.de\/365-tage-sylt\/wp-content\/uploads\/2019\/12\/5E0EA351-AF40-46BD-8632-F2178D4DC95C-225x300.jpeg 225w\" sizes=\"auto, (max-width: 600px) 100vw, 600px\" \/><\/p>\n<p>Nun noch eine Nachtwanderung: Vom Bahnhof FELDE aus steige ich zur D\u00e4mmerung in die Eiderniederungen und komme gegen 17:30 Uhr an den Fielmann\u02cbschen Brillenschafen (die hei\u00dfen echt so!) vorbei. Es ist stockfinster, auf dem Display sehe ich nur noch ein Fitzelchen vom hellen Himmel &#8211; Kiels n\u00e4chtliche Lichtglocke. Ich ziele auf die Schafe, dr\u00fccke freih\u00e4ndig auf den Ausl\u00f6ser, worauf mir das Handy empfiehlt, noch ein\/zwei Sekunden ruhig stehen zu bleiben&#8230; das Ergebnis seht Ihr hier:<\/p>\n<p><img loading=\"lazy\" decoding=\"async\" class=\"alignnone size-full wp-image-5757\" src=\"https:\/\/jessel.de\/365-tage-sylt\/wp-content\/uploads\/2019\/12\/74203E77-34B3-479B-93E5-B270AC1CD26C.jpeg\" alt=\"\" width=\"1231\" height=\"800\" srcset=\"https:\/\/jessel.de\/365-tage-sylt\/wp-content\/uploads\/2019\/12\/74203E77-34B3-479B-93E5-B270AC1CD26C.jpeg 1231w, https:\/\/jessel.de\/365-tage-sylt\/wp-content\/uploads\/2019\/12\/74203E77-34B3-479B-93E5-B270AC1CD26C-300x195.jpeg 300w, https:\/\/jessel.de\/365-tage-sylt\/wp-content\/uploads\/2019\/12\/74203E77-34B3-479B-93E5-B270AC1CD26C-768x499.jpeg 768w, https:\/\/jessel.de\/365-tage-sylt\/wp-content\/uploads\/2019\/12\/74203E77-34B3-479B-93E5-B270AC1CD26C-1024x665.jpeg 1024w\" sizes=\"auto, (max-width: 1231px) 100vw, 1231px\" \/><\/p>\n<p>DAS ist unglaublich. Wie ein Nachtsichtger\u00e4t. Ich fass\u02cb es nicht!<\/p>\n<p>Noch sp\u00e4ter quere ich abermals die Eider:<\/p>\n<p><img loading=\"lazy\" decoding=\"async\" class=\"alignnone size-full wp-image-5758\" src=\"https:\/\/jessel.de\/365-tage-sylt\/wp-content\/uploads\/2019\/12\/FF3A5704-0AB5-432E-B397-EF2F2F1A9C78.jpeg\" alt=\"\" width=\"1067\" height=\"800\" srcset=\"https:\/\/jessel.de\/365-tage-sylt\/wp-content\/uploads\/2019\/12\/FF3A5704-0AB5-432E-B397-EF2F2F1A9C78.jpeg 1067w, https:\/\/jessel.de\/365-tage-sylt\/wp-content\/uploads\/2019\/12\/FF3A5704-0AB5-432E-B397-EF2F2F1A9C78-300x225.jpeg 300w, https:\/\/jessel.de\/365-tage-sylt\/wp-content\/uploads\/2019\/12\/FF3A5704-0AB5-432E-B397-EF2F2F1A9C78-768x576.jpeg 768w, https:\/\/jessel.de\/365-tage-sylt\/wp-content\/uploads\/2019\/12\/FF3A5704-0AB5-432E-B397-EF2F2F1A9C78-1024x768.jpeg 1024w\" sizes=\"auto, (max-width: 1067px) 100vw, 1067px\" \/><\/p>\n<p>&#8230; wandere im Anschluss durch ein stockfinsteres Dorf, von einer Laterne festlich erhellt&#8230;:<\/p>\n<p><img loading=\"lazy\" decoding=\"async\" class=\"alignnone size-full wp-image-5759\" src=\"https:\/\/jessel.de\/365-tage-sylt\/wp-content\/uploads\/2019\/12\/68A2B17D-E640-419B-B8D5-C2515498588B.jpeg\" alt=\"\" width=\"1067\" height=\"800\" srcset=\"https:\/\/jessel.de\/365-tage-sylt\/wp-content\/uploads\/2019\/12\/68A2B17D-E640-419B-B8D5-C2515498588B.jpeg 1067w, https:\/\/jessel.de\/365-tage-sylt\/wp-content\/uploads\/2019\/12\/68A2B17D-E640-419B-B8D5-C2515498588B-300x225.jpeg 300w, https:\/\/jessel.de\/365-tage-sylt\/wp-content\/uploads\/2019\/12\/68A2B17D-E640-419B-B8D5-C2515498588B-768x576.jpeg 768w, https:\/\/jessel.de\/365-tage-sylt\/wp-content\/uploads\/2019\/12\/68A2B17D-E640-419B-B8D5-C2515498588B-1024x768.jpeg 1024w\" sizes=\"auto, (max-width: 1067px) 100vw, 1067px\" \/><\/p>\n<p>&#8230; und erreiche mein Ziel kurz vor 18 Uhr:<\/p>\n<p><img loading=\"lazy\" decoding=\"async\" class=\"alignnone size-full wp-image-5760\" src=\"https:\/\/jessel.de\/365-tage-sylt\/wp-content\/uploads\/2019\/12\/282EF98B-865E-40D5-B6B7-5C05A7D93F6B.jpeg\" alt=\"\" width=\"1067\" height=\"800\" srcset=\"https:\/\/jessel.de\/365-tage-sylt\/wp-content\/uploads\/2019\/12\/282EF98B-865E-40D5-B6B7-5C05A7D93F6B.jpeg 1067w, https:\/\/jessel.de\/365-tage-sylt\/wp-content\/uploads\/2019\/12\/282EF98B-865E-40D5-B6B7-5C05A7D93F6B-300x225.jpeg 300w, https:\/\/jessel.de\/365-tage-sylt\/wp-content\/uploads\/2019\/12\/282EF98B-865E-40D5-B6B7-5C05A7D93F6B-768x576.jpeg 768w, https:\/\/jessel.de\/365-tage-sylt\/wp-content\/uploads\/2019\/12\/282EF98B-865E-40D5-B6B7-5C05A7D93F6B-1024x768.jpeg 1024w\" sizes=\"auto, (max-width: 1067px) 100vw, 1067px\" \/><\/p>\n<p>Gro\u00dfartige Vorstellung, liebes Handy. Wir werden gut zusammenarbeiten!<\/p>\n","protected":false},"excerpt":{"rendered":"<p>St\u00fcrmisches Wetter mit Graupelschauern beim traditionellen Flensburger Adventslauf. Kurz vorm Start beginnt ein Graupelschauer der erfrischenden Art. Schwerste Bedingungen f\u00fcr L\u00e4ufer, Fotografen &#8211; und mein neues Smartphone, das heute beweisen soll, ob auch k\u00fcrzeste Belichtungszeiten unter \u00fcblen Bedingungen zu akzeptablen Bildern f\u00fchren&#8230; der Start ist schon mal gelungen, aber es ist schwierig, die Linse(n) vorm Regen zu sch\u00fctzen. Ein Tropfen gen\u00fcgt, um ein Unterwasserbild zu erzeugen. Gut, dass ich genug&hellip;<\/p>\n","protected":false},"author":2,"featured_media":5761,"comment_status":"open","ping_status":"open","sticky":false,"template":"","format":"standard","meta":{"footnotes":""},"categories":[27,39,48,3,35,49,30,33],"tags":[],"class_list":["post-5756","post","type-post","status-publish","format-standard","has-post-thumbnail","hentry","category-alle-bilder","category-arbeit","category-herbst","category-menschen","category-schlechtes-wetter","category-sturm","category-tradition","category-woanders"],"jetpack_featured_media_url":"https:\/\/jessel.de\/365-tage-sylt\/wp-content\/uploads\/2019\/12\/E16B355E-0F13-4576-9CCE-1A3740D6CF61.jpeg","_links":{"self":[{"href":"https:\/\/jessel.de\/365-tage-sylt\/wp-json\/wp\/v2\/posts\/5756","targetHints":{"allow":["GET"]}}],"collection":[{"href":"https:\/\/jessel.de\/365-tage-sylt\/wp-json\/wp\/v2\/posts"}],"about":[{"href":"https:\/\/jessel.de\/365-tage-sylt\/wp-json\/wp\/v2\/types\/post"}],"author":[{"embeddable":true,"href":"https:\/\/jessel.de\/365-tage-sylt\/wp-json\/wp\/v2\/users\/2"}],"replies":[{"embeddable":true,"href":"https:\/\/jessel.de\/365-tage-sylt\/wp-json\/wp\/v2\/comments?post=5756"}],"version-history":[{"count":1,"href":"https:\/\/jessel.de\/365-tage-sylt\/wp-json\/wp\/v2\/posts\/5756\/revisions"}],"predecessor-version":[{"id":5764,"href":"https:\/\/jessel.de\/365-tage-sylt\/wp-json\/wp\/v2\/posts\/5756\/revisions\/5764"}],"wp:featuredmedia":[{"embeddable":true,"href":"https:\/\/jessel.de\/365-tage-sylt\/wp-json\/wp\/v2\/media\/5761"}],"wp:attachment":[{"href":"https:\/\/jessel.de\/365-tage-sylt\/wp-json\/wp\/v2\/media?parent=5756"}],"wp:term":[{"taxonomy":"category","embeddable":true,"href":"https:\/\/jessel.de\/365-tage-sylt\/wp-json\/wp\/v2\/categories?post=5756"},{"taxonomy":"post_tag","embeddable":true,"href":"https:\/\/jessel.de\/365-tage-sylt\/wp-json\/wp\/v2\/tags?post=5756"}],"curies":[{"name":"wp","href":"https:\/\/api.w.org\/{rel}","templated":true}]}}