{"id":5783,"date":"2020-01-04T17:08:07","date_gmt":"2020-01-04T17:08:07","guid":{"rendered":"https:\/\/jessel.de\/365-tage-sylt\/?p=5783"},"modified":"2020-01-04T17:08:07","modified_gmt":"2020-01-04T17:08:07","slug":"4-januar-ein-grossartiges-fotojahr-beginnt","status":"publish","type":"post","link":"https:\/\/jessel.de\/365-tage-sylt\/4-januar-ein-grossartiges-fotojahr-beginnt\/","title":{"rendered":"4. Januar: Ein gro\u00dfartiges Fotojahr beginnt"},"content":{"rendered":"<p>Ein st\u00fcrmischer Morgen reisst mich aus der Jahresanfangs-Lethargie. Schon gegen 11 Uhr zeigen sich die ersten Sonnenstrahlen, leider mit etwas konturlosem Gew\u00f6lk drumherum. Als sich das gegen 13 Uhr \u00e4ndert, bin ich bereits unterwegs. Am Lister Strand hat die Flut gerade beginnen, und der stramme Nordnordwestwind dr\u00fcckt die Wassermassen schnell \u00fcber die Sandb\u00e4nke.<\/p>\n<p>Nur wenige Menschen sind unterwegs, daf\u00fcr umso mehr M\u00f6wen:<\/p>\n<p><img loading=\"lazy\" decoding=\"async\" class=\"alignnone size-full wp-image-5785\" src=\"https:\/\/jessel.de\/365-tage-sylt\/wp-content\/uploads\/2020\/01\/D2A9F5B2-5A1D-46F7-BBD4-B877AD728774.jpeg\" alt=\"\" width=\"1641\" height=\"800\" srcset=\"https:\/\/jessel.de\/365-tage-sylt\/wp-content\/uploads\/2020\/01\/D2A9F5B2-5A1D-46F7-BBD4-B877AD728774.jpeg 1641w, https:\/\/jessel.de\/365-tage-sylt\/wp-content\/uploads\/2020\/01\/D2A9F5B2-5A1D-46F7-BBD4-B877AD728774-300x146.jpeg 300w, https:\/\/jessel.de\/365-tage-sylt\/wp-content\/uploads\/2020\/01\/D2A9F5B2-5A1D-46F7-BBD4-B877AD728774-768x374.jpeg 768w, https:\/\/jessel.de\/365-tage-sylt\/wp-content\/uploads\/2020\/01\/D2A9F5B2-5A1D-46F7-BBD4-B877AD728774-1024x499.jpeg 1024w\" sizes=\"auto, (max-width: 1641px) 100vw, 1641px\" \/><\/p>\n<p>Logo, die freuen sich auf fette Beute, frisch vom Meeresboden hoch gew\u00fchlt. Schaumflug vom Feinsten:<\/p>\n<p><img loading=\"lazy\" decoding=\"async\" class=\"alignnone size-full wp-image-5787\" src=\"https:\/\/jessel.de\/365-tage-sylt\/wp-content\/uploads\/2020\/01\/137F7B3C-A8FC-4442-AC0C-9F0DC81E256B.jpeg\" alt=\"\" width=\"1202\" height=\"800\" srcset=\"https:\/\/jessel.de\/365-tage-sylt\/wp-content\/uploads\/2020\/01\/137F7B3C-A8FC-4442-AC0C-9F0DC81E256B.jpeg 1202w, https:\/\/jessel.de\/365-tage-sylt\/wp-content\/uploads\/2020\/01\/137F7B3C-A8FC-4442-AC0C-9F0DC81E256B-300x200.jpeg 300w, https:\/\/jessel.de\/365-tage-sylt\/wp-content\/uploads\/2020\/01\/137F7B3C-A8FC-4442-AC0C-9F0DC81E256B-768x511.jpeg 768w, https:\/\/jessel.de\/365-tage-sylt\/wp-content\/uploads\/2020\/01\/137F7B3C-A8FC-4442-AC0C-9F0DC81E256B-1024x682.jpeg 1024w\" sizes=\"auto, (max-width: 1202px) 100vw, 1202px\" \/><\/p>\n<p>Die Luft ist einfach nur mega. Ein wunderbarer Start ins Neue Jahr. Es spricht einiges daf\u00fcr, dass es fotografisch erfolgreich wird. Meine Motivation ist allerbest&#8230;:<\/p>\n<p><img loading=\"lazy\" decoding=\"async\" class=\"alignnone size-full wp-image-5784\" src=\"https:\/\/jessel.de\/365-tage-sylt\/wp-content\/uploads\/2020\/01\/7757C8E8-6AEB-489B-A73A-4BD300762CDC.jpeg\" alt=\"\" width=\"1285\" height=\"800\" srcset=\"https:\/\/jessel.de\/365-tage-sylt\/wp-content\/uploads\/2020\/01\/7757C8E8-6AEB-489B-A73A-4BD300762CDC.jpeg 1285w, https:\/\/jessel.de\/365-tage-sylt\/wp-content\/uploads\/2020\/01\/7757C8E8-6AEB-489B-A73A-4BD300762CDC-300x187.jpeg 300w, https:\/\/jessel.de\/365-tage-sylt\/wp-content\/uploads\/2020\/01\/7757C8E8-6AEB-489B-A73A-4BD300762CDC-768x478.jpeg 768w, https:\/\/jessel.de\/365-tage-sylt\/wp-content\/uploads\/2020\/01\/7757C8E8-6AEB-489B-A73A-4BD300762CDC-1024x638.jpeg 1024w\" sizes=\"auto, (max-width: 1285px) 100vw, 1285px\" \/><\/p>\n","protected":false},"excerpt":{"rendered":"<p>Ein st\u00fcrmischer Morgen reisst mich aus der Jahresanfangs-Lethargie. Schon gegen 11 Uhr zeigen sich die ersten Sonnenstrahlen, leider mit etwas konturlosem Gew\u00f6lk drumherum. Als sich das gegen 13 Uhr \u00e4ndert, bin ich bereits unterwegs. Am Lister Strand hat die Flut gerade beginnen, und der stramme Nordnordwestwind dr\u00fcckt die Wassermassen schnell \u00fcber die Sandb\u00e4nke. Nur wenige Menschen sind unterwegs, daf\u00fcr umso mehr M\u00f6wen: Logo, die freuen sich auf fette Beute, frisch&hellip;<\/p>\n","protected":false},"author":2,"featured_media":5786,"comment_status":"open","ping_status":"open","sticky":false,"template":"","format":"standard","meta":{"footnotes":""},"categories":[27,24,28,25,3,4,26,49,2,23],"tags":[],"class_list":["post-5783","post","type-post","status-publish","format-standard","has-post-thumbnail","hentry","category-alle-bilder","category-duenen","category-haeuser","category-kampen","category-menschen","category-spuren","category-strand","category-sturm","category-tourismus","category-winter"],"jetpack_featured_media_url":"https:\/\/jessel.de\/365-tage-sylt\/wp-content\/uploads\/2020\/01\/93149263-0C35-4D2B-9B5E-259AC2B66D8A.jpeg","_links":{"self":[{"href":"https:\/\/jessel.de\/365-tage-sylt\/wp-json\/wp\/v2\/posts\/5783","targetHints":{"allow":["GET"]}}],"collection":[{"href":"https:\/\/jessel.de\/365-tage-sylt\/wp-json\/wp\/v2\/posts"}],"about":[{"href":"https:\/\/jessel.de\/365-tage-sylt\/wp-json\/wp\/v2\/types\/post"}],"author":[{"embeddable":true,"href":"https:\/\/jessel.de\/365-tage-sylt\/wp-json\/wp\/v2\/users\/2"}],"replies":[{"embeddable":true,"href":"https:\/\/jessel.de\/365-tage-sylt\/wp-json\/wp\/v2\/comments?post=5783"}],"version-history":[{"count":1,"href":"https:\/\/jessel.de\/365-tage-sylt\/wp-json\/wp\/v2\/posts\/5783\/revisions"}],"predecessor-version":[{"id":5788,"href":"https:\/\/jessel.de\/365-tage-sylt\/wp-json\/wp\/v2\/posts\/5783\/revisions\/5788"}],"wp:featuredmedia":[{"embeddable":true,"href":"https:\/\/jessel.de\/365-tage-sylt\/wp-json\/wp\/v2\/media\/5786"}],"wp:attachment":[{"href":"https:\/\/jessel.de\/365-tage-sylt\/wp-json\/wp\/v2\/media?parent=5783"}],"wp:term":[{"taxonomy":"category","embeddable":true,"href":"https:\/\/jessel.de\/365-tage-sylt\/wp-json\/wp\/v2\/categories?post=5783"},{"taxonomy":"post_tag","embeddable":true,"href":"https:\/\/jessel.de\/365-tage-sylt\/wp-json\/wp\/v2\/tags?post=5783"}],"curies":[{"name":"wp","href":"https:\/\/api.w.org\/{rel}","templated":true}]}}