{"id":5789,"date":"2020-01-08T06:33:06","date_gmt":"2020-01-08T06:33:06","guid":{"rendered":"https:\/\/jessel.de\/365-tage-sylt\/?p=5789"},"modified":"2020-01-08T06:34:44","modified_gmt":"2020-01-08T06:34:44","slug":"7-januar-paare-am-meer","status":"publish","type":"post","link":"https:\/\/jessel.de\/365-tage-sylt\/7-januar-paare-am-meer\/","title":{"rendered":"7. Januar: Paare am Meer"},"content":{"rendered":"<p>Der Westerl\u00e4nder Verkehrsstau am zur\u00fcckliegenden Wochenende zeugte zwar von heftigen Jahreswende-Urlauber-Abreise-Aktivit\u00e4ten&#8230; aber Restbest\u00e4nde dieser Spezies sind immer noch da. Beim vormitt\u00e4glichen Location-Spaziergang auf dem Roten Kliff sehe ich \u00fcberall Leute rumhuschen &#8211; stets in Paarform:<\/p>\n<p><img loading=\"lazy\" decoding=\"async\" class=\"alignnone size-full wp-image-5791\" src=\"https:\/\/jessel.de\/365-tage-sylt\/wp-content\/uploads\/2020\/01\/C11F77D0-F5E6-4F55-A952-C01D4948EC8A.jpeg\" alt=\"\" width=\"1202\" height=\"800\" srcset=\"https:\/\/jessel.de\/365-tage-sylt\/wp-content\/uploads\/2020\/01\/C11F77D0-F5E6-4F55-A952-C01D4948EC8A.jpeg 1202w, https:\/\/jessel.de\/365-tage-sylt\/wp-content\/uploads\/2020\/01\/C11F77D0-F5E6-4F55-A952-C01D4948EC8A-300x200.jpeg 300w, https:\/\/jessel.de\/365-tage-sylt\/wp-content\/uploads\/2020\/01\/C11F77D0-F5E6-4F55-A952-C01D4948EC8A-768x511.jpeg 768w, https:\/\/jessel.de\/365-tage-sylt\/wp-content\/uploads\/2020\/01\/C11F77D0-F5E6-4F55-A952-C01D4948EC8A-1024x682.jpeg 1024w\" sizes=\"auto, (max-width: 1202px) 100vw, 1202px\" \/><\/p>\n<p>&#8230; und auch nachmittags am Rantumer Strand &#8211; das gleiche Bild:<\/p>\n<p><img loading=\"lazy\" decoding=\"async\" class=\"alignnone size-full wp-image-5792\" src=\"https:\/\/jessel.de\/365-tage-sylt\/wp-content\/uploads\/2020\/01\/9466C23C-C177-4089-B41E-7AF487F66C1D.jpeg\" alt=\"\" width=\"1204\" height=\"800\" srcset=\"https:\/\/jessel.de\/365-tage-sylt\/wp-content\/uploads\/2020\/01\/9466C23C-C177-4089-B41E-7AF487F66C1D.jpeg 1204w, https:\/\/jessel.de\/365-tage-sylt\/wp-content\/uploads\/2020\/01\/9466C23C-C177-4089-B41E-7AF487F66C1D-300x199.jpeg 300w, https:\/\/jessel.de\/365-tage-sylt\/wp-content\/uploads\/2020\/01\/9466C23C-C177-4089-B41E-7AF487F66C1D-768x510.jpeg 768w, https:\/\/jessel.de\/365-tage-sylt\/wp-content\/uploads\/2020\/01\/9466C23C-C177-4089-B41E-7AF487F66C1D-1024x680.jpeg 1024w\" sizes=\"auto, (max-width: 1204px) 100vw, 1204px\" \/><\/p>\n<p>Irgendwie muss ich auch damit zurecht kommen.<\/p>\n<p><img loading=\"lazy\" decoding=\"async\" class=\"alignnone size-full wp-image-5793\" src=\"https:\/\/jessel.de\/365-tage-sylt\/wp-content\/uploads\/2020\/01\/656AE1A2-034D-4989-9B56-14A50FA290C8.jpeg\" alt=\"\" width=\"1350\" height=\"800\" srcset=\"https:\/\/jessel.de\/365-tage-sylt\/wp-content\/uploads\/2020\/01\/656AE1A2-034D-4989-9B56-14A50FA290C8.jpeg 1350w, https:\/\/jessel.de\/365-tage-sylt\/wp-content\/uploads\/2020\/01\/656AE1A2-034D-4989-9B56-14A50FA290C8-300x178.jpeg 300w, https:\/\/jessel.de\/365-tage-sylt\/wp-content\/uploads\/2020\/01\/656AE1A2-034D-4989-9B56-14A50FA290C8-768x455.jpeg 768w, https:\/\/jessel.de\/365-tage-sylt\/wp-content\/uploads\/2020\/01\/656AE1A2-034D-4989-9B56-14A50FA290C8-1024x607.jpeg 1024w\" sizes=\"auto, (max-width: 1350px) 100vw, 1350px\" \/><\/p>\n","protected":false},"excerpt":{"rendered":"<p>Der Westerl\u00e4nder Verkehrsstau am zur\u00fcckliegenden Wochenende zeugte zwar von heftigen Jahreswende-Urlauber-Abreise-Aktivit\u00e4ten&#8230; aber Restbest\u00e4nde dieser Spezies sind immer noch da. Beim vormitt\u00e4glichen Location-Spaziergang auf dem Roten Kliff sehe ich \u00fcberall Leute rumhuschen &#8211; stets in Paarform: &#8230; und auch nachmittags am Rantumer Strand &#8211; das gleiche Bild: Irgendwie muss ich auch damit zurecht kommen.<\/p>\n","protected":false},"author":2,"featured_media":5790,"comment_status":"open","ping_status":"open","sticky":false,"template":"","format":"standard","meta":{"footnotes":""},"categories":[27,24,25,3,44,26,2,23],"tags":[],"class_list":["post-5789","post","type-post","status-publish","format-standard","has-post-thumbnail","hentry","category-alle-bilder","category-duenen","category-kampen","category-menschen","category-pflanzen","category-strand","category-tourismus","category-winter"],"jetpack_featured_media_url":"https:\/\/jessel.de\/365-tage-sylt\/wp-content\/uploads\/2020\/01\/4B78BF8C-DD36-4622-8BE7-CF894DE48400.jpeg","_links":{"self":[{"href":"https:\/\/jessel.de\/365-tage-sylt\/wp-json\/wp\/v2\/posts\/5789","targetHints":{"allow":["GET"]}}],"collection":[{"href":"https:\/\/jessel.de\/365-tage-sylt\/wp-json\/wp\/v2\/posts"}],"about":[{"href":"https:\/\/jessel.de\/365-tage-sylt\/wp-json\/wp\/v2\/types\/post"}],"author":[{"embeddable":true,"href":"https:\/\/jessel.de\/365-tage-sylt\/wp-json\/wp\/v2\/users\/2"}],"replies":[{"embeddable":true,"href":"https:\/\/jessel.de\/365-tage-sylt\/wp-json\/wp\/v2\/comments?post=5789"}],"version-history":[{"count":3,"href":"https:\/\/jessel.de\/365-tage-sylt\/wp-json\/wp\/v2\/posts\/5789\/revisions"}],"predecessor-version":[{"id":5796,"href":"https:\/\/jessel.de\/365-tage-sylt\/wp-json\/wp\/v2\/posts\/5789\/revisions\/5796"}],"wp:featuredmedia":[{"embeddable":true,"href":"https:\/\/jessel.de\/365-tage-sylt\/wp-json\/wp\/v2\/media\/5790"}],"wp:attachment":[{"href":"https:\/\/jessel.de\/365-tage-sylt\/wp-json\/wp\/v2\/media?parent=5789"}],"wp:term":[{"taxonomy":"category","embeddable":true,"href":"https:\/\/jessel.de\/365-tage-sylt\/wp-json\/wp\/v2\/categories?post=5789"},{"taxonomy":"post_tag","embeddable":true,"href":"https:\/\/jessel.de\/365-tage-sylt\/wp-json\/wp\/v2\/tags?post=5789"}],"curies":[{"name":"wp","href":"https:\/\/api.w.org\/{rel}","templated":true}]}}