{"id":583,"date":"2017-04-02T15:55:08","date_gmt":"2017-04-02T15:55:08","guid":{"rendered":"http:\/\/jessel.de\/365-tage-sylt\/?p=583"},"modified":"2017-04-02T16:03:25","modified_gmt":"2017-04-02T16:03:25","slug":"butter-bei-die-fische","status":"publish","type":"post","link":"https:\/\/jessel.de\/365-tage-sylt\/butter-bei-die-fische\/","title":{"rendered":"Butter bei die Fische"},"content":{"rendered":"<p class=\"p1\"><span class=\"s1\">So, Freunde, hier nun die Aufl\u00f6sung: Ich war vom 23. M\u00e4rz bis gestern auf Fuerteventura&#8230; &#x1f609; Sozusagen zu einem versp\u00e4teten Winter-Urlaub.Hier sah ich die imagin\u00e4ren Palmen wedeln&#8230;:<\/span><\/p>\n<p class=\"p1\"><img loading=\"lazy\" decoding=\"async\" class=\"alignnone size-full wp-image-587\" src=\"http:\/\/jessel.de\/365-tage-sylt\/wp-content\/uploads\/2017\/04\/20170325_154500.jpg\" alt=\"\" width=\"1423\" height=\"800\" srcset=\"https:\/\/jessel.de\/365-tage-sylt\/wp-content\/uploads\/2017\/04\/20170325_154500.jpg 1423w, https:\/\/jessel.de\/365-tage-sylt\/wp-content\/uploads\/2017\/04\/20170325_154500-300x169.jpg 300w, https:\/\/jessel.de\/365-tage-sylt\/wp-content\/uploads\/2017\/04\/20170325_154500-768x432.jpg 768w, https:\/\/jessel.de\/365-tage-sylt\/wp-content\/uploads\/2017\/04\/20170325_154500-1024x576.jpg 1024w\" sizes=\"auto, (max-width: 1423px) 100vw, 1423px\" \/><\/p>\n<p class=\"p1\"><span class=\"s1\">Den Blog habe ich in diesem Zeitraum gef\u00fcttert mit Fotos, die ich in den beiden Wochen vorm Abflug machen konnte. Infos \u00fcbers Wetter kamen von Freunden, ebenso diverse Nebel-Fotos. Danke daf\u00fcr! Ich war unterdes jeden Morgen bei Sonnenaufgang im Ozean:<\/span><\/p>\n<p class=\"p1\"><img loading=\"lazy\" decoding=\"async\" class=\"alignnone size-full wp-image-588\" src=\"http:\/\/jessel.de\/365-tage-sylt\/wp-content\/uploads\/2017\/04\/20170326_075320.jpg\" alt=\"\" width=\"1422\" height=\"800\" srcset=\"https:\/\/jessel.de\/365-tage-sylt\/wp-content\/uploads\/2017\/04\/20170326_075320.jpg 1422w, https:\/\/jessel.de\/365-tage-sylt\/wp-content\/uploads\/2017\/04\/20170326_075320-300x169.jpg 300w, https:\/\/jessel.de\/365-tage-sylt\/wp-content\/uploads\/2017\/04\/20170326_075320-768x432.jpg 768w, https:\/\/jessel.de\/365-tage-sylt\/wp-content\/uploads\/2017\/04\/20170326_075320-1024x576.jpg 1024w\" sizes=\"auto, (max-width: 1422px) 100vw, 1422px\" \/><\/p>\n<p class=\"p1\"><span class=\"s1\">Ich denke aber, bei meinen n\u00e4chsten Insel-Fluchten werde ich mich diesem Blog-Stress nicht wieder aussetzen. Entweder es gibt dann ne Pause, oder ich berichte von der dann anstehenden Tour &#8211; oder ich finde jemanden, der den Blog w\u00e4hrend meiner Abwesenheit weiter f\u00fcttert. Makuckn.<\/span><\/p>\n<p class=\"p1\">Freunde von der Insel (also von Sylt) wurden nat\u00fcrlich auch besucht &#8211; in Lajares:<\/p>\n<p class=\"p1\"><img loading=\"lazy\" decoding=\"async\" class=\"alignnone size-full wp-image-589\" src=\"http:\/\/jessel.de\/365-tage-sylt\/wp-content\/uploads\/2017\/04\/20170329_132907.jpg\" alt=\"\" width=\"1423\" height=\"800\" srcset=\"https:\/\/jessel.de\/365-tage-sylt\/wp-content\/uploads\/2017\/04\/20170329_132907.jpg 1423w, https:\/\/jessel.de\/365-tage-sylt\/wp-content\/uploads\/2017\/04\/20170329_132907-300x169.jpg 300w, https:\/\/jessel.de\/365-tage-sylt\/wp-content\/uploads\/2017\/04\/20170329_132907-768x432.jpg 768w, https:\/\/jessel.de\/365-tage-sylt\/wp-content\/uploads\/2017\/04\/20170329_132907-1024x576.jpg 1024w\" sizes=\"auto, (max-width: 1423px) 100vw, 1423px\" \/><\/p>\n<p class=\"p1\"><span class=\"s1\">Nun sitze ich im Zug von Hamburg nach Westerland, die Sonne blinkt in den etwas ausgeleierten 70er Jahre-Waggon, und ich staune, welche Fortschritte die Natur in diesem kurzen Zeitraum gemacht hat. Auch die Temperaturen riechen f\u00f6rmlich nach Fr\u00fchling, herrlich! Kann mir noch gar nicht vorstellen, ohne Handschuhe Fahrrad zu fahren&#8230;<\/span><\/p>\n<p class=\"p1\">Und so sah das Foto von vorgestern mit Hintergrund aus&#8230;:<\/p>\n<p class=\"p1\"><img loading=\"lazy\" decoding=\"async\" class=\"alignnone size-full wp-image-590\" src=\"http:\/\/jessel.de\/365-tage-sylt\/wp-content\/uploads\/2017\/04\/20170331_102508.jpg\" alt=\"\" width=\"534\" height=\"800\" srcset=\"https:\/\/jessel.de\/365-tage-sylt\/wp-content\/uploads\/2017\/04\/20170331_102508.jpg 534w, https:\/\/jessel.de\/365-tage-sylt\/wp-content\/uploads\/2017\/04\/20170331_102508-200x300.jpg 200w\" sizes=\"auto, (max-width: 534px) 100vw, 534px\" \/><\/p>\n","protected":false},"excerpt":{"rendered":"<p>So, Freunde, hier nun die Aufl\u00f6sung: Ich war vom 23. M\u00e4rz bis gestern auf Fuerteventura&#8230; &#x1f609; Sozusagen zu einem versp\u00e4teten Winter-Urlaub.Hier sah ich die imagin\u00e4ren Palmen wedeln&#8230;: Den Blog habe ich in diesem Zeitraum gef\u00fcttert mit Fotos, die ich in den beiden Wochen vorm Abflug machen konnte. Infos \u00fcbers Wetter kamen von Freunden, ebenso diverse Nebel-Fotos. Danke daf\u00fcr! Ich war unterdes jeden Morgen bei Sonnenaufgang im Ozean: Ich denke aber,&hellip;<\/p>\n","protected":false},"author":2,"featured_media":584,"comment_status":"open","ping_status":"open","sticky":false,"template":"","format":"standard","meta":{"footnotes":""},"categories":[27,33],"tags":[],"class_list":["post-583","post","type-post","status-publish","format-standard","has-post-thumbnail","hentry","category-alle-bilder","category-woanders"],"jetpack_featured_media_url":"https:\/\/jessel.de\/365-tage-sylt\/wp-content\/uploads\/2017\/04\/20170328_170733.jpg","_links":{"self":[{"href":"https:\/\/jessel.de\/365-tage-sylt\/wp-json\/wp\/v2\/posts\/583","targetHints":{"allow":["GET"]}}],"collection":[{"href":"https:\/\/jessel.de\/365-tage-sylt\/wp-json\/wp\/v2\/posts"}],"about":[{"href":"https:\/\/jessel.de\/365-tage-sylt\/wp-json\/wp\/v2\/types\/post"}],"author":[{"embeddable":true,"href":"https:\/\/jessel.de\/365-tage-sylt\/wp-json\/wp\/v2\/users\/2"}],"replies":[{"embeddable":true,"href":"https:\/\/jessel.de\/365-tage-sylt\/wp-json\/wp\/v2\/comments?post=583"}],"version-history":[{"count":3,"href":"https:\/\/jessel.de\/365-tage-sylt\/wp-json\/wp\/v2\/posts\/583\/revisions"}],"predecessor-version":[{"id":591,"href":"https:\/\/jessel.de\/365-tage-sylt\/wp-json\/wp\/v2\/posts\/583\/revisions\/591"}],"wp:featuredmedia":[{"embeddable":true,"href":"https:\/\/jessel.de\/365-tage-sylt\/wp-json\/wp\/v2\/media\/584"}],"wp:attachment":[{"href":"https:\/\/jessel.de\/365-tage-sylt\/wp-json\/wp\/v2\/media?parent=583"}],"wp:term":[{"taxonomy":"category","embeddable":true,"href":"https:\/\/jessel.de\/365-tage-sylt\/wp-json\/wp\/v2\/categories?post=583"},{"taxonomy":"post_tag","embeddable":true,"href":"https:\/\/jessel.de\/365-tage-sylt\/wp-json\/wp\/v2\/tags?post=583"}],"curies":[{"name":"wp","href":"https:\/\/api.w.org\/{rel}","templated":true}]}}