{"id":592,"date":"2017-04-03T19:50:08","date_gmt":"2017-04-03T19:50:08","guid":{"rendered":"http:\/\/jessel.de\/365-tage-sylt\/?p=592"},"modified":"2017-04-03T20:03:18","modified_gmt":"2017-04-03T20:03:18","slug":"rotes-kliff-rauf-und-runter","status":"publish","type":"post","link":"https:\/\/jessel.de\/365-tage-sylt\/rotes-kliff-rauf-und-runter\/","title":{"rendered":"Rotes Kliff rauf und runter"},"content":{"rendered":"<p>Um 5 Uhr ist bereits gewaltiger Rabatz im Garten&#8230; die Vogelwelt k\u00fcndigt einen zauberhaften Tag an. Viel Sonne, wenig Wind, aber zwischen 10 und 15 Uhr wieder Seenebel. Bald nach 16 Uhr breche ich auf zu einer Rotes Kliff-Expedition:<\/p>\n<p><img loading=\"lazy\" decoding=\"async\" class=\"alignnone size-full wp-image-596\" src=\"http:\/\/jessel.de\/365-tage-sylt\/wp-content\/uploads\/2017\/04\/L1003250.jpg\" alt=\"\" width=\"1203\" height=\"800\" srcset=\"https:\/\/jessel.de\/365-tage-sylt\/wp-content\/uploads\/2017\/04\/L1003250.jpg 1203w, https:\/\/jessel.de\/365-tage-sylt\/wp-content\/uploads\/2017\/04\/L1003250-300x200.jpg 300w, https:\/\/jessel.de\/365-tage-sylt\/wp-content\/uploads\/2017\/04\/L1003250-768x511.jpg 768w, https:\/\/jessel.de\/365-tage-sylt\/wp-content\/uploads\/2017\/04\/L1003250-1024x681.jpg 1024w\" sizes=\"auto, (max-width: 1203px) 100vw, 1203px\" \/><\/p>\n<p>Der Strand sieht aus wie ein Truppen-\u00dcbungsplatz&#8230;<\/p>\n<p><img loading=\"lazy\" decoding=\"async\" class=\"alignnone size-full wp-image-597\" src=\"http:\/\/jessel.de\/365-tage-sylt\/wp-content\/uploads\/2017\/04\/L1003254.jpg\" alt=\"\" width=\"1203\" height=\"800\" srcset=\"https:\/\/jessel.de\/365-tage-sylt\/wp-content\/uploads\/2017\/04\/L1003254.jpg 1203w, https:\/\/jessel.de\/365-tage-sylt\/wp-content\/uploads\/2017\/04\/L1003254-300x200.jpg 300w, https:\/\/jessel.de\/365-tage-sylt\/wp-content\/uploads\/2017\/04\/L1003254-768x511.jpg 768w, https:\/\/jessel.de\/365-tage-sylt\/wp-content\/uploads\/2017\/04\/L1003254-1024x681.jpg 1024w\" sizes=\"auto, (max-width: 1203px) 100vw, 1203px\" \/><\/p>\n<p>&#8230; wie immer kurz vor Ostern:<\/p>\n<p><img loading=\"lazy\" decoding=\"async\" class=\"alignnone size-full wp-image-598\" src=\"http:\/\/jessel.de\/365-tage-sylt\/wp-content\/uploads\/2017\/04\/L1003264.jpg\" alt=\"\" width=\"1200\" height=\"800\" srcset=\"https:\/\/jessel.de\/365-tage-sylt\/wp-content\/uploads\/2017\/04\/L1003264.jpg 1200w, https:\/\/jessel.de\/365-tage-sylt\/wp-content\/uploads\/2017\/04\/L1003264-300x200.jpg 300w, https:\/\/jessel.de\/365-tage-sylt\/wp-content\/uploads\/2017\/04\/L1003264-768x512.jpg 768w, https:\/\/jessel.de\/365-tage-sylt\/wp-content\/uploads\/2017\/04\/L1003264-1024x683.jpg 1024w\" sizes=\"auto, (max-width: 1200px) 100vw, 1200px\" \/><\/p>\n<p>Warum? Schauen wir mal, wo die Treckerspuren enden:<img loading=\"lazy\" decoding=\"async\" class=\"alignnone size-full wp-image-599\" src=\"http:\/\/jessel.de\/365-tage-sylt\/wp-content\/uploads\/2017\/04\/L1003276.jpg\" alt=\"\" width=\"1201\" height=\"800\" srcset=\"https:\/\/jessel.de\/365-tage-sylt\/wp-content\/uploads\/2017\/04\/L1003276.jpg 1201w, https:\/\/jessel.de\/365-tage-sylt\/wp-content\/uploads\/2017\/04\/L1003276-300x200.jpg 300w, https:\/\/jessel.de\/365-tage-sylt\/wp-content\/uploads\/2017\/04\/L1003276-768x512.jpg 768w, https:\/\/jessel.de\/365-tage-sylt\/wp-content\/uploads\/2017\/04\/L1003276-1024x682.jpg 1024w\" sizes=\"auto, (max-width: 1201px) 100vw, 1201px\" \/><\/p>\n<p>Aha! Die K\u00f6der werden ausgelegt. Sch\u00f6ner weicher Nordwestwind oben auf dem Kliff:<\/p>\n<p><img loading=\"lazy\" decoding=\"async\" class=\"alignnone size-full wp-image-600\" src=\"http:\/\/jessel.de\/365-tage-sylt\/wp-content\/uploads\/2017\/04\/L1003284.jpg\" alt=\"\" width=\"1203\" height=\"800\" srcset=\"https:\/\/jessel.de\/365-tage-sylt\/wp-content\/uploads\/2017\/04\/L1003284.jpg 1203w, https:\/\/jessel.de\/365-tage-sylt\/wp-content\/uploads\/2017\/04\/L1003284-300x200.jpg 300w, https:\/\/jessel.de\/365-tage-sylt\/wp-content\/uploads\/2017\/04\/L1003284-768x511.jpg 768w, https:\/\/jessel.de\/365-tage-sylt\/wp-content\/uploads\/2017\/04\/L1003284-1024x681.jpg 1024w\" sizes=\"auto, (max-width: 1203px) 100vw, 1203px\" \/><\/p>\n<p>Und eine brechende &#8222;Kliff-Welle&#8220; mit leuchtender Kr\u00e4henbeere, just bevor die Sonne aufm Horizont aufsetzt:<\/p>\n<p><img loading=\"lazy\" decoding=\"async\" class=\"alignnone size-full wp-image-601\" src=\"http:\/\/jessel.de\/365-tage-sylt\/wp-content\/uploads\/2017\/04\/L1003311.jpg\" alt=\"\" width=\"1201\" height=\"800\" srcset=\"https:\/\/jessel.de\/365-tage-sylt\/wp-content\/uploads\/2017\/04\/L1003311.jpg 1201w, https:\/\/jessel.de\/365-tage-sylt\/wp-content\/uploads\/2017\/04\/L1003311-300x200.jpg 300w, https:\/\/jessel.de\/365-tage-sylt\/wp-content\/uploads\/2017\/04\/L1003311-768x512.jpg 768w, https:\/\/jessel.de\/365-tage-sylt\/wp-content\/uploads\/2017\/04\/L1003311-1024x682.jpg 1024w\" sizes=\"auto, (max-width: 1201px) 100vw, 1201px\" \/><\/p>\n<p>Bis morgen!<\/p>\n<p><img loading=\"lazy\" decoding=\"async\" class=\"alignnone size-full wp-image-603\" src=\"http:\/\/jessel.de\/365-tage-sylt\/wp-content\/uploads\/2017\/04\/2017-04-03-17.48.09.jpg\" alt=\"\" width=\"1423\" height=\"800\" srcset=\"https:\/\/jessel.de\/365-tage-sylt\/wp-content\/uploads\/2017\/04\/2017-04-03-17.48.09.jpg 1423w, https:\/\/jessel.de\/365-tage-sylt\/wp-content\/uploads\/2017\/04\/2017-04-03-17.48.09-300x169.jpg 300w, https:\/\/jessel.de\/365-tage-sylt\/wp-content\/uploads\/2017\/04\/2017-04-03-17.48.09-768x432.jpg 768w, https:\/\/jessel.de\/365-tage-sylt\/wp-content\/uploads\/2017\/04\/2017-04-03-17.48.09-1024x576.jpg 1024w\" sizes=\"auto, (max-width: 1423px) 100vw, 1423px\" \/><\/p>\n","protected":false},"excerpt":{"rendered":"<p>Um 5 Uhr ist bereits gewaltiger Rabatz im Garten&#8230; die Vogelwelt k\u00fcndigt einen zauberhaften Tag an. Viel Sonne, wenig Wind, aber zwischen 10 und 15 Uhr wieder Seenebel. Bald nach 16 Uhr breche ich auf zu einer Rotes Kliff-Expedition: Der Strand sieht aus wie ein Truppen-\u00dcbungsplatz&#8230; &#8230; wie immer kurz vor Ostern: Warum? Schauen wir mal, wo die Treckerspuren enden: Aha! Die K\u00f6der werden ausgelegt. Sch\u00f6ner weicher Nordwestwind oben auf&hellip;<\/p>\n","protected":false},"author":2,"featured_media":593,"comment_status":"open","ping_status":"open","sticky":false,"template":"","format":"standard","meta":{"footnotes":""},"categories":[27,41,25,4,26],"tags":[],"class_list":["post-592","post","type-post","status-publish","format-standard","has-post-thumbnail","hentry","category-alle-bilder","category-fruehling","category-kampen","category-spuren","category-strand"],"jetpack_featured_media_url":"https:\/\/jessel.de\/365-tage-sylt\/wp-content\/uploads\/2017\/04\/L1003338.jpg","_links":{"self":[{"href":"https:\/\/jessel.de\/365-tage-sylt\/wp-json\/wp\/v2\/posts\/592","targetHints":{"allow":["GET"]}}],"collection":[{"href":"https:\/\/jessel.de\/365-tage-sylt\/wp-json\/wp\/v2\/posts"}],"about":[{"href":"https:\/\/jessel.de\/365-tage-sylt\/wp-json\/wp\/v2\/types\/post"}],"author":[{"embeddable":true,"href":"https:\/\/jessel.de\/365-tage-sylt\/wp-json\/wp\/v2\/users\/2"}],"replies":[{"embeddable":true,"href":"https:\/\/jessel.de\/365-tage-sylt\/wp-json\/wp\/v2\/comments?post=592"}],"version-history":[{"count":4,"href":"https:\/\/jessel.de\/365-tage-sylt\/wp-json\/wp\/v2\/posts\/592\/revisions"}],"predecessor-version":[{"id":604,"href":"https:\/\/jessel.de\/365-tage-sylt\/wp-json\/wp\/v2\/posts\/592\/revisions\/604"}],"wp:featuredmedia":[{"embeddable":true,"href":"https:\/\/jessel.de\/365-tage-sylt\/wp-json\/wp\/v2\/media\/593"}],"wp:attachment":[{"href":"https:\/\/jessel.de\/365-tage-sylt\/wp-json\/wp\/v2\/media?parent=592"}],"wp:term":[{"taxonomy":"category","embeddable":true,"href":"https:\/\/jessel.de\/365-tage-sylt\/wp-json\/wp\/v2\/categories?post=592"},{"taxonomy":"post_tag","embeddable":true,"href":"https:\/\/jessel.de\/365-tage-sylt\/wp-json\/wp\/v2\/tags?post=592"}],"curies":[{"name":"wp","href":"https:\/\/api.w.org\/{rel}","templated":true}]}}