{"id":6021,"date":"2020-01-20T20:18:26","date_gmt":"2020-01-20T20:18:26","guid":{"rendered":"https:\/\/jessel.de\/365-tage-sylt\/?p=6021"},"modified":"2020-01-20T20:21:40","modified_gmt":"2020-01-20T20:21:40","slug":"19-januar-noch-ein-tag-auf-foehr","status":"publish","type":"post","link":"https:\/\/jessel.de\/365-tage-sylt\/19-januar-noch-ein-tag-auf-foehr\/","title":{"rendered":"19. Januar: Noch ein Tag auf F\u00f6hr"},"content":{"rendered":"<p>Das ging geh\u00f6rig schief mit meinem Foto-Ausflug nach F\u00f6hr in der vergangenen Woche. Es reichte noch f\u00fcr einige D\u00e4mmerungsbilder am fr\u00fchen Morgen, dann zog es sich rasch zu, und Schlu\u00df war mit Foddos&#8230; Schuss in\u02cbn Ofen, nennt man sowas bei uns an der K\u00fcste.<\/p>\n<p>Gestern nun eeendlich der erste Tag mit NORDwestwind und verl\u00e4sslichem Sonnenschein, ich also mit dem 5:22er Zug nach Klanxb\u00fcll, von dort per Rad nach Dageb\u00fcll zur 7:15er F\u00e4hre, Ankunft in Wyk um 8:05 Uhr.\u00a0Dort ging\u2019s sofort an die Arbeit:<\/p>\n<p><img loading=\"lazy\" decoding=\"async\" class=\"size-full wp-image-6027\" src=\"https:\/\/jessel.de\/365-tage-sylt\/wp-content\/uploads\/2020\/01\/4C7A0002-8217-4C0F-ACDE-F96B5E61B852.jpeg\" alt=\"\" width=\"1067\" height=\"800\" srcset=\"https:\/\/jessel.de\/365-tage-sylt\/wp-content\/uploads\/2020\/01\/4C7A0002-8217-4C0F-ACDE-F96B5E61B852.jpeg 1067w, https:\/\/jessel.de\/365-tage-sylt\/wp-content\/uploads\/2020\/01\/4C7A0002-8217-4C0F-ACDE-F96B5E61B852-300x225.jpeg 300w, https:\/\/jessel.de\/365-tage-sylt\/wp-content\/uploads\/2020\/01\/4C7A0002-8217-4C0F-ACDE-F96B5E61B852-1024x768.jpeg 1024w, https:\/\/jessel.de\/365-tage-sylt\/wp-content\/uploads\/2020\/01\/4C7A0002-8217-4C0F-ACDE-F96B5E61B852-768x576.jpeg 768w\" sizes=\"auto, (max-width: 1067px) 100vw, 1067px\" \/><\/p>\n<p>F\u00f6hr liegt nur einen Steinwurf von Sylt entfernt, ist jedoch vom Habitus viel ruhiger und \u201el\u00e4ndlicher\u201c. Sonnenaufgang hinter den Warften der Hallig Langeness:<\/p>\n<p><img loading=\"lazy\" decoding=\"async\" class=\"alignnone size-full wp-image-6028\" src=\"https:\/\/jessel.de\/365-tage-sylt\/wp-content\/uploads\/2020\/01\/ADDE450F-A809-43E0-A2D8-9A9CC6BD6990.jpeg\" alt=\"\" width=\"1202\" height=\"800\" srcset=\"https:\/\/jessel.de\/365-tage-sylt\/wp-content\/uploads\/2020\/01\/ADDE450F-A809-43E0-A2D8-9A9CC6BD6990.jpeg 1202w, https:\/\/jessel.de\/365-tage-sylt\/wp-content\/uploads\/2020\/01\/ADDE450F-A809-43E0-A2D8-9A9CC6BD6990-300x200.jpeg 300w, https:\/\/jessel.de\/365-tage-sylt\/wp-content\/uploads\/2020\/01\/ADDE450F-A809-43E0-A2D8-9A9CC6BD6990-1024x682.jpeg 1024w, https:\/\/jessel.de\/365-tage-sylt\/wp-content\/uploads\/2020\/01\/ADDE450F-A809-43E0-A2D8-9A9CC6BD6990-768x511.jpeg 768w\" sizes=\"auto, (max-width: 1202px) 100vw, 1202px\" \/><br \/>\nAnders als Sylt, ist F\u00f6hr vom Wattenmeer umgeben. Und am Horizont ist immer etwas zu sehen, hier abermals die Warftensilhouette von Langeness:<br \/>\n<img loading=\"lazy\" decoding=\"async\" class=\"alignnone size-full wp-image-6026\" src=\"https:\/\/jessel.de\/365-tage-sylt\/wp-content\/uploads\/2020\/01\/222CD072-F6D3-4596-8157-0D30EA28C65C.jpeg\" alt=\"\" width=\"1202\" height=\"800\" srcset=\"https:\/\/jessel.de\/365-tage-sylt\/wp-content\/uploads\/2020\/01\/222CD072-F6D3-4596-8157-0D30EA28C65C.jpeg 1202w, https:\/\/jessel.de\/365-tage-sylt\/wp-content\/uploads\/2020\/01\/222CD072-F6D3-4596-8157-0D30EA28C65C-300x200.jpeg 300w, https:\/\/jessel.de\/365-tage-sylt\/wp-content\/uploads\/2020\/01\/222CD072-F6D3-4596-8157-0D30EA28C65C-1024x682.jpeg 1024w, https:\/\/jessel.de\/365-tage-sylt\/wp-content\/uploads\/2020\/01\/222CD072-F6D3-4596-8157-0D30EA28C65C-768x511.jpeg 768w\" sizes=\"auto, (max-width: 1202px) 100vw, 1202px\" \/>D<\/p>\n<p>Um auch bei Niedrigwasser baden zu k\u00f6nnen, gibt es an mehreren Stellen derartige Holzstege, von denen aus man\/frau bei Bedarf ins Wasser h\u00fcpfen kann:<br \/>\n<img loading=\"lazy\" decoding=\"async\" class=\"alignnone size-full wp-image-6025\" src=\"https:\/\/jessel.de\/365-tage-sylt\/wp-content\/uploads\/2020\/01\/3DBC215D-A0F6-4912-A6FB-87E24961059F.jpeg\" alt=\"\" width=\"1202\" height=\"800\" srcset=\"https:\/\/jessel.de\/365-tage-sylt\/wp-content\/uploads\/2020\/01\/3DBC215D-A0F6-4912-A6FB-87E24961059F.jpeg 1202w, https:\/\/jessel.de\/365-tage-sylt\/wp-content\/uploads\/2020\/01\/3DBC215D-A0F6-4912-A6FB-87E24961059F-300x200.jpeg 300w, https:\/\/jessel.de\/365-tage-sylt\/wp-content\/uploads\/2020\/01\/3DBC215D-A0F6-4912-A6FB-87E24961059F-1024x682.jpeg 1024w, https:\/\/jessel.de\/365-tage-sylt\/wp-content\/uploads\/2020\/01\/3DBC215D-A0F6-4912-A6FB-87E24961059F-768x511.jpeg 768w\" sizes=\"auto, (max-width: 1202px) 100vw, 1202px\" \/><br \/>\nJe weiter der Strandl\u00e4ufer die \u201eInselmetropole\u201c Wyk verl\u00e4sst, desto mehr nimmt die Idylle zu. An verschiedenen Stellen enden kleine Wasserl\u00e4ufe am Wattufer, wie hier westlich von Goting:<\/p>\n<p><img loading=\"lazy\" decoding=\"async\" class=\"alignnone size-full wp-image-6029\" src=\"https:\/\/jessel.de\/365-tage-sylt\/wp-content\/uploads\/2020\/01\/AF69DD36-0901-4A51-9CF0-82CF90230BB6.jpeg\" alt=\"\" width=\"1202\" height=\"800\" srcset=\"https:\/\/jessel.de\/365-tage-sylt\/wp-content\/uploads\/2020\/01\/AF69DD36-0901-4A51-9CF0-82CF90230BB6.jpeg 1202w, https:\/\/jessel.de\/365-tage-sylt\/wp-content\/uploads\/2020\/01\/AF69DD36-0901-4A51-9CF0-82CF90230BB6-300x200.jpeg 300w, https:\/\/jessel.de\/365-tage-sylt\/wp-content\/uploads\/2020\/01\/AF69DD36-0901-4A51-9CF0-82CF90230BB6-1024x682.jpeg 1024w, https:\/\/jessel.de\/365-tage-sylt\/wp-content\/uploads\/2020\/01\/AF69DD36-0901-4A51-9CF0-82CF90230BB6-768x511.jpeg 768w\" sizes=\"auto, (max-width: 1202px) 100vw, 1202px\" \/><br \/>\n&#8230; schlie\u00dflich gibt es auch landschaftliche Details, die es auf Sylt nicht gibt. B\u00e4ume direkt an der Abbruchkante zum Beispiel. Das erinnert an Ostsee-Gestade:<\/p>\n<p><img loading=\"lazy\" decoding=\"async\" class=\"size-full wp-image-6032\" src=\"https:\/\/jessel.de\/365-tage-sylt\/wp-content\/uploads\/2020\/01\/C4551DA0-2477-4D61-BC5F-197BD1EF6EF0.jpeg\" alt=\"\" width=\"1067\" height=\"800\" srcset=\"https:\/\/jessel.de\/365-tage-sylt\/wp-content\/uploads\/2020\/01\/C4551DA0-2477-4D61-BC5F-197BD1EF6EF0.jpeg 1067w, https:\/\/jessel.de\/365-tage-sylt\/wp-content\/uploads\/2020\/01\/C4551DA0-2477-4D61-BC5F-197BD1EF6EF0-300x225.jpeg 300w, https:\/\/jessel.de\/365-tage-sylt\/wp-content\/uploads\/2020\/01\/C4551DA0-2477-4D61-BC5F-197BD1EF6EF0-1024x768.jpeg 1024w, https:\/\/jessel.de\/365-tage-sylt\/wp-content\/uploads\/2020\/01\/C4551DA0-2477-4D61-BC5F-197BD1EF6EF0-768x576.jpeg 768w\" sizes=\"auto, (max-width: 1067px) 100vw, 1067px\" \/><\/p>\n<p>Imposant sind die Kirchen, wie hier der \u201eFriesendom\u201c St. Johannis in Nieblum &#8211; und insbesondere die alten Seefahrer-Grabsteine mit den eingravierten Lebensl\u00e4ufen:<\/p>\n<p><img loading=\"lazy\" decoding=\"async\" class=\"alignnone size-full wp-image-6030\" src=\"https:\/\/jessel.de\/365-tage-sylt\/wp-content\/uploads\/2020\/01\/6ADCFC47-2DE2-41AD-A4BC-5EED4ED9B09B.jpeg\" alt=\"\" width=\"1250\" height=\"800\" srcset=\"https:\/\/jessel.de\/365-tage-sylt\/wp-content\/uploads\/2020\/01\/6ADCFC47-2DE2-41AD-A4BC-5EED4ED9B09B.jpeg 1250w, https:\/\/jessel.de\/365-tage-sylt\/wp-content\/uploads\/2020\/01\/6ADCFC47-2DE2-41AD-A4BC-5EED4ED9B09B-300x192.jpeg 300w, https:\/\/jessel.de\/365-tage-sylt\/wp-content\/uploads\/2020\/01\/6ADCFC47-2DE2-41AD-A4BC-5EED4ED9B09B-1024x655.jpeg 1024w, https:\/\/jessel.de\/365-tage-sylt\/wp-content\/uploads\/2020\/01\/6ADCFC47-2DE2-41AD-A4BC-5EED4ED9B09B-768x492.jpeg 768w\" sizes=\"auto, (max-width: 1250px) 100vw, 1250px\" \/><br \/>\n&#8230; und in den kleinen D\u00f6rfern, wie hier in Alkersum, gibt es noch jede Menge Uthlandfriesischer H\u00e4user, teilweise in wundersch\u00f6ner freier Lage:<\/p>\n<p><img loading=\"lazy\" decoding=\"async\" class=\"alignnone size-full wp-image-6031\" src=\"https:\/\/jessel.de\/365-tage-sylt\/wp-content\/uploads\/2020\/01\/A638F1CE-7E32-40B2-8D0F-C00450F3589D.jpeg\" alt=\"\" width=\"1456\" height=\"800\" srcset=\"https:\/\/jessel.de\/365-tage-sylt\/wp-content\/uploads\/2020\/01\/A638F1CE-7E32-40B2-8D0F-C00450F3589D.jpeg 1456w, https:\/\/jessel.de\/365-tage-sylt\/wp-content\/uploads\/2020\/01\/A638F1CE-7E32-40B2-8D0F-C00450F3589D-300x165.jpeg 300w, https:\/\/jessel.de\/365-tage-sylt\/wp-content\/uploads\/2020\/01\/A638F1CE-7E32-40B2-8D0F-C00450F3589D-1024x563.jpeg 1024w, https:\/\/jessel.de\/365-tage-sylt\/wp-content\/uploads\/2020\/01\/A638F1CE-7E32-40B2-8D0F-C00450F3589D-768x422.jpeg 768w\" sizes=\"auto, (max-width: 1456px) 100vw, 1456px\" \/><\/p>\n<p>Das war ein sch\u00f6ner Ausflug! Das fr\u00fche Aufstehen hat sich gelohnt. Gut, dass ich meinen Proviant selbst mitgenommen hatte, denn auf F\u00f6hr gibt es in der Nachsaison auch DAS noch: Hochgeklappte Gehsteige und vernagelte Gastst\u00e4tten. Wie sch\u00f6n!<\/p>\n<p><img loading=\"lazy\" decoding=\"async\" class=\"alignnone size-full wp-image-6024\" src=\"https:\/\/jessel.de\/365-tage-sylt\/wp-content\/uploads\/2020\/01\/FF840D16-1ED6-4958-8EAB-362AF8DAB811.jpeg\" alt=\"\" width=\"1202\" height=\"800\" srcset=\"https:\/\/jessel.de\/365-tage-sylt\/wp-content\/uploads\/2020\/01\/FF840D16-1ED6-4958-8EAB-362AF8DAB811.jpeg 1202w, https:\/\/jessel.de\/365-tage-sylt\/wp-content\/uploads\/2020\/01\/FF840D16-1ED6-4958-8EAB-362AF8DAB811-300x200.jpeg 300w, https:\/\/jessel.de\/365-tage-sylt\/wp-content\/uploads\/2020\/01\/FF840D16-1ED6-4958-8EAB-362AF8DAB811-1024x682.jpeg 1024w, https:\/\/jessel.de\/365-tage-sylt\/wp-content\/uploads\/2020\/01\/FF840D16-1ED6-4958-8EAB-362AF8DAB811-768x511.jpeg 768w\" sizes=\"auto, (max-width: 1202px) 100vw, 1202px\" \/><\/p>\n<ul>\n<li><\/li>\n<\/ul>\n","protected":false},"excerpt":{"rendered":"<p>Das ging geh\u00f6rig schief mit meinem Foto-Ausflug nach F\u00f6hr in der vergangenen Woche. Es reichte noch f\u00fcr einige D\u00e4mmerungsbilder am fr\u00fchen Morgen, dann zog es sich rasch zu, und Schlu\u00df war mit Foddos&#8230; Schuss in\u02cbn Ofen, nennt man sowas bei uns an der K\u00fcste. Gestern nun eeendlich der erste Tag mit NORDwestwind und verl\u00e4sslichem Sonnenschein, ich also mit dem 5:22er Zug nach Klanxb\u00fcll, von dort per Rad nach Dageb\u00fcll zur&hellip;<\/p>\n","protected":false},"author":2,"featured_media":6022,"comment_status":"open","ping_status":"open","sticky":false,"template":"","format":"standard","meta":{"footnotes":""},"categories":[27,39,28,4,26,2,42,23,33],"tags":[],"class_list":["post-6021","post","type-post","status-publish","format-standard","has-post-thumbnail","hentry","category-alle-bilder","category-arbeit","category-haeuser","category-spuren","category-strand","category-tourismus","category-watt","category-winter","category-woanders"],"jetpack_featured_media_url":"https:\/\/jessel.de\/365-tage-sylt\/wp-content\/uploads\/2020\/01\/4725E965-6AA7-46BD-8A61-600C17FD74CC.jpeg","_links":{"self":[{"href":"https:\/\/jessel.de\/365-tage-sylt\/wp-json\/wp\/v2\/posts\/6021","targetHints":{"allow":["GET"]}}],"collection":[{"href":"https:\/\/jessel.de\/365-tage-sylt\/wp-json\/wp\/v2\/posts"}],"about":[{"href":"https:\/\/jessel.de\/365-tage-sylt\/wp-json\/wp\/v2\/types\/post"}],"author":[{"embeddable":true,"href":"https:\/\/jessel.de\/365-tage-sylt\/wp-json\/wp\/v2\/users\/2"}],"replies":[{"embeddable":true,"href":"https:\/\/jessel.de\/365-tage-sylt\/wp-json\/wp\/v2\/comments?post=6021"}],"version-history":[{"count":1,"href":"https:\/\/jessel.de\/365-tage-sylt\/wp-json\/wp\/v2\/posts\/6021\/revisions"}],"predecessor-version":[{"id":6033,"href":"https:\/\/jessel.de\/365-tage-sylt\/wp-json\/wp\/v2\/posts\/6021\/revisions\/6033"}],"wp:featuredmedia":[{"embeddable":true,"href":"https:\/\/jessel.de\/365-tage-sylt\/wp-json\/wp\/v2\/media\/6022"}],"wp:attachment":[{"href":"https:\/\/jessel.de\/365-tage-sylt\/wp-json\/wp\/v2\/media?parent=6021"}],"wp:term":[{"taxonomy":"category","embeddable":true,"href":"https:\/\/jessel.de\/365-tage-sylt\/wp-json\/wp\/v2\/categories?post=6021"},{"taxonomy":"post_tag","embeddable":true,"href":"https:\/\/jessel.de\/365-tage-sylt\/wp-json\/wp\/v2\/tags?post=6021"}],"curies":[{"name":"wp","href":"https:\/\/api.w.org\/{rel}","templated":true}]}}