{"id":6053,"date":"2020-02-01T10:36:52","date_gmt":"2020-02-01T10:36:52","guid":{"rendered":"https:\/\/jessel.de\/365-tage-sylt\/?p=6053"},"modified":"2020-02-01T10:46:44","modified_gmt":"2020-02-01T10:46:44","slug":"31-januar-those-were-the-days","status":"publish","type":"post","link":"https:\/\/jessel.de\/365-tage-sylt\/31-januar-those-were-the-days\/","title":{"rendered":"31. Januar: Those were the days&#8230;"},"content":{"rendered":"<p>&#8230; die Zweite. Mitte der 1980er Jahre erstand ich eine Hasselblad-Kamera. Mit diesem Teil zog ich nun los, die Welt im 6&#215;6 cm &#8211; Mittelformat zu entdecken. Was letztlich jedoch nicht funktionierte, da meine Kunden an quadratischen Motiven wenig Interesse zeigten.<br \/>\nEgal, alle gro\u00dfen Fotografen fotografierten zumindest auch mit der Hasselblad, und dazu geh\u00f6ren wollte ich ja schon&#8230;:<br \/>\n<img loading=\"lazy\" decoding=\"async\" class=\"alignnone size-full wp-image-6057\" src=\"https:\/\/jessel.de\/365-tage-sylt\/wp-content\/uploads\/2020\/02\/3C8B1B2A-E1C5-4EF4-BE79-50B08BA91A3A.jpeg\" alt=\"\" width=\"1131\" height=\"800\" srcset=\"https:\/\/jessel.de\/365-tage-sylt\/wp-content\/uploads\/2020\/02\/3C8B1B2A-E1C5-4EF4-BE79-50B08BA91A3A.jpeg 1131w, https:\/\/jessel.de\/365-tage-sylt\/wp-content\/uploads\/2020\/02\/3C8B1B2A-E1C5-4EF4-BE79-50B08BA91A3A-300x212.jpeg 300w, https:\/\/jessel.de\/365-tage-sylt\/wp-content\/uploads\/2020\/02\/3C8B1B2A-E1C5-4EF4-BE79-50B08BA91A3A-1024x724.jpeg 1024w, https:\/\/jessel.de\/365-tage-sylt\/wp-content\/uploads\/2020\/02\/3C8B1B2A-E1C5-4EF4-BE79-50B08BA91A3A-768x543.jpeg 768w\" sizes=\"auto, (max-width: 1131px) 100vw, 1131px\" \/><\/p>\n<p>Fantastisch, die gro\u00dfen Dias auf dem Leuchtpult zu betrachten. Die Farbdichte! Die Sch\u00e4rfentiefe! DAS Hasselblad-Feeling! Boah gro\u00dfes Kino:<\/p>\n<p><img loading=\"lazy\" decoding=\"async\" class=\"alignnone size-full wp-image-6055\" src=\"https:\/\/jessel.de\/365-tage-sylt\/wp-content\/uploads\/2020\/02\/2F96E03C-F653-43BD-9C96-E090539DE8AD.jpeg\" alt=\"\" width=\"797\" height=\"800\" srcset=\"https:\/\/jessel.de\/365-tage-sylt\/wp-content\/uploads\/2020\/02\/2F96E03C-F653-43BD-9C96-E090539DE8AD.jpeg 797w, https:\/\/jessel.de\/365-tage-sylt\/wp-content\/uploads\/2020\/02\/2F96E03C-F653-43BD-9C96-E090539DE8AD-300x300.jpeg 300w, https:\/\/jessel.de\/365-tage-sylt\/wp-content\/uploads\/2020\/02\/2F96E03C-F653-43BD-9C96-E090539DE8AD-150x150.jpeg 150w, https:\/\/jessel.de\/365-tage-sylt\/wp-content\/uploads\/2020\/02\/2F96E03C-F653-43BD-9C96-E090539DE8AD-768x771.jpeg 768w\" sizes=\"auto, (max-width: 797px) 100vw, 797px\" \/><\/p>\n<p>Das \u201elangweilige\u201c Quadrat entwickelte sich zu einer echten Herausforderung, die ich beherzt &#8211; wie ich nun mal bin &#8211; annahm. Mit bildgestalterischen Tricks versuchte ich, das latente Dilemma zu l\u00f6sen:<\/p>\n<p><img loading=\"lazy\" decoding=\"async\" class=\"alignnone size-full wp-image-6054\" src=\"https:\/\/jessel.de\/365-tage-sylt\/wp-content\/uploads\/2020\/02\/FE16F242-A7FD-4B64-8CA9-02BC77F066E4.jpeg\" alt=\"\" width=\"1459\" height=\"800\" srcset=\"https:\/\/jessel.de\/365-tage-sylt\/wp-content\/uploads\/2020\/02\/FE16F242-A7FD-4B64-8CA9-02BC77F066E4.jpeg 1459w, https:\/\/jessel.de\/365-tage-sylt\/wp-content\/uploads\/2020\/02\/FE16F242-A7FD-4B64-8CA9-02BC77F066E4-300x164.jpeg 300w, https:\/\/jessel.de\/365-tage-sylt\/wp-content\/uploads\/2020\/02\/FE16F242-A7FD-4B64-8CA9-02BC77F066E4-1024x561.jpeg 1024w, https:\/\/jessel.de\/365-tage-sylt\/wp-content\/uploads\/2020\/02\/FE16F242-A7FD-4B64-8CA9-02BC77F066E4-768x421.jpeg 768w\" sizes=\"auto, (max-width: 1459px) 100vw, 1459px\" \/><\/p>\n<p>&#8230; oder ich schnitt schlie\u00dfendlich ein Rechteck heraus. Was mich allerdings zunehmend bereits w\u00e4hrend der Motivsuche irritierte. Anfang der 1990er Jahre stieg ich dann aufs Panorama-Gro\u00dfformat \u00a06\/17cm) um &#8211; und hatte das ideale Seitenverh\u00e4ltnis f\u00fcr K\u00fcstenmotive gefunden.<\/p>\n","protected":false},"excerpt":{"rendered":"<p>&#8230; die Zweite. Mitte der 1980er Jahre erstand ich eine Hasselblad-Kamera. Mit diesem Teil zog ich nun los, die Welt im 6&#215;6 cm &#8211; Mittelformat zu entdecken. Was letztlich jedoch nicht funktionierte, da meine Kunden an quadratischen Motiven wenig Interesse zeigten. Egal, alle gro\u00dfen Fotografen fotografierten zumindest auch mit der Hasselblad, und dazu geh\u00f6ren wollte ich ja schon&#8230;: Fantastisch, die gro\u00dfen Dias auf dem Leuchtpult zu betrachten. Die Farbdichte! Die&hellip;<\/p>\n","protected":false},"author":2,"featured_media":6056,"comment_status":"open","ping_status":"open","sticky":false,"template":"","format":"standard","meta":{"footnotes":""},"categories":[27,24,25,35,26,23],"tags":[],"class_list":["post-6053","post","type-post","status-publish","format-standard","has-post-thumbnail","hentry","category-alle-bilder","category-duenen","category-kampen","category-schlechtes-wetter","category-strand","category-winter"],"jetpack_featured_media_url":"https:\/\/jessel.de\/365-tage-sylt\/wp-content\/uploads\/2020\/02\/21178433-6349-49F3-96AB-826EC9AC4410.jpeg","_links":{"self":[{"href":"https:\/\/jessel.de\/365-tage-sylt\/wp-json\/wp\/v2\/posts\/6053","targetHints":{"allow":["GET"]}}],"collection":[{"href":"https:\/\/jessel.de\/365-tage-sylt\/wp-json\/wp\/v2\/posts"}],"about":[{"href":"https:\/\/jessel.de\/365-tage-sylt\/wp-json\/wp\/v2\/types\/post"}],"author":[{"embeddable":true,"href":"https:\/\/jessel.de\/365-tage-sylt\/wp-json\/wp\/v2\/users\/2"}],"replies":[{"embeddable":true,"href":"https:\/\/jessel.de\/365-tage-sylt\/wp-json\/wp\/v2\/comments?post=6053"}],"version-history":[{"count":3,"href":"https:\/\/jessel.de\/365-tage-sylt\/wp-json\/wp\/v2\/posts\/6053\/revisions"}],"predecessor-version":[{"id":6061,"href":"https:\/\/jessel.de\/365-tage-sylt\/wp-json\/wp\/v2\/posts\/6053\/revisions\/6061"}],"wp:featuredmedia":[{"embeddable":true,"href":"https:\/\/jessel.de\/365-tage-sylt\/wp-json\/wp\/v2\/media\/6056"}],"wp:attachment":[{"href":"https:\/\/jessel.de\/365-tage-sylt\/wp-json\/wp\/v2\/media?parent=6053"}],"wp:term":[{"taxonomy":"category","embeddable":true,"href":"https:\/\/jessel.de\/365-tage-sylt\/wp-json\/wp\/v2\/categories?post=6053"},{"taxonomy":"post_tag","embeddable":true,"href":"https:\/\/jessel.de\/365-tage-sylt\/wp-json\/wp\/v2\/tags?post=6053"}],"curies":[{"name":"wp","href":"https:\/\/api.w.org\/{rel}","templated":true}]}}