{"id":6072,"date":"2020-02-08T16:42:03","date_gmt":"2020-02-08T16:42:03","guid":{"rendered":"https:\/\/jessel.de\/365-tage-sylt\/?p=6072"},"modified":"2020-02-08T17:28:47","modified_gmt":"2020-02-08T17:28:47","slug":"8-februar-es-kommt-richtig-dicke","status":"publish","type":"post","link":"https:\/\/jessel.de\/365-tage-sylt\/8-februar-es-kommt-richtig-dicke\/","title":{"rendered":"8. Februar: Es kommt richtig dicke!"},"content":{"rendered":"<p>Es trifft sich gut, dass ich gerade dabei bin, den Ordner \u201eSturmfluten\u201c zu fleddern, denn \u00fcber dem Atlantik braut sich etwas Besonderes zusammen: Ein Sturmtief, das \u00a0sich Mitte der Woche \u00f6stlich Floridas entwickelte und unter st\u00e4ndiger Verst\u00e4rkung Richtung Neufundland zog, machte sich heute um die Mittagszeit auf eine 4.000 km -Reise \u00fcber den Atlantik, und wird bereits Morgen vormittag Schottland erreichen, was einer Zuggeschwindigkeit von \u00fcber 100 km\/h entspricht. Das gab\u2019s zuletzt vor 7 Jahren in Gestalt des Orkantiefs \u201eXaver\u201c, der Europaweit schwerste Zerst\u00f6rungen verursachte.<\/p>\n<p><img loading=\"lazy\" decoding=\"async\" class=\"alignnone size-full wp-image-6075\" src=\"https:\/\/jessel.de\/365-tage-sylt\/wp-content\/uploads\/2020\/02\/90A3AF2B-4BF5-48C8-B940-EC1611610E85.jpeg\" alt=\"\" width=\"1213\" height=\"800\" srcset=\"https:\/\/jessel.de\/365-tage-sylt\/wp-content\/uploads\/2020\/02\/90A3AF2B-4BF5-48C8-B940-EC1611610E85.jpeg 1213w, https:\/\/jessel.de\/365-tage-sylt\/wp-content\/uploads\/2020\/02\/90A3AF2B-4BF5-48C8-B940-EC1611610E85-300x198.jpeg 300w, https:\/\/jessel.de\/365-tage-sylt\/wp-content\/uploads\/2020\/02\/90A3AF2B-4BF5-48C8-B940-EC1611610E85-1024x675.jpeg 1024w, https:\/\/jessel.de\/365-tage-sylt\/wp-content\/uploads\/2020\/02\/90A3AF2B-4BF5-48C8-B940-EC1611610E85-768x507.jpeg 768w\" sizes=\"auto, (max-width: 1213px) 100vw, 1213px\" \/><\/p>\n<p>Auf Sylt sind ab den morgigen Mittagsstunden schwere Orkanb\u00f6en zu erwarten, das Windmaximum zwischen 18 und 22 Uhr.<\/p>\n<p><img loading=\"lazy\" decoding=\"async\" class=\"alignnone size-full wp-image-6078\" src=\"https:\/\/jessel.de\/365-tage-sylt\/wp-content\/uploads\/2020\/02\/98E1432F-9284-43B1-A065-FF5A462B0155.jpeg\" alt=\"\" width=\"1236\" height=\"800\" srcset=\"https:\/\/jessel.de\/365-tage-sylt\/wp-content\/uploads\/2020\/02\/98E1432F-9284-43B1-A065-FF5A462B0155.jpeg 1236w, https:\/\/jessel.de\/365-tage-sylt\/wp-content\/uploads\/2020\/02\/98E1432F-9284-43B1-A065-FF5A462B0155-300x194.jpeg 300w, https:\/\/jessel.de\/365-tage-sylt\/wp-content\/uploads\/2020\/02\/98E1432F-9284-43B1-A065-FF5A462B0155-1024x663.jpeg 1024w, https:\/\/jessel.de\/365-tage-sylt\/wp-content\/uploads\/2020\/02\/98E1432F-9284-43B1-A065-FF5A462B0155-768x497.jpeg 768w\" sizes=\"auto, (max-width: 1236px) 100vw, 1236px\" \/><\/p>\n<p>Aufgrund der Gr\u00f6\u00dfe und der Zugrichtung des Sturmes weht es den gesamten morgigen Sonntag aus s\u00fcdlicher bis s\u00fcdwestlicher Richtung. Erst \u00fcber Nacht zum Montag dreht der Wind auf West &#8211; und bleibt bis einschlie\u00dflich Mittwoch in best\u00e4ndiger Sturmst\u00e4rke, was zu erheblichen Abbr\u00fcchen an Sylts K\u00fcste f\u00fchren wird:<\/p>\n<p><img loading=\"lazy\" decoding=\"async\" class=\"alignnone size-full wp-image-6073\" src=\"https:\/\/jessel.de\/365-tage-sylt\/wp-content\/uploads\/2020\/02\/8A95E817-6607-4DCF-BCA7-EFCA37952812.jpeg\" alt=\"\" width=\"1223\" height=\"800\" srcset=\"https:\/\/jessel.de\/365-tage-sylt\/wp-content\/uploads\/2020\/02\/8A95E817-6607-4DCF-BCA7-EFCA37952812.jpeg 1223w, https:\/\/jessel.de\/365-tage-sylt\/wp-content\/uploads\/2020\/02\/8A95E817-6607-4DCF-BCA7-EFCA37952812-300x196.jpeg 300w, https:\/\/jessel.de\/365-tage-sylt\/wp-content\/uploads\/2020\/02\/8A95E817-6607-4DCF-BCA7-EFCA37952812-1024x670.jpeg 1024w, https:\/\/jessel.de\/365-tage-sylt\/wp-content\/uploads\/2020\/02\/8A95E817-6607-4DCF-BCA7-EFCA37952812-768x502.jpeg 768w\" sizes=\"auto, (max-width: 1223px) 100vw, 1223px\" \/><\/p>\n<p>Am Dienstag frischt der Wind noch einmal auf. Wellenh\u00f6hen \u00fcber 6 Meter sind dann zu erwarten:<\/p>\n<p><img loading=\"lazy\" decoding=\"async\" class=\"alignnone size-full wp-image-6079\" src=\"https:\/\/jessel.de\/365-tage-sylt\/wp-content\/uploads\/2020\/02\/86BE6E54-AC8E-43AE-82F6-5C3CA82BDB23.jpeg\" alt=\"\" width=\"1216\" height=\"800\" srcset=\"https:\/\/jessel.de\/365-tage-sylt\/wp-content\/uploads\/2020\/02\/86BE6E54-AC8E-43AE-82F6-5C3CA82BDB23.jpeg 1216w, https:\/\/jessel.de\/365-tage-sylt\/wp-content\/uploads\/2020\/02\/86BE6E54-AC8E-43AE-82F6-5C3CA82BDB23-300x197.jpeg 300w, https:\/\/jessel.de\/365-tage-sylt\/wp-content\/uploads\/2020\/02\/86BE6E54-AC8E-43AE-82F6-5C3CA82BDB23-1024x674.jpeg 1024w, https:\/\/jessel.de\/365-tage-sylt\/wp-content\/uploads\/2020\/02\/86BE6E54-AC8E-43AE-82F6-5C3CA82BDB23-768x505.jpeg 768w\" sizes=\"auto, (max-width: 1216px) 100vw, 1216px\" \/><\/p>\n<p>Foto- Gro\u00dfalarm im Hause Jessel! St\u00fcrme dieser Kategorie z\u00e4hlen zu den beeindruckendsten Naturerscheinungen, die unsere Breiten zu bieten haben, sind jedoch auch Schwerstbelastungen f\u00fcr Mann &amp; Material.<br \/>\n<img loading=\"lazy\" decoding=\"async\" class=\"alignnone size-full wp-image-6076\" src=\"https:\/\/jessel.de\/365-tage-sylt\/wp-content\/uploads\/2020\/02\/9C15AAA7-80D8-45CE-A1CA-420219BE6BD7.jpeg\" alt=\"\" width=\"1215\" height=\"800\" srcset=\"https:\/\/jessel.de\/365-tage-sylt\/wp-content\/uploads\/2020\/02\/9C15AAA7-80D8-45CE-A1CA-420219BE6BD7.jpeg 1215w, https:\/\/jessel.de\/365-tage-sylt\/wp-content\/uploads\/2020\/02\/9C15AAA7-80D8-45CE-A1CA-420219BE6BD7-300x198.jpeg 300w, https:\/\/jessel.de\/365-tage-sylt\/wp-content\/uploads\/2020\/02\/9C15AAA7-80D8-45CE-A1CA-420219BE6BD7-1024x674.jpeg 1024w, https:\/\/jessel.de\/365-tage-sylt\/wp-content\/uploads\/2020\/02\/9C15AAA7-80D8-45CE-A1CA-420219BE6BD7-768x506.jpeg 768w\" sizes=\"auto, (max-width: 1215px) 100vw, 1215px\" \/><\/p>\n<p>Ich werde berichten!<\/p>\n","protected":false},"excerpt":{"rendered":"<p>Es trifft sich gut, dass ich gerade dabei bin, den Ordner \u201eSturmfluten\u201c zu fleddern, denn \u00fcber dem Atlantik braut sich etwas Besonderes zusammen: Ein Sturmtief, das \u00a0sich Mitte der Woche \u00f6stlich Floridas entwickelte und unter st\u00e4ndiger Verst\u00e4rkung Richtung Neufundland zog, machte sich heute um die Mittagszeit auf eine 4.000 km -Reise \u00fcber den Atlantik, und wird bereits Morgen vormittag Schottland erreichen, was einer Zuggeschwindigkeit von \u00fcber 100 km\/h entspricht. Das&hellip;<\/p>\n","protected":false},"author":2,"featured_media":6077,"comment_status":"open","ping_status":"open","sticky":false,"template":"","format":"standard","meta":{"footnotes":""},"categories":[27,3,35,49,7,23],"tags":[],"class_list":["post-6072","post","type-post","status-publish","format-standard","has-post-thumbnail","hentry","category-alle-bilder","category-menschen","category-schlechtes-wetter","category-sturm","category-westerland","category-winter"],"jetpack_featured_media_url":"https:\/\/jessel.de\/365-tage-sylt\/wp-content\/uploads\/2020\/02\/1DBE0ACD-79F1-4E7B-B636-42CDC8E7C3C7.jpeg","_links":{"self":[{"href":"https:\/\/jessel.de\/365-tage-sylt\/wp-json\/wp\/v2\/posts\/6072","targetHints":{"allow":["GET"]}}],"collection":[{"href":"https:\/\/jessel.de\/365-tage-sylt\/wp-json\/wp\/v2\/posts"}],"about":[{"href":"https:\/\/jessel.de\/365-tage-sylt\/wp-json\/wp\/v2\/types\/post"}],"author":[{"embeddable":true,"href":"https:\/\/jessel.de\/365-tage-sylt\/wp-json\/wp\/v2\/users\/2"}],"replies":[{"embeddable":true,"href":"https:\/\/jessel.de\/365-tage-sylt\/wp-json\/wp\/v2\/comments?post=6072"}],"version-history":[{"count":4,"href":"https:\/\/jessel.de\/365-tage-sylt\/wp-json\/wp\/v2\/posts\/6072\/revisions"}],"predecessor-version":[{"id":6083,"href":"https:\/\/jessel.de\/365-tage-sylt\/wp-json\/wp\/v2\/posts\/6072\/revisions\/6083"}],"wp:featuredmedia":[{"embeddable":true,"href":"https:\/\/jessel.de\/365-tage-sylt\/wp-json\/wp\/v2\/media\/6077"}],"wp:attachment":[{"href":"https:\/\/jessel.de\/365-tage-sylt\/wp-json\/wp\/v2\/media?parent=6072"}],"wp:term":[{"taxonomy":"category","embeddable":true,"href":"https:\/\/jessel.de\/365-tage-sylt\/wp-json\/wp\/v2\/categories?post=6072"},{"taxonomy":"post_tag","embeddable":true,"href":"https:\/\/jessel.de\/365-tage-sylt\/wp-json\/wp\/v2\/tags?post=6072"}],"curies":[{"name":"wp","href":"https:\/\/api.w.org\/{rel}","templated":true}]}}