{"id":6084,"date":"2020-02-09T19:42:19","date_gmt":"2020-02-09T19:42:19","guid":{"rendered":"https:\/\/jessel.de\/365-tage-sylt\/?p=6084"},"modified":"2020-02-09T19:42:19","modified_gmt":"2020-02-09T19:42:19","slug":"9-februar-die-sanfte-sabine","status":"publish","type":"post","link":"https:\/\/jessel.de\/365-tage-sylt\/9-februar-die-sanfte-sabine\/","title":{"rendered":"9. Februar: Die sanfte Sabine"},"content":{"rendered":"<p>Es f\u00e4ngt am fr\u00fchen Morgen an zu sch\u00fctten, und der Wind frischt auch brav auf im Laufe des Vormittags&#8230; als ich gegen 14:30 Uhr (in einer kurzen Regenpause) auf die Promenade pilgere, stolpere ich zun\u00e4chst \u00fcber einen Katastrophen-Touri, der sich, mit drei Hunden an der Leine in der einen Hand, gerade erfolgreich(!) eine Zigarette anz\u00fcndet. Ohne Windschatten. Bei einem Sturm, der sich so nennen d\u00fcrfte, ein herzlich aussichtsloses Unterfangen.<br \/>\nZwischen Strand- und Friedrichstra\u00dfe dr\u00e4ngelt sich das vornehmlich st\u00e4dtisch anmutende Publikum am Promenadengel\u00e4nder. Mittendrin ein \u00a0Filmteam, das die Hoffnung l\u00e4ngst hat fallen lassen, hier noch eine klimahistorisch bedeutsame Szene in den Kasten zu kriegen &#8211; zumal auch gerade der n\u00e4chste Regenschauer dazwischen peitscht, welcher die versammelte Interessentenschar in Windeseile unter die Arkaden treibt.<\/p>\n<p>Ungew\u00f6hnlich ist der schon wieder seit Tagen anhaltende S\u00fcdwind, der mittlerweile gute acht Beaufort erreicht. Bei \u201enormalen St\u00fcrmen\u201c ist die 180-Grad-Windrichtung eine Durchgangs-Situation, die von den Elementen in Stundenfrist abgehakt wird &#8211; nicht jedoch bei \u201eOrkantief Sabine\u201c: Es wird noch bis 18:30 Uhr dauern, als \u00a0endlich die angek\u00fcndigte Kaltfront mit den ersten tats\u00e4chlich orkanartigen B\u00f6en \u00fcber die Insel zieht, die auch unser Haus kurz ersch\u00fcttern lassen&#8230;<\/p>\n<p>Das Meer pr\u00e4sentiert sich in seltener Sideshore-Manier: \u201eSmoker\u201c werden gro\u00dfe Wellen an atlantischen Gestaden genannt, die bei seitlichen oder gar Gegenwinden ihre Font\u00e4nen so zauberhaft in die Luft werfen &#8211; ein in der Nordsee ebenfalls eher ungew\u00f6hnliches Ph\u00e4nomen, da es bei uns keinen Swell ferner St\u00fcrme gibt. Hier gibt\u2019s hohe Wellen nur bei R\u00fcckenwind, und der kommt vor Sylt aus dem Westen.<\/p>\n<p>Ich bleibe am Gel\u00e4nder und geniesse f\u00fcr Minuten dieses sch\u00f6ne Schauspiel, bis mich die stechenden Regentropfen vertreiben, die mir &#8211; gef\u00fchlt &#8211; wie N\u00e4gel auf die linke Gesichtsh\u00e4lfte schlagen&#8230; und nutze die sich bietende Gelegenheit, mir aus dem Caf\u00e9 Wien ein Tablett mit ausgew\u00e4hlten Kuchen mitzunehmen, an dessen sicherem Heimtransport mich kein \u201eSturm\u201c dieser Art jemals hindern kann.<\/p>\n<p>Die guten Meldungen: Sylt steht noch, in den kommenden Tagen ist durchg\u00e4ngig heftiger West(!)wind zu erwarten&#8230; und auch die Sonne d\u00fcrfte sich mal zeigen, was sch\u00f6ne Fotos erwarten l\u00e4sst. Das w\u00e4re doch mal was&#8230;.!<\/p>\n","protected":false},"excerpt":{"rendered":"<p>Es f\u00e4ngt am fr\u00fchen Morgen an zu sch\u00fctten, und der Wind frischt auch brav auf im Laufe des Vormittags&#8230; als ich gegen 14:30 Uhr (in einer kurzen Regenpause) auf die Promenade pilgere, stolpere ich zun\u00e4chst \u00fcber einen Katastrophen-Touri, der sich, mit drei Hunden an der Leine in der einen Hand, gerade erfolgreich(!) eine Zigarette anz\u00fcndet. Ohne Windschatten. Bei einem Sturm, der sich so nennen d\u00fcrfte, ein herzlich aussichtsloses Unterfangen. Zwischen&hellip;<\/p>\n","protected":false},"author":2,"featured_media":6087,"comment_status":"open","ping_status":"open","sticky":false,"template":"","format":"standard","meta":{"footnotes":""},"categories":[27,35,26,49,7,23],"tags":[],"class_list":["post-6084","post","type-post","status-publish","format-standard","has-post-thumbnail","hentry","category-alle-bilder","category-schlechtes-wetter","category-strand","category-sturm","category-westerland","category-winter"],"jetpack_featured_media_url":"https:\/\/jessel.de\/365-tage-sylt\/wp-content\/uploads\/2020\/02\/D345A10A-8BC9-4E26-9B3B-81636594F355.jpeg","_links":{"self":[{"href":"https:\/\/jessel.de\/365-tage-sylt\/wp-json\/wp\/v2\/posts\/6084","targetHints":{"allow":["GET"]}}],"collection":[{"href":"https:\/\/jessel.de\/365-tage-sylt\/wp-json\/wp\/v2\/posts"}],"about":[{"href":"https:\/\/jessel.de\/365-tage-sylt\/wp-json\/wp\/v2\/types\/post"}],"author":[{"embeddable":true,"href":"https:\/\/jessel.de\/365-tage-sylt\/wp-json\/wp\/v2\/users\/2"}],"replies":[{"embeddable":true,"href":"https:\/\/jessel.de\/365-tage-sylt\/wp-json\/wp\/v2\/comments?post=6084"}],"version-history":[{"count":1,"href":"https:\/\/jessel.de\/365-tage-sylt\/wp-json\/wp\/v2\/posts\/6084\/revisions"}],"predecessor-version":[{"id":6088,"href":"https:\/\/jessel.de\/365-tage-sylt\/wp-json\/wp\/v2\/posts\/6084\/revisions\/6088"}],"wp:featuredmedia":[{"embeddable":true,"href":"https:\/\/jessel.de\/365-tage-sylt\/wp-json\/wp\/v2\/media\/6087"}],"wp:attachment":[{"href":"https:\/\/jessel.de\/365-tage-sylt\/wp-json\/wp\/v2\/media?parent=6084"}],"wp:term":[{"taxonomy":"category","embeddable":true,"href":"https:\/\/jessel.de\/365-tage-sylt\/wp-json\/wp\/v2\/categories?post=6084"},{"taxonomy":"post_tag","embeddable":true,"href":"https:\/\/jessel.de\/365-tage-sylt\/wp-json\/wp\/v2\/tags?post=6084"}],"curies":[{"name":"wp","href":"https:\/\/api.w.org\/{rel}","templated":true}]}}