{"id":6184,"date":"2020-02-27T06:20:51","date_gmt":"2020-02-27T06:20:51","guid":{"rendered":"https:\/\/jessel.de\/365-tage-sylt\/?p=6184"},"modified":"2020-02-27T06:20:51","modified_gmt":"2020-02-27T06:20:51","slug":"26-februar-aschermittwoch-offenbar","status":"publish","type":"post","link":"https:\/\/jessel.de\/365-tage-sylt\/26-februar-aschermittwoch-offenbar\/","title":{"rendered":"26. Februar: Aschermittwoch offenbar"},"content":{"rendered":"<p>Der erste ruhigere Tag seit langem! Der Strand vor der Westerl\u00e4nder Promenade ist derart ausger\u00e4umt, dass sogar das Basalt-Deckwerk als auch die Granitfindlinge zutage getreten sind, und die Tetrapoden liegen bis zu den F\u00fc\u00dfen frei.<\/p>\n<p>Die st\u00fcrmischen Tage\/Wochen haben tausende von Seesternen aus ihrem angestammten Lebensraum gerissen. Es sind so viele, dass selbst die M\u00f6wen keinen Appetit mehr darauf haben.<\/p>\n<p>Der Strand ist heute morgen zur Niedrigwasserzeit voll mit Menschen. Seit einigen Jahren sammeln sich zu dieser Jahreszeit auch an der Nordseek\u00fcste gerne die eingefleischten Karneval-Abstinentler, die sich lieber das Tosen des Meeres als das leidige Alaaf &amp; Helau anh\u00f6ren. Nach dem kommenden Wochenende wird es wieder ruhiger hier&#8230;:<\/p>\n<p>Noch ein kurzer Blick auf die Uferschutzanlagen, erst von unten&#8230;:<\/p>\n<p><img loading=\"lazy\" decoding=\"async\" class=\"alignnone size-full wp-image-6186\" src=\"https:\/\/jessel.de\/365-tage-sylt\/wp-content\/uploads\/2020\/02\/6D2068F5-D0A7-454D-8EDC-05AB3E62A7A6.jpeg\" alt=\"\" width=\"1202\" height=\"800\" srcset=\"https:\/\/jessel.de\/365-tage-sylt\/wp-content\/uploads\/2020\/02\/6D2068F5-D0A7-454D-8EDC-05AB3E62A7A6.jpeg 1202w, https:\/\/jessel.de\/365-tage-sylt\/wp-content\/uploads\/2020\/02\/6D2068F5-D0A7-454D-8EDC-05AB3E62A7A6-300x200.jpeg 300w, https:\/\/jessel.de\/365-tage-sylt\/wp-content\/uploads\/2020\/02\/6D2068F5-D0A7-454D-8EDC-05AB3E62A7A6-1024x682.jpeg 1024w, https:\/\/jessel.de\/365-tage-sylt\/wp-content\/uploads\/2020\/02\/6D2068F5-D0A7-454D-8EDC-05AB3E62A7A6-768x511.jpeg 768w\" sizes=\"auto, (max-width: 1202px) 100vw, 1202px\" \/><\/p>\n<p>&#8230; dann von oben:<\/p>\n<p><img loading=\"lazy\" decoding=\"async\" class=\"alignnone size-full wp-image-6187\" src=\"https:\/\/jessel.de\/365-tage-sylt\/wp-content\/uploads\/2020\/02\/E5DE66A1-F188-48BE-B16E-FDB8F5DF73B9.jpeg\" alt=\"\" width=\"1202\" height=\"800\" srcset=\"https:\/\/jessel.de\/365-tage-sylt\/wp-content\/uploads\/2020\/02\/E5DE66A1-F188-48BE-B16E-FDB8F5DF73B9.jpeg 1202w, https:\/\/jessel.de\/365-tage-sylt\/wp-content\/uploads\/2020\/02\/E5DE66A1-F188-48BE-B16E-FDB8F5DF73B9-300x200.jpeg 300w, https:\/\/jessel.de\/365-tage-sylt\/wp-content\/uploads\/2020\/02\/E5DE66A1-F188-48BE-B16E-FDB8F5DF73B9-1024x682.jpeg 1024w, https:\/\/jessel.de\/365-tage-sylt\/wp-content\/uploads\/2020\/02\/E5DE66A1-F188-48BE-B16E-FDB8F5DF73B9-768x511.jpeg 768w\" sizes=\"auto, (max-width: 1202px) 100vw, 1202px\" \/><\/p>\n<p>Wenn man\/frau bedenkt, dass sich hier noch vor kurzem bis zur Wasserkante ein reichlich drei Meter h\u00f6herer Strand befand, d\u00fcrfen wir res\u00fcmieren: Das Meer hat ganze Arbeit geleistet!<\/p>\n","protected":false},"excerpt":{"rendered":"<p>Der erste ruhigere Tag seit langem! Der Strand vor der Westerl\u00e4nder Promenade ist derart ausger\u00e4umt, dass sogar das Basalt-Deckwerk als auch die Granitfindlinge zutage getreten sind, und die Tetrapoden liegen bis zu den F\u00fc\u00dfen frei. Die st\u00fcrmischen Tage\/Wochen haben tausende von Seesternen aus ihrem angestammten Lebensraum gerissen. Es sind so viele, dass selbst die M\u00f6wen keinen Appetit mehr darauf haben. Der Strand ist heute morgen zur Niedrigwasserzeit voll mit Menschen.&hellip;<\/p>\n","protected":false},"author":2,"featured_media":6185,"comment_status":"open","ping_status":"open","sticky":false,"template":"","format":"standard","meta":{"footnotes":""},"categories":[27,28,3,4,26,49,40,2,7,23],"tags":[],"class_list":["post-6184","post","type-post","status-publish","format-standard","has-post-thumbnail","hentry","category-alle-bilder","category-haeuser","category-menschen","category-spuren","category-strand","category-sturm","category-tiere","category-tourismus","category-westerland","category-winter"],"jetpack_featured_media_url":"https:\/\/jessel.de\/365-tage-sylt\/wp-content\/uploads\/2020\/02\/C33A881A-0102-49E4-A120-80279D5E152F.jpeg","_links":{"self":[{"href":"https:\/\/jessel.de\/365-tage-sylt\/wp-json\/wp\/v2\/posts\/6184","targetHints":{"allow":["GET"]}}],"collection":[{"href":"https:\/\/jessel.de\/365-tage-sylt\/wp-json\/wp\/v2\/posts"}],"about":[{"href":"https:\/\/jessel.de\/365-tage-sylt\/wp-json\/wp\/v2\/types\/post"}],"author":[{"embeddable":true,"href":"https:\/\/jessel.de\/365-tage-sylt\/wp-json\/wp\/v2\/users\/2"}],"replies":[{"embeddable":true,"href":"https:\/\/jessel.de\/365-tage-sylt\/wp-json\/wp\/v2\/comments?post=6184"}],"version-history":[{"count":1,"href":"https:\/\/jessel.de\/365-tage-sylt\/wp-json\/wp\/v2\/posts\/6184\/revisions"}],"predecessor-version":[{"id":6189,"href":"https:\/\/jessel.de\/365-tage-sylt\/wp-json\/wp\/v2\/posts\/6184\/revisions\/6189"}],"wp:featuredmedia":[{"embeddable":true,"href":"https:\/\/jessel.de\/365-tage-sylt\/wp-json\/wp\/v2\/media\/6185"}],"wp:attachment":[{"href":"https:\/\/jessel.de\/365-tage-sylt\/wp-json\/wp\/v2\/media?parent=6184"}],"wp:term":[{"taxonomy":"category","embeddable":true,"href":"https:\/\/jessel.de\/365-tage-sylt\/wp-json\/wp\/v2\/categories?post=6184"},{"taxonomy":"post_tag","embeddable":true,"href":"https:\/\/jessel.de\/365-tage-sylt\/wp-json\/wp\/v2\/tags?post=6184"}],"curies":[{"name":"wp","href":"https:\/\/api.w.org\/{rel}","templated":true}]}}