{"id":6192,"date":"2020-02-28T06:43:27","date_gmt":"2020-02-28T06:43:27","guid":{"rendered":"https:\/\/jessel.de\/365-tage-sylt\/?p=6192"},"modified":"2020-02-28T06:43:27","modified_gmt":"2020-02-28T06:43:27","slug":"27-februar-treffen-mit-alten-bekannten","status":"publish","type":"post","link":"https:\/\/jessel.de\/365-tage-sylt\/27-februar-treffen-mit-alten-bekannten\/","title":{"rendered":"27. Februar: Treffen mit alten Bekannten"},"content":{"rendered":"<p>Ein herrlicher Nordseetag! Um 9:30 Uhr mache ich mich auf den Weg am Strand entlang nach Rantum. In H\u00f6he Dikjen Deel sto\u00dfe ich erstmals nach Jahren wieder auf Klei-Horizonte am Weststrand, beredtes Zeugnis daf\u00fcr, dass hier vor Jahrhunderten noch die Ostseite der Insel mit dem Watt lag&#8230; welches dann von der Insel \u00fcberwandert wurde:<\/p>\n<p><img loading=\"lazy\" decoding=\"async\" class=\"alignnone size-full wp-image-6195\" src=\"https:\/\/jessel.de\/365-tage-sylt\/wp-content\/uploads\/2020\/02\/95612565-F27A-4F1A-923D-04526015F53C.jpeg\" alt=\"\" width=\"1202\" height=\"800\" srcset=\"https:\/\/jessel.de\/365-tage-sylt\/wp-content\/uploads\/2020\/02\/95612565-F27A-4F1A-923D-04526015F53C.jpeg 1202w, https:\/\/jessel.de\/365-tage-sylt\/wp-content\/uploads\/2020\/02\/95612565-F27A-4F1A-923D-04526015F53C-300x200.jpeg 300w, https:\/\/jessel.de\/365-tage-sylt\/wp-content\/uploads\/2020\/02\/95612565-F27A-4F1A-923D-04526015F53C-1024x682.jpeg 1024w, https:\/\/jessel.de\/365-tage-sylt\/wp-content\/uploads\/2020\/02\/95612565-F27A-4F1A-923D-04526015F53C-768x511.jpeg 768w\" sizes=\"auto, (max-width: 1202px) 100vw, 1202px\" \/><\/p>\n<p>Vor einer Buhne eine besonders sch\u00f6ne Abbruchkante:<\/p>\n<p><img loading=\"lazy\" decoding=\"async\" class=\"alignnone size-full wp-image-6196\" src=\"https:\/\/jessel.de\/365-tage-sylt\/wp-content\/uploads\/2020\/02\/713DA82A-25F7-4208-921F-8189AC0E1FEB.jpeg\" alt=\"\" width=\"1202\" height=\"800\" srcset=\"https:\/\/jessel.de\/365-tage-sylt\/wp-content\/uploads\/2020\/02\/713DA82A-25F7-4208-921F-8189AC0E1FEB.jpeg 1202w, https:\/\/jessel.de\/365-tage-sylt\/wp-content\/uploads\/2020\/02\/713DA82A-25F7-4208-921F-8189AC0E1FEB-300x200.jpeg 300w, https:\/\/jessel.de\/365-tage-sylt\/wp-content\/uploads\/2020\/02\/713DA82A-25F7-4208-921F-8189AC0E1FEB-1024x682.jpeg 1024w, https:\/\/jessel.de\/365-tage-sylt\/wp-content\/uploads\/2020\/02\/713DA82A-25F7-4208-921F-8189AC0E1FEB-768x511.jpeg 768w\" sizes=\"auto, (max-width: 1202px) 100vw, 1202px\" \/><\/p>\n<p>Highlight des Tages ist ein pl\u00f6tzliche \u201eKaribische Stimmung\u201c:<\/p>\n<p><img loading=\"lazy\" decoding=\"async\" class=\"alignnone size-full wp-image-6194\" src=\"https:\/\/jessel.de\/365-tage-sylt\/wp-content\/uploads\/2020\/02\/1309AB69-EEB8-4E3B-A1A4-3DA058CEE8B9.jpeg\" alt=\"\" width=\"1202\" height=\"800\" srcset=\"https:\/\/jessel.de\/365-tage-sylt\/wp-content\/uploads\/2020\/02\/1309AB69-EEB8-4E3B-A1A4-3DA058CEE8B9.jpeg 1202w, https:\/\/jessel.de\/365-tage-sylt\/wp-content\/uploads\/2020\/02\/1309AB69-EEB8-4E3B-A1A4-3DA058CEE8B9-300x200.jpeg 300w, https:\/\/jessel.de\/365-tage-sylt\/wp-content\/uploads\/2020\/02\/1309AB69-EEB8-4E3B-A1A4-3DA058CEE8B9-1024x682.jpeg 1024w, https:\/\/jessel.de\/365-tage-sylt\/wp-content\/uploads\/2020\/02\/1309AB69-EEB8-4E3B-A1A4-3DA058CEE8B9-768x511.jpeg 768w\" sizes=\"auto, (max-width: 1202px) 100vw, 1202px\" \/><\/p>\n<p>Ein wunderbar klares Wasser, sanfter Wind, gro\u00dfartige Wolken und Meeresduft begleiten mich auf der weiteren Strecke:<\/p>\n<p><img loading=\"lazy\" decoding=\"async\" class=\"alignnone size-full wp-image-6197\" src=\"https:\/\/jessel.de\/365-tage-sylt\/wp-content\/uploads\/2020\/02\/61EAD745-889F-4A59-916A-94FB76F10D2D.jpeg\" alt=\"\" width=\"1202\" height=\"800\" srcset=\"https:\/\/jessel.de\/365-tage-sylt\/wp-content\/uploads\/2020\/02\/61EAD745-889F-4A59-916A-94FB76F10D2D.jpeg 1202w, https:\/\/jessel.de\/365-tage-sylt\/wp-content\/uploads\/2020\/02\/61EAD745-889F-4A59-916A-94FB76F10D2D-300x200.jpeg 300w, https:\/\/jessel.de\/365-tage-sylt\/wp-content\/uploads\/2020\/02\/61EAD745-889F-4A59-916A-94FB76F10D2D-1024x682.jpeg 1024w, https:\/\/jessel.de\/365-tage-sylt\/wp-content\/uploads\/2020\/02\/61EAD745-889F-4A59-916A-94FB76F10D2D-768x511.jpeg 768w\" sizes=\"auto, (max-width: 1202px) 100vw, 1202px\" \/><\/p>\n","protected":false},"excerpt":{"rendered":"<p>Ein herrlicher Nordseetag! Um 9:30 Uhr mache ich mich auf den Weg am Strand entlang nach Rantum. In H\u00f6he Dikjen Deel sto\u00dfe ich erstmals nach Jahren wieder auf Klei-Horizonte am Weststrand, beredtes Zeugnis daf\u00fcr, dass hier vor Jahrhunderten noch die Ostseite der Insel mit dem Watt lag&#8230; welches dann von der Insel \u00fcberwandert wurde: Vor einer Buhne eine besonders sch\u00f6ne Abbruchkante: Highlight des Tages ist ein pl\u00f6tzliche \u201eKaribische Stimmung\u201c: Ein&hellip;<\/p>\n","protected":false},"author":2,"featured_media":6193,"comment_status":"open","ping_status":"open","sticky":false,"template":"","format":"standard","meta":{"footnotes":""},"categories":[27,37,3,4,26,2,7,23],"tags":[],"class_list":["post-6192","post","type-post","status-publish","format-standard","has-post-thumbnail","hentry","category-alle-bilder","category-buhne","category-menschen","category-spuren","category-strand","category-tourismus","category-westerland","category-winter"],"jetpack_featured_media_url":"https:\/\/jessel.de\/365-tage-sylt\/wp-content\/uploads\/2020\/02\/8FC89205-C15C-41B9-936C-0E896E216792.jpeg","_links":{"self":[{"href":"https:\/\/jessel.de\/365-tage-sylt\/wp-json\/wp\/v2\/posts\/6192","targetHints":{"allow":["GET"]}}],"collection":[{"href":"https:\/\/jessel.de\/365-tage-sylt\/wp-json\/wp\/v2\/posts"}],"about":[{"href":"https:\/\/jessel.de\/365-tage-sylt\/wp-json\/wp\/v2\/types\/post"}],"author":[{"embeddable":true,"href":"https:\/\/jessel.de\/365-tage-sylt\/wp-json\/wp\/v2\/users\/2"}],"replies":[{"embeddable":true,"href":"https:\/\/jessel.de\/365-tage-sylt\/wp-json\/wp\/v2\/comments?post=6192"}],"version-history":[{"count":1,"href":"https:\/\/jessel.de\/365-tage-sylt\/wp-json\/wp\/v2\/posts\/6192\/revisions"}],"predecessor-version":[{"id":6198,"href":"https:\/\/jessel.de\/365-tage-sylt\/wp-json\/wp\/v2\/posts\/6192\/revisions\/6198"}],"wp:featuredmedia":[{"embeddable":true,"href":"https:\/\/jessel.de\/365-tage-sylt\/wp-json\/wp\/v2\/media\/6193"}],"wp:attachment":[{"href":"https:\/\/jessel.de\/365-tage-sylt\/wp-json\/wp\/v2\/media?parent=6192"}],"wp:term":[{"taxonomy":"category","embeddable":true,"href":"https:\/\/jessel.de\/365-tage-sylt\/wp-json\/wp\/v2\/categories?post=6192"},{"taxonomy":"post_tag","embeddable":true,"href":"https:\/\/jessel.de\/365-tage-sylt\/wp-json\/wp\/v2\/tags?post=6192"}],"curies":[{"name":"wp","href":"https:\/\/api.w.org\/{rel}","templated":true}]}}