{"id":626,"date":"2017-04-06T16:28:27","date_gmt":"2017-04-06T16:28:27","guid":{"rendered":"http:\/\/jessel.de\/365-tage-sylt\/?p=626"},"modified":"2017-04-06T17:31:00","modified_gmt":"2017-04-06T17:31:00","slug":"arbeitsrausch","status":"publish","type":"post","link":"https:\/\/jessel.de\/365-tage-sylt\/arbeitsrausch\/","title":{"rendered":"Arbeitsrausch"},"content":{"rendered":"<p>Ich brauche keinen Wecker an solchen Tagen. Das Terrain ist sondiert, der Wetterbericht stimmt, der Schlaf ist unruhig &#8211; das Motiv wartet auf mich. Ich hoppse um 4:45 Uhr ausm Bett.<\/p>\n<p><img loading=\"lazy\" decoding=\"async\" class=\"alignnone size-full wp-image-630\" src=\"http:\/\/jessel.de\/365-tage-sylt\/wp-content\/uploads\/2017\/04\/L1003432.jpg\" alt=\"\" width=\"1200\" height=\"800\" srcset=\"https:\/\/jessel.de\/365-tage-sylt\/wp-content\/uploads\/2017\/04\/L1003432.jpg 1200w, https:\/\/jessel.de\/365-tage-sylt\/wp-content\/uploads\/2017\/04\/L1003432-300x200.jpg 300w, https:\/\/jessel.de\/365-tage-sylt\/wp-content\/uploads\/2017\/04\/L1003432-768x512.jpg 768w, https:\/\/jessel.de\/365-tage-sylt\/wp-content\/uploads\/2017\/04\/L1003432-1024x683.jpg 1024w\" sizes=\"auto, (max-width: 1200px) 100vw, 1200px\" \/><\/p>\n<p>Habe mich auf dem H\u00f6rnumer Nehrungshaken &#8222;fest gefressen&#8220;&#8230; da verstecken sich jede Menge Landschaften, die jetzt auf dem Optimum sind. Meine Vorgehensweise ist stets die Gleiche: 1. Motivsuche (einfach, l\u00e4ngst geschehen), 2. Lichtcheck, das heisst, um welche Uhrzeit muss ich antreten (mittelschwer, da passieren gerne mal Fehler) und 3. Welches Wetter wird ben\u00f6tigt: Wind-(richtung)? Was f\u00fcr Wolken? Gute Sicht vonn\u00f6ten? Direktes oder diffuses Licht? (Schwer bis ins Irre gehend, aber definitiv meine St\u00e4rke).<\/p>\n<p>Tage wie diese z\u00e4hlen zu den Grooo\u00dfen in meinem Job!\u00a0Ich bin komplett fokussiert, schalte alle Alltags-St\u00f6rfaktoren konsequent aus (Kein Nervkram, keine Telefonate, Gespr\u00e4che auf ein Minimum zur\u00fcck geschraubt, Wahrnehmung deutlich eingeschr\u00e4nkt etc. pp.). Vor meinem geistigen Auge spulen unabl\u00e4ssig\u00a0\u00a0Szenarien ab, die nun theoretisch auf mich warten (k\u00f6nnten). Erschwerend kommt hinzu, dass ich z. Zt. mehrere Locations &#8222;beackere&#8220;, die Kilometer auseinander liegen und zum Teil auch noch gleichzeitiges Erscheinen erfordern&#8230; DAS ist dann richtiger (Eu-)stress, mehr geht nicht.<\/p>\n<p>Das beharrliche, gelegentlich mehrere Wochen andauernde &#8222;Eintauchen&#8220;\u00a0in konkrete, schnell bestens bekannte \u00a0Umgebungen\u00a0gestattet mir ein besonders eindringliches, tiefes und emotionales Landschafts-Erleben. DAS sind die H\u00f6hepunkte meiner Arbeit: Hochkonzentrierte Momente, gelegentlich \u00fcber Stunden andauernd, meist aber von kurzer Dauer.\u00a0Jede menschliche Seele im erweiterten Sichtfeld wird zu einem kolossalen St\u00f6rfaktor &#8211; aber zu den Unzeiten muss ich das gl\u00fccklicherweise nur selten erleben. Noch etwas: Auf KEINEN Fall den derart Beseelten in solchen Momenten ansprechen! Datt geht schief!<\/p>\n<p>W\u00e4hrend die ersten Erkundungstouren stets mit &#8222;kleinem Gep\u00e4ck&#8220; statt finden, kommt mit der Zeit das &#8222;schwere Ger\u00e4t&#8220; zum Einsatz. Ziel ist, bei Top-Motiven Dateigr\u00f6\u00dfen von mindestens 500 MB zu erreichen, die Gr\u00f6\u00dft-Vergr\u00f6\u00dferungen erlauben. B\u00f6se Schlepperei.<\/p>\n<p>Die Arbeits-Intensit\u00e4t ersch\u00f6pft mich regelm\u00e4\u00dfig nach wenigen Tagen, so dass ich entweder von der Insel fl\u00fcchten muss &#8211; oder aber das Wetter wird unfotogen. Morgen passiert beides. Herrlich &amp; Allerbest!<\/p>\n","protected":false},"excerpt":{"rendered":"<p>Ich brauche keinen Wecker an solchen Tagen. Das Terrain ist sondiert, der Wetterbericht stimmt, der Schlaf ist unruhig &#8211; das Motiv wartet auf mich. Ich hoppse um 4:45 Uhr ausm Bett. Habe mich auf dem H\u00f6rnumer Nehrungshaken &#8222;fest gefressen&#8220;&#8230; da verstecken sich jede Menge Landschaften, die jetzt auf dem Optimum sind. Meine Vorgehensweise ist stets die Gleiche: 1. Motivsuche (einfach, l\u00e4ngst geschehen), 2. Lichtcheck, das heisst, um welche Uhrzeit muss&hellip;<\/p>\n","protected":false},"author":2,"featured_media":627,"comment_status":"open","ping_status":"open","sticky":false,"template":"","format":"standard","meta":{"footnotes":""},"categories":[27,24,41,1,4,26],"tags":[],"class_list":["post-626","post","type-post","status-publish","format-standard","has-post-thumbnail","hentry","category-alle-bilder","category-duenen","category-fruehling","category-uncategorized","category-spuren","category-strand"],"jetpack_featured_media_url":"https:\/\/jessel.de\/365-tage-sylt\/wp-content\/uploads\/2017\/04\/L1003512.jpg","_links":{"self":[{"href":"https:\/\/jessel.de\/365-tage-sylt\/wp-json\/wp\/v2\/posts\/626","targetHints":{"allow":["GET"]}}],"collection":[{"href":"https:\/\/jessel.de\/365-tage-sylt\/wp-json\/wp\/v2\/posts"}],"about":[{"href":"https:\/\/jessel.de\/365-tage-sylt\/wp-json\/wp\/v2\/types\/post"}],"author":[{"embeddable":true,"href":"https:\/\/jessel.de\/365-tage-sylt\/wp-json\/wp\/v2\/users\/2"}],"replies":[{"embeddable":true,"href":"https:\/\/jessel.de\/365-tage-sylt\/wp-json\/wp\/v2\/comments?post=626"}],"version-history":[{"count":4,"href":"https:\/\/jessel.de\/365-tage-sylt\/wp-json\/wp\/v2\/posts\/626\/revisions"}],"predecessor-version":[{"id":632,"href":"https:\/\/jessel.de\/365-tage-sylt\/wp-json\/wp\/v2\/posts\/626\/revisions\/632"}],"wp:featuredmedia":[{"embeddable":true,"href":"https:\/\/jessel.de\/365-tage-sylt\/wp-json\/wp\/v2\/media\/627"}],"wp:attachment":[{"href":"https:\/\/jessel.de\/365-tage-sylt\/wp-json\/wp\/v2\/media?parent=626"}],"wp:term":[{"taxonomy":"category","embeddable":true,"href":"https:\/\/jessel.de\/365-tage-sylt\/wp-json\/wp\/v2\/categories?post=626"},{"taxonomy":"post_tag","embeddable":true,"href":"https:\/\/jessel.de\/365-tage-sylt\/wp-json\/wp\/v2\/tags?post=626"}],"curies":[{"name":"wp","href":"https:\/\/api.w.org\/{rel}","templated":true}]}}