{"id":633,"date":"2017-04-07T18:59:44","date_gmt":"2017-04-07T18:59:44","guid":{"rendered":"http:\/\/jessel.de\/365-tage-sylt\/?p=633"},"modified":"2017-04-07T19:05:10","modified_gmt":"2017-04-07T19:05:10","slug":"gestern-heute","status":"publish","type":"post","link":"https:\/\/jessel.de\/365-tage-sylt\/gestern-heute\/","title":{"rendered":"Gestern &#8211; heute"},"content":{"rendered":"<p>Das Bild stammt von gestern. &#8222;Gef\u00fchlt surreal&#8220;, so meine pers\u00f6nliche Einsch\u00e4tzung.<\/p>\n<p>Ich bin heute in Hamburg. Kino, Pizza, Multikulti, Kochen, Null D\u00fcnen. Urlaub sozusagen.<\/p>\n<p>Ach ja, gestern abend kam, entgegen jeder Vorhersage, noch einmal die Sonne raus:<\/p>\n<p><img loading=\"lazy\" decoding=\"async\" class=\"alignnone size-full wp-image-637\" src=\"http:\/\/jessel.de\/365-tage-sylt\/wp-content\/uploads\/2017\/04\/IMG_0329.jpg\" alt=\"\" width=\"1201\" height=\"800\" srcset=\"https:\/\/jessel.de\/365-tage-sylt\/wp-content\/uploads\/2017\/04\/IMG_0329.jpg 1201w, https:\/\/jessel.de\/365-tage-sylt\/wp-content\/uploads\/2017\/04\/IMG_0329-300x200.jpg 300w, https:\/\/jessel.de\/365-tage-sylt\/wp-content\/uploads\/2017\/04\/IMG_0329-768x512.jpg 768w, https:\/\/jessel.de\/365-tage-sylt\/wp-content\/uploads\/2017\/04\/IMG_0329-1024x682.jpg 1024w\" sizes=\"auto, (max-width: 1201px) 100vw, 1201px\" \/><\/p>\n<p>Bis morgen!<\/p>\n","protected":false},"excerpt":{"rendered":"<p>Das Bild stammt von gestern. &#8222;Gef\u00fchlt surreal&#8220;, so meine pers\u00f6nliche Einsch\u00e4tzung. Ich bin heute in Hamburg. Kino, Pizza, Multikulti, Kochen, Null D\u00fcnen. Urlaub sozusagen. Ach ja, gestern abend kam, entgegen jeder Vorhersage, noch einmal die Sonne raus: Bis morgen!<\/p>\n","protected":false},"author":2,"featured_media":634,"comment_status":"open","ping_status":"open","sticky":false,"template":"","format":"standard","meta":{"footnotes":""},"categories":[27,41,3,4,26,7],"tags":[],"class_list":["post-633","post","type-post","status-publish","format-standard","has-post-thumbnail","hentry","category-alle-bilder","category-fruehling","category-menschen","category-spuren","category-strand","category-westerland"],"jetpack_featured_media_url":"https:\/\/jessel.de\/365-tage-sylt\/wp-content\/uploads\/2017\/04\/IMG_0327.jpg","_links":{"self":[{"href":"https:\/\/jessel.de\/365-tage-sylt\/wp-json\/wp\/v2\/posts\/633","targetHints":{"allow":["GET"]}}],"collection":[{"href":"https:\/\/jessel.de\/365-tage-sylt\/wp-json\/wp\/v2\/posts"}],"about":[{"href":"https:\/\/jessel.de\/365-tage-sylt\/wp-json\/wp\/v2\/types\/post"}],"author":[{"embeddable":true,"href":"https:\/\/jessel.de\/365-tage-sylt\/wp-json\/wp\/v2\/users\/2"}],"replies":[{"embeddable":true,"href":"https:\/\/jessel.de\/365-tage-sylt\/wp-json\/wp\/v2\/comments?post=633"}],"version-history":[{"count":3,"href":"https:\/\/jessel.de\/365-tage-sylt\/wp-json\/wp\/v2\/posts\/633\/revisions"}],"predecessor-version":[{"id":638,"href":"https:\/\/jessel.de\/365-tage-sylt\/wp-json\/wp\/v2\/posts\/633\/revisions\/638"}],"wp:featuredmedia":[{"embeddable":true,"href":"https:\/\/jessel.de\/365-tage-sylt\/wp-json\/wp\/v2\/media\/634"}],"wp:attachment":[{"href":"https:\/\/jessel.de\/365-tage-sylt\/wp-json\/wp\/v2\/media?parent=633"}],"wp:term":[{"taxonomy":"category","embeddable":true,"href":"https:\/\/jessel.de\/365-tage-sylt\/wp-json\/wp\/v2\/categories?post=633"},{"taxonomy":"post_tag","embeddable":true,"href":"https:\/\/jessel.de\/365-tage-sylt\/wp-json\/wp\/v2\/tags?post=633"}],"curies":[{"name":"wp","href":"https:\/\/api.w.org\/{rel}","templated":true}]}}