{"id":6359,"date":"2020-03-28T16:57:46","date_gmt":"2020-03-28T16:57:46","guid":{"rendered":"https:\/\/jessel.de\/365-tage-sylt\/?p=6359"},"modified":"2020-03-28T16:57:46","modified_gmt":"2020-03-28T16:57:46","slug":"28-maerz-schuss-in%cb%8bn-ofen","status":"publish","type":"post","link":"https:\/\/jessel.de\/365-tage-sylt\/28-maerz-schuss-in%cb%8bn-ofen\/","title":{"rendered":"28. M\u00e4rz: Schuss in\u02cbn Ofen&#8230;"},"content":{"rendered":"<p>Wenn ich morgens um 4 Uhr aufstehe und kurz darauf mit dem Rad gegen einen st\u00fcrmischen Nordwestwind nach List radle, hat das einen Grund. Das Wetter sieht bombig aus &#8211; \u00fcber Westerland funkeln die Sterne am Firmament. Bald hinter Kampen \u00e4ndert sich die Situation: Selbst im Schwarz der Nacht sehe ich von Norden her dunkles Gew\u00f6lk aufziehen &#8211; das hat\u02cbs hier seit \u00fcber einer Woche nicht mehr gegeben. Und auch nach Ankunft am Ellenbogen bleibt es ungem\u00fctlich:<\/p>\n<p>&nbsp;<\/p>\n<p><img loading=\"lazy\" decoding=\"async\" class=\"size-full wp-image-6360\" src=\"https:\/\/jessel.de\/365-tage-sylt\/wp-content\/uploads\/2020\/03\/543283F6-7447-4BD8-829B-D52820EB3E06.jpeg\" alt=\"\" width=\"1067\" height=\"800\" srcset=\"https:\/\/jessel.de\/365-tage-sylt\/wp-content\/uploads\/2020\/03\/543283F6-7447-4BD8-829B-D52820EB3E06.jpeg 1067w, https:\/\/jessel.de\/365-tage-sylt\/wp-content\/uploads\/2020\/03\/543283F6-7447-4BD8-829B-D52820EB3E06-300x225.jpeg 300w, https:\/\/jessel.de\/365-tage-sylt\/wp-content\/uploads\/2020\/03\/543283F6-7447-4BD8-829B-D52820EB3E06-1024x768.jpeg 1024w, https:\/\/jessel.de\/365-tage-sylt\/wp-content\/uploads\/2020\/03\/543283F6-7447-4BD8-829B-D52820EB3E06-768x576.jpeg 768w\" sizes=\"auto, (max-width: 1067px) 100vw, 1067px\" \/><\/p>\n<p>Eigentlich hatte ich mir andere Fotos vorgestellt, au\u00dferdem ist es saukalt bei dem starken Wind:<\/p>\n<p><img loading=\"lazy\" decoding=\"async\" class=\"size-full wp-image-6361\" src=\"https:\/\/jessel.de\/365-tage-sylt\/wp-content\/uploads\/2020\/03\/3D1E9B09-076F-4642-A82B-EA997526BAAA.jpeg\" alt=\"\" width=\"1067\" height=\"800\" srcset=\"https:\/\/jessel.de\/365-tage-sylt\/wp-content\/uploads\/2020\/03\/3D1E9B09-076F-4642-A82B-EA997526BAAA.jpeg 1067w, https:\/\/jessel.de\/365-tage-sylt\/wp-content\/uploads\/2020\/03\/3D1E9B09-076F-4642-A82B-EA997526BAAA-300x225.jpeg 300w, https:\/\/jessel.de\/365-tage-sylt\/wp-content\/uploads\/2020\/03\/3D1E9B09-076F-4642-A82B-EA997526BAAA-1024x768.jpeg 1024w, https:\/\/jessel.de\/365-tage-sylt\/wp-content\/uploads\/2020\/03\/3D1E9B09-076F-4642-A82B-EA997526BAAA-768x576.jpeg 768w\" sizes=\"auto, (max-width: 1067px) 100vw, 1067px\" \/><\/p>\n<p>Also verlasse ich bald nach 7 Uhr diesen unwirtlichen Ort und radel\u02cb \u00fcber den M\u00f6venbergdeich nach List. Immerhin: Da zeigt sich die Sonne zumindest mal:<\/p>\n<p><img loading=\"lazy\" decoding=\"async\" class=\"alignnone size-full wp-image-6364\" src=\"https:\/\/jessel.de\/365-tage-sylt\/wp-content\/uploads\/2020\/03\/C2215021-6E4D-4B07-A36B-E5E30E7ED48B.jpeg\" alt=\"\" width=\"1274\" height=\"800\" srcset=\"https:\/\/jessel.de\/365-tage-sylt\/wp-content\/uploads\/2020\/03\/C2215021-6E4D-4B07-A36B-E5E30E7ED48B.jpeg 1274w, https:\/\/jessel.de\/365-tage-sylt\/wp-content\/uploads\/2020\/03\/C2215021-6E4D-4B07-A36B-E5E30E7ED48B-300x188.jpeg 300w, https:\/\/jessel.de\/365-tage-sylt\/wp-content\/uploads\/2020\/03\/C2215021-6E4D-4B07-A36B-E5E30E7ED48B-1024x643.jpeg 1024w, https:\/\/jessel.de\/365-tage-sylt\/wp-content\/uploads\/2020\/03\/C2215021-6E4D-4B07-A36B-E5E30E7ED48B-768x482.jpeg 768w\" sizes=\"auto, (max-width: 1274px) 100vw, 1274px\" \/><\/p>\n<p>List pr\u00e4sentiert sich in diesen Jahren als die Boomtown der Insel. Selbst am Samstagmorgen wird geh\u00e4mmert und gebohrt, was das Zeug h\u00e4lt. Hier entsteht der Lanser Hof&#8230;:<\/p>\n<p>&nbsp;<\/p>\n<p><img loading=\"lazy\" decoding=\"async\" class=\"size-full wp-image-6363\" src=\"https:\/\/jessel.de\/365-tage-sylt\/wp-content\/uploads\/2020\/03\/FB9B9AF4-F488-486D-8C7E-A61F836EBD60.jpeg\" alt=\"\" width=\"1067\" height=\"800\" srcset=\"https:\/\/jessel.de\/365-tage-sylt\/wp-content\/uploads\/2020\/03\/FB9B9AF4-F488-486D-8C7E-A61F836EBD60.jpeg 1067w, https:\/\/jessel.de\/365-tage-sylt\/wp-content\/uploads\/2020\/03\/FB9B9AF4-F488-486D-8C7E-A61F836EBD60-300x225.jpeg 300w, https:\/\/jessel.de\/365-tage-sylt\/wp-content\/uploads\/2020\/03\/FB9B9AF4-F488-486D-8C7E-A61F836EBD60-1024x768.jpeg 1024w, https:\/\/jessel.de\/365-tage-sylt\/wp-content\/uploads\/2020\/03\/FB9B9AF4-F488-486D-8C7E-A61F836EBD60-768x576.jpeg 768w\" sizes=\"auto, (max-width: 1067px) 100vw, 1067px\" \/><\/p>\n<p>&#8230; woanders sind gerade sogenannte \u201eLandh\u00e4user im Friesenhaus-Stil\u201c in Reihenhaus-Bauweise entstanden:<\/p>\n<p><img loading=\"lazy\" decoding=\"async\" class=\"alignnone size-full wp-image-6366\" src=\"https:\/\/jessel.de\/365-tage-sylt\/wp-content\/uploads\/2020\/03\/376FA4D6-1917-446E-AD50-E967B7FDE0CF.jpeg\" alt=\"\" width=\"1204\" height=\"800\" srcset=\"https:\/\/jessel.de\/365-tage-sylt\/wp-content\/uploads\/2020\/03\/376FA4D6-1917-446E-AD50-E967B7FDE0CF.jpeg 1204w, https:\/\/jessel.de\/365-tage-sylt\/wp-content\/uploads\/2020\/03\/376FA4D6-1917-446E-AD50-E967B7FDE0CF-300x199.jpeg 300w, https:\/\/jessel.de\/365-tage-sylt\/wp-content\/uploads\/2020\/03\/376FA4D6-1917-446E-AD50-E967B7FDE0CF-1024x680.jpeg 1024w, https:\/\/jessel.de\/365-tage-sylt\/wp-content\/uploads\/2020\/03\/376FA4D6-1917-446E-AD50-E967B7FDE0CF-768x510.jpeg 768w\" sizes=\"auto, (max-width: 1204px) 100vw, 1204px\" \/><\/p>\n<p><img loading=\"lazy\" decoding=\"async\" class=\"alignnone size-full wp-image-6367\" src=\"https:\/\/jessel.de\/365-tage-sylt\/wp-content\/uploads\/2020\/03\/CD1293F1-494B-4FF6-8331-0B575B51D004.jpeg\" alt=\"\" width=\"1329\" height=\"800\" srcset=\"https:\/\/jessel.de\/365-tage-sylt\/wp-content\/uploads\/2020\/03\/CD1293F1-494B-4FF6-8331-0B575B51D004.jpeg 1329w, https:\/\/jessel.de\/365-tage-sylt\/wp-content\/uploads\/2020\/03\/CD1293F1-494B-4FF6-8331-0B575B51D004-300x181.jpeg 300w, https:\/\/jessel.de\/365-tage-sylt\/wp-content\/uploads\/2020\/03\/CD1293F1-494B-4FF6-8331-0B575B51D004-1024x616.jpeg 1024w, https:\/\/jessel.de\/365-tage-sylt\/wp-content\/uploads\/2020\/03\/CD1293F1-494B-4FF6-8331-0B575B51D004-768x462.jpeg 768w\" sizes=\"auto, (max-width: 1329px) 100vw, 1329px\" \/><\/p>\n<p>Bemerkenswertestes Ereignis am heutigen Tage: Auf der Radtour zum Ellenbogen begegne ich auf fast 20 Kilometern nicht nur keinem Menschen, sondern auch keinem Auto&#8230; DAS habe ich definitiv noch nie erlebt! Kein Wunder, sind mittlerweile doch nahezu alle Unterk\u00fcnfte geschlossen, und die Partyszene, mit der ich bei vergleichbar fr\u00fchen Auftritten zumindest in Kampen stets Kontakt hatte, ist ebenfalls in die Corona-Pause verbannt:<\/p>\n<p><img loading=\"lazy\" decoding=\"async\" class=\"size-full wp-image-6365\" src=\"https:\/\/jessel.de\/365-tage-sylt\/wp-content\/uploads\/2020\/03\/D20CA6AC-AD8A-4FE0-B844-44FA083A7ABC.jpeg\" alt=\"\" width=\"1279\" height=\"800\" srcset=\"https:\/\/jessel.de\/365-tage-sylt\/wp-content\/uploads\/2020\/03\/D20CA6AC-AD8A-4FE0-B844-44FA083A7ABC.jpeg 1279w, https:\/\/jessel.de\/365-tage-sylt\/wp-content\/uploads\/2020\/03\/D20CA6AC-AD8A-4FE0-B844-44FA083A7ABC-300x188.jpeg 300w, https:\/\/jessel.de\/365-tage-sylt\/wp-content\/uploads\/2020\/03\/D20CA6AC-AD8A-4FE0-B844-44FA083A7ABC-1024x641.jpeg 1024w, https:\/\/jessel.de\/365-tage-sylt\/wp-content\/uploads\/2020\/03\/D20CA6AC-AD8A-4FE0-B844-44FA083A7ABC-768x480.jpeg 768w\" sizes=\"auto, (max-width: 1279px) 100vw, 1279px\" \/><\/p>\n","protected":false},"excerpt":{"rendered":"<p>Wenn ich morgens um 4 Uhr aufstehe und kurz darauf mit dem Rad gegen einen st\u00fcrmischen Nordwestwind nach List radle, hat das einen Grund. Das Wetter sieht bombig aus &#8211; \u00fcber Westerland funkeln die Sterne am Firmament. Bald hinter Kampen \u00e4ndert sich die Situation: Selbst im Schwarz der Nacht sehe ich von Norden her dunkles Gew\u00f6lk aufziehen &#8211; das hat\u02cbs hier seit \u00fcber einer Woche nicht mehr gegeben. Und auch&hellip;<\/p>\n","protected":false},"author":2,"featured_media":6362,"comment_status":"open","ping_status":"open","sticky":false,"template":"","format":"standard","meta":{"footnotes":""},"categories":[27,41,11,35,4,42],"tags":[],"class_list":["post-6359","post","type-post","status-publish","format-standard","has-post-thumbnail","hentry","category-alle-bilder","category-fruehling","category-list","category-schlechtes-wetter","category-spuren","category-watt"],"jetpack_featured_media_url":"https:\/\/jessel.de\/365-tage-sylt\/wp-content\/uploads\/2020\/03\/2C9C67BC-5EA9-4C42-9F1A-2D42D42DCD43.jpeg","_links":{"self":[{"href":"https:\/\/jessel.de\/365-tage-sylt\/wp-json\/wp\/v2\/posts\/6359","targetHints":{"allow":["GET"]}}],"collection":[{"href":"https:\/\/jessel.de\/365-tage-sylt\/wp-json\/wp\/v2\/posts"}],"about":[{"href":"https:\/\/jessel.de\/365-tage-sylt\/wp-json\/wp\/v2\/types\/post"}],"author":[{"embeddable":true,"href":"https:\/\/jessel.de\/365-tage-sylt\/wp-json\/wp\/v2\/users\/2"}],"replies":[{"embeddable":true,"href":"https:\/\/jessel.de\/365-tage-sylt\/wp-json\/wp\/v2\/comments?post=6359"}],"version-history":[{"count":1,"href":"https:\/\/jessel.de\/365-tage-sylt\/wp-json\/wp\/v2\/posts\/6359\/revisions"}],"predecessor-version":[{"id":6368,"href":"https:\/\/jessel.de\/365-tage-sylt\/wp-json\/wp\/v2\/posts\/6359\/revisions\/6368"}],"wp:featuredmedia":[{"embeddable":true,"href":"https:\/\/jessel.de\/365-tage-sylt\/wp-json\/wp\/v2\/media\/6362"}],"wp:attachment":[{"href":"https:\/\/jessel.de\/365-tage-sylt\/wp-json\/wp\/v2\/media?parent=6359"}],"wp:term":[{"taxonomy":"category","embeddable":true,"href":"https:\/\/jessel.de\/365-tage-sylt\/wp-json\/wp\/v2\/categories?post=6359"},{"taxonomy":"post_tag","embeddable":true,"href":"https:\/\/jessel.de\/365-tage-sylt\/wp-json\/wp\/v2\/tags?post=6359"}],"curies":[{"name":"wp","href":"https:\/\/api.w.org\/{rel}","templated":true}]}}