{"id":6380,"date":"2020-03-31T19:56:19","date_gmt":"2020-03-31T19:56:19","guid":{"rendered":"https:\/\/jessel.de\/365-tage-sylt\/?p=6380"},"modified":"2020-03-31T19:57:38","modified_gmt":"2020-03-31T19:57:38","slug":"30-31-maerz-und-die-situation-im-zentrum-der-inselmetropole","status":"publish","type":"post","link":"https:\/\/jessel.de\/365-tage-sylt\/30-31-maerz-und-die-situation-im-zentrum-der-inselmetropole\/","title":{"rendered":"30.\/31. M\u00e4rz: Und die Situation im Zentrum der Inselmetropole?"},"content":{"rendered":"<p>Ziemlich tote Hose. Nicht nur in der Strandstrasse (Titelbild), sondern auch in der Elisabethstrasse&#8230;:<\/p>\n<p><img loading=\"lazy\" decoding=\"async\" class=\"alignnone size-full wp-image-6385\" src=\"https:\/\/jessel.de\/365-tage-sylt\/wp-content\/uploads\/2020\/03\/65FD0759-459F-44CB-9E34-0CDB00BEB986.jpeg\" alt=\"\" width=\"1607\" height=\"800\" srcset=\"https:\/\/jessel.de\/365-tage-sylt\/wp-content\/uploads\/2020\/03\/65FD0759-459F-44CB-9E34-0CDB00BEB986.jpeg 1607w, https:\/\/jessel.de\/365-tage-sylt\/wp-content\/uploads\/2020\/03\/65FD0759-459F-44CB-9E34-0CDB00BEB986-300x149.jpeg 300w, https:\/\/jessel.de\/365-tage-sylt\/wp-content\/uploads\/2020\/03\/65FD0759-459F-44CB-9E34-0CDB00BEB986-1024x510.jpeg 1024w, https:\/\/jessel.de\/365-tage-sylt\/wp-content\/uploads\/2020\/03\/65FD0759-459F-44CB-9E34-0CDB00BEB986-768x382.jpeg 768w, https:\/\/jessel.de\/365-tage-sylt\/wp-content\/uploads\/2020\/03\/65FD0759-459F-44CB-9E34-0CDB00BEB986-1536x765.jpeg 1536w\" sizes=\"auto, (max-width: 1607px) 100vw, 1607px\" \/><\/p>\n<p>&#8230; in der Friedrichstra\u00dfe&#8230;:<\/p>\n<p><img loading=\"lazy\" decoding=\"async\" class=\"alignnone size-full wp-image-6384\" src=\"https:\/\/jessel.de\/365-tage-sylt\/wp-content\/uploads\/2020\/03\/F6124946-1092-4AF3-96CA-E930CE8F3423.jpeg\" alt=\"\" width=\"1437\" height=\"800\" srcset=\"https:\/\/jessel.de\/365-tage-sylt\/wp-content\/uploads\/2020\/03\/F6124946-1092-4AF3-96CA-E930CE8F3423.jpeg 1437w, https:\/\/jessel.de\/365-tage-sylt\/wp-content\/uploads\/2020\/03\/F6124946-1092-4AF3-96CA-E930CE8F3423-300x167.jpeg 300w, https:\/\/jessel.de\/365-tage-sylt\/wp-content\/uploads\/2020\/03\/F6124946-1092-4AF3-96CA-E930CE8F3423-1024x570.jpeg 1024w, https:\/\/jessel.de\/365-tage-sylt\/wp-content\/uploads\/2020\/03\/F6124946-1092-4AF3-96CA-E930CE8F3423-768x428.jpeg 768w\" sizes=\"auto, (max-width: 1437px) 100vw, 1437px\" \/><\/p>\n<p>&#8230; und in der Neuen Stra\u00dfe (2 Motive):<\/p>\n<p><img loading=\"lazy\" decoding=\"async\" class=\"alignnone size-full wp-image-6383\" src=\"https:\/\/jessel.de\/365-tage-sylt\/wp-content\/uploads\/2020\/03\/B71AF223-697E-49C7-877B-D1132E747F25.jpeg\" alt=\"\" width=\"1547\" height=\"800\" srcset=\"https:\/\/jessel.de\/365-tage-sylt\/wp-content\/uploads\/2020\/03\/B71AF223-697E-49C7-877B-D1132E747F25.jpeg 1547w, https:\/\/jessel.de\/365-tage-sylt\/wp-content\/uploads\/2020\/03\/B71AF223-697E-49C7-877B-D1132E747F25-300x155.jpeg 300w, https:\/\/jessel.de\/365-tage-sylt\/wp-content\/uploads\/2020\/03\/B71AF223-697E-49C7-877B-D1132E747F25-1024x530.jpeg 1024w, https:\/\/jessel.de\/365-tage-sylt\/wp-content\/uploads\/2020\/03\/B71AF223-697E-49C7-877B-D1132E747F25-768x397.jpeg 768w, https:\/\/jessel.de\/365-tage-sylt\/wp-content\/uploads\/2020\/03\/B71AF223-697E-49C7-877B-D1132E747F25-1536x794.jpeg 1536w\" sizes=\"auto, (max-width: 1547px) 100vw, 1547px\" \/><\/p>\n<p class=\"p1\"><span class=\"s1\">\u00dcberall ist die Luft raus. Meine Empfindungen? Ich stelle mir vor, was in diesen Strassen jetzt, nach Beginn der Osterferien, um diese Uhrzeit los w\u00e4re. Alleine schon die Ger\u00fcche aus den Fischbratk\u00fcchen, der Autoverkehr, der Stress, die vielen Leute&#8230; daf\u00fcr nun das Geschrei der M\u00f6wen, die ihre Brutpl\u00e4tze auf den Flachd\u00e4chern herrichten, das Pfeifen des immer noch b\u00f6igen Windes, ansonsten Ruhe ringsherum &#8211; in dieser Goldgr\u00e4berstadt. Es ist ganz wunderbar beeindruckend, allein schon die herrliche Luft &#8211; ohne jeglichen Abgase&#8230;<\/span><\/p>\n<p>Alle Aufnahmen entstanden am Montag zwischen 19 und 19:15 Uhr:<\/p>\n<p><img loading=\"lazy\" decoding=\"async\" class=\"alignnone size-full wp-image-6382\" src=\"https:\/\/jessel.de\/365-tage-sylt\/wp-content\/uploads\/2020\/03\/7DCD5A9F-FD34-47DE-AB4F-2CE4F9E64E09.jpeg\" alt=\"\" width=\"1109\" height=\"800\" srcset=\"https:\/\/jessel.de\/365-tage-sylt\/wp-content\/uploads\/2020\/03\/7DCD5A9F-FD34-47DE-AB4F-2CE4F9E64E09.jpeg 1109w, https:\/\/jessel.de\/365-tage-sylt\/wp-content\/uploads\/2020\/03\/7DCD5A9F-FD34-47DE-AB4F-2CE4F9E64E09-300x216.jpeg 300w, https:\/\/jessel.de\/365-tage-sylt\/wp-content\/uploads\/2020\/03\/7DCD5A9F-FD34-47DE-AB4F-2CE4F9E64E09-1024x739.jpeg 1024w, https:\/\/jessel.de\/365-tage-sylt\/wp-content\/uploads\/2020\/03\/7DCD5A9F-FD34-47DE-AB4F-2CE4F9E64E09-768x554.jpeg 768w\" sizes=\"auto, (max-width: 1109px) 100vw, 1109px\" \/><\/p>\n<p>Mal abgesehen von der bemerkenswerten Flauten-Stimmung bin ich allein von den architektonischen Eindr\u00fccken reif f\u00fcr eine Abwechslung. Deshalb geht es heute fr\u00fch in die alte Inselhauptstadt Keitum&#8230; und es macht Spa\u00df, in der Zeit um den Sonnenaufgang durch den Ort zu radeln&#8230;:<\/p>\n<p><img loading=\"lazy\" decoding=\"async\" class=\"alignnone size-full wp-image-6388\" src=\"https:\/\/jessel.de\/365-tage-sylt\/wp-content\/uploads\/2020\/03\/BD062410-E335-4181-B47B-CB911FE5515D.jpeg\" alt=\"\" width=\"1204\" height=\"800\" srcset=\"https:\/\/jessel.de\/365-tage-sylt\/wp-content\/uploads\/2020\/03\/BD062410-E335-4181-B47B-CB911FE5515D.jpeg 1204w, https:\/\/jessel.de\/365-tage-sylt\/wp-content\/uploads\/2020\/03\/BD062410-E335-4181-B47B-CB911FE5515D-300x199.jpeg 300w, https:\/\/jessel.de\/365-tage-sylt\/wp-content\/uploads\/2020\/03\/BD062410-E335-4181-B47B-CB911FE5515D-1024x680.jpeg 1024w, https:\/\/jessel.de\/365-tage-sylt\/wp-content\/uploads\/2020\/03\/BD062410-E335-4181-B47B-CB911FE5515D-768x510.jpeg 768w\" sizes=\"auto, (max-width: 1204px) 100vw, 1204px\" \/><\/p>\n<p>&#8230; und sich \u00fcber die Vorz\u00fcge einer landschaftsb\u00fcrtigeren Bebauung zu freuen:<\/p>\n<p><img loading=\"lazy\" decoding=\"async\" class=\"alignnone size-full wp-image-6386\" src=\"https:\/\/jessel.de\/365-tage-sylt\/wp-content\/uploads\/2020\/03\/DC29F742-3112-46C0-90AF-23A64DC735CF.jpeg\" alt=\"\" width=\"1204\" height=\"800\" srcset=\"https:\/\/jessel.de\/365-tage-sylt\/wp-content\/uploads\/2020\/03\/DC29F742-3112-46C0-90AF-23A64DC735CF.jpeg 1204w, https:\/\/jessel.de\/365-tage-sylt\/wp-content\/uploads\/2020\/03\/DC29F742-3112-46C0-90AF-23A64DC735CF-300x199.jpeg 300w, https:\/\/jessel.de\/365-tage-sylt\/wp-content\/uploads\/2020\/03\/DC29F742-3112-46C0-90AF-23A64DC735CF-1024x680.jpeg 1024w, https:\/\/jessel.de\/365-tage-sylt\/wp-content\/uploads\/2020\/03\/DC29F742-3112-46C0-90AF-23A64DC735CF-768x510.jpeg 768w\" sizes=\"auto, (max-width: 1204px) 100vw, 1204px\" \/><\/p>\n","protected":false},"excerpt":{"rendered":"<p>Ziemlich tote Hose. Nicht nur in der Strandstrasse (Titelbild), sondern auch in der Elisabethstrasse&#8230;: &#8230; in der Friedrichstra\u00dfe&#8230;: &#8230; und in der Neuen Stra\u00dfe (2 Motive): \u00dcberall ist die Luft raus. Meine Empfindungen? Ich stelle mir vor, was in diesen Strassen jetzt, nach Beginn der Osterferien, um diese Uhrzeit los w\u00e4re. Alleine schon die Ger\u00fcche aus den Fischbratk\u00fcchen, der Autoverkehr, der Stress, die vielen Leute&#8230; daf\u00fcr nun das Geschrei der&hellip;<\/p>\n","protected":false},"author":2,"featured_media":6381,"comment_status":"open","ping_status":"open","sticky":false,"template":"","format":"standard","meta":{"footnotes":""},"categories":[27,41,28,2,30,7],"tags":[],"class_list":["post-6380","post","type-post","status-publish","format-standard","has-post-thumbnail","hentry","category-alle-bilder","category-fruehling","category-haeuser","category-tourismus","category-tradition","category-westerland"],"jetpack_featured_media_url":"https:\/\/jessel.de\/365-tage-sylt\/wp-content\/uploads\/2020\/03\/FDDA8437-EA20-4AB3-BED3-33A0F1D8C942.jpeg","_links":{"self":[{"href":"https:\/\/jessel.de\/365-tage-sylt\/wp-json\/wp\/v2\/posts\/6380","targetHints":{"allow":["GET"]}}],"collection":[{"href":"https:\/\/jessel.de\/365-tage-sylt\/wp-json\/wp\/v2\/posts"}],"about":[{"href":"https:\/\/jessel.de\/365-tage-sylt\/wp-json\/wp\/v2\/types\/post"}],"author":[{"embeddable":true,"href":"https:\/\/jessel.de\/365-tage-sylt\/wp-json\/wp\/v2\/users\/2"}],"replies":[{"embeddable":true,"href":"https:\/\/jessel.de\/365-tage-sylt\/wp-json\/wp\/v2\/comments?post=6380"}],"version-history":[{"count":2,"href":"https:\/\/jessel.de\/365-tage-sylt\/wp-json\/wp\/v2\/posts\/6380\/revisions"}],"predecessor-version":[{"id":6390,"href":"https:\/\/jessel.de\/365-tage-sylt\/wp-json\/wp\/v2\/posts\/6380\/revisions\/6390"}],"wp:featuredmedia":[{"embeddable":true,"href":"https:\/\/jessel.de\/365-tage-sylt\/wp-json\/wp\/v2\/media\/6381"}],"wp:attachment":[{"href":"https:\/\/jessel.de\/365-tage-sylt\/wp-json\/wp\/v2\/media?parent=6380"}],"wp:term":[{"taxonomy":"category","embeddable":true,"href":"https:\/\/jessel.de\/365-tage-sylt\/wp-json\/wp\/v2\/categories?post=6380"},{"taxonomy":"post_tag","embeddable":true,"href":"https:\/\/jessel.de\/365-tage-sylt\/wp-json\/wp\/v2\/tags?post=6380"}],"curies":[{"name":"wp","href":"https:\/\/api.w.org\/{rel}","templated":true}]}}