{"id":6399,"date":"2020-04-03T19:52:08","date_gmt":"2020-04-03T19:52:08","guid":{"rendered":"https:\/\/jessel.de\/365-tage-sylt\/?p=6399"},"modified":"2020-04-04T07:13:12","modified_gmt":"2020-04-04T07:13:12","slug":"3-april-another-corona-day-in-paradise","status":"publish","type":"post","link":"https:\/\/jessel.de\/365-tage-sylt\/3-april-another-corona-day-in-paradise\/","title":{"rendered":"3. April: Another Corona-Day in Paradise"},"content":{"rendered":"<p>Ein fast st\u00fcrmischer Nordwestwind hat zum Morgen weiter aufgefrischt. Gegen 8 Uhr sieht der Westerl\u00e4nder Nordstrand folgenderma\u00dfen aus:<\/p>\n<p><img loading=\"lazy\" decoding=\"async\" class=\"alignnone size-full wp-image-6394\" src=\"https:\/\/jessel.de\/365-tage-sylt\/wp-content\/uploads\/2020\/04\/AFDE7398-9468-4370-BD7B-BC99F4F0152A.jpeg\" alt=\"\" width=\"1202\" height=\"800\" srcset=\"https:\/\/jessel.de\/365-tage-sylt\/wp-content\/uploads\/2020\/04\/AFDE7398-9468-4370-BD7B-BC99F4F0152A.jpeg 1202w, https:\/\/jessel.de\/365-tage-sylt\/wp-content\/uploads\/2020\/04\/AFDE7398-9468-4370-BD7B-BC99F4F0152A-300x200.jpeg 300w, https:\/\/jessel.de\/365-tage-sylt\/wp-content\/uploads\/2020\/04\/AFDE7398-9468-4370-BD7B-BC99F4F0152A-1024x682.jpeg 1024w, https:\/\/jessel.de\/365-tage-sylt\/wp-content\/uploads\/2020\/04\/AFDE7398-9468-4370-BD7B-BC99F4F0152A-768x511.jpeg 768w\" sizes=\"auto, (max-width: 1202px) 100vw, 1202px\" \/><\/p>\n<p>Die gleiche Perspektive fotografierte ich vor f\u00fcnf Tagen schon mal&#8230; der Vergleich lohnt! Auch der Blick zum S\u00fcden:<\/p>\n<p><img loading=\"lazy\" decoding=\"async\" class=\"alignnone size-full wp-image-6395\" src=\"https:\/\/jessel.de\/365-tage-sylt\/wp-content\/uploads\/2020\/04\/581039B9-BFCB-4F99-96E1-7FAA28ADED3A.jpeg\" alt=\"\" width=\"1202\" height=\"800\" srcset=\"https:\/\/jessel.de\/365-tage-sylt\/wp-content\/uploads\/2020\/04\/581039B9-BFCB-4F99-96E1-7FAA28ADED3A.jpeg 1202w, https:\/\/jessel.de\/365-tage-sylt\/wp-content\/uploads\/2020\/04\/581039B9-BFCB-4F99-96E1-7FAA28ADED3A-300x200.jpeg 300w, https:\/\/jessel.de\/365-tage-sylt\/wp-content\/uploads\/2020\/04\/581039B9-BFCB-4F99-96E1-7FAA28ADED3A-1024x682.jpeg 1024w, https:\/\/jessel.de\/365-tage-sylt\/wp-content\/uploads\/2020\/04\/581039B9-BFCB-4F99-96E1-7FAA28ADED3A-768x511.jpeg 768w\" sizes=\"auto, (max-width: 1202px) 100vw, 1202px\" \/><\/p>\n<p>Am \u201eZentralstrand\u201c, wo normalerweise schon Hunderte von Strandk\u00f6rben platziert worden w\u00e4ren, finden sich nun auch die allerersten Mohikaner:<\/p>\n<p><img loading=\"lazy\" decoding=\"async\" class=\"alignnone size-full wp-image-6393\" src=\"https:\/\/jessel.de\/365-tage-sylt\/wp-content\/uploads\/2020\/04\/F1F28B80-92A3-45B5-B7CC-4221BF5ED7FA.jpeg\" alt=\"\" width=\"1202\" height=\"800\" srcset=\"https:\/\/jessel.de\/365-tage-sylt\/wp-content\/uploads\/2020\/04\/F1F28B80-92A3-45B5-B7CC-4221BF5ED7FA.jpeg 1202w, https:\/\/jessel.de\/365-tage-sylt\/wp-content\/uploads\/2020\/04\/F1F28B80-92A3-45B5-B7CC-4221BF5ED7FA-300x200.jpeg 300w, https:\/\/jessel.de\/365-tage-sylt\/wp-content\/uploads\/2020\/04\/F1F28B80-92A3-45B5-B7CC-4221BF5ED7FA-1024x682.jpeg 1024w, https:\/\/jessel.de\/365-tage-sylt\/wp-content\/uploads\/2020\/04\/F1F28B80-92A3-45B5-B7CC-4221BF5ED7FA-768x511.jpeg 768w\" sizes=\"auto, (max-width: 1202px) 100vw, 1202px\" \/><\/p>\n<p>Am sp\u00e4ten Vormittag bin ich auf dem Roten Kliff unterwegs&#8230;:<\/p>\n<p><img loading=\"lazy\" decoding=\"async\" class=\"alignnone size-full wp-image-6396\" src=\"https:\/\/jessel.de\/365-tage-sylt\/wp-content\/uploads\/2020\/04\/6C14B1E9-B158-4AB7-A643-66458D0FDFFA.jpeg\" alt=\"\" width=\"1202\" height=\"800\" srcset=\"https:\/\/jessel.de\/365-tage-sylt\/wp-content\/uploads\/2020\/04\/6C14B1E9-B158-4AB7-A643-66458D0FDFFA.jpeg 1202w, https:\/\/jessel.de\/365-tage-sylt\/wp-content\/uploads\/2020\/04\/6C14B1E9-B158-4AB7-A643-66458D0FDFFA-300x200.jpeg 300w, https:\/\/jessel.de\/365-tage-sylt\/wp-content\/uploads\/2020\/04\/6C14B1E9-B158-4AB7-A643-66458D0FDFFA-1024x682.jpeg 1024w, https:\/\/jessel.de\/365-tage-sylt\/wp-content\/uploads\/2020\/04\/6C14B1E9-B158-4AB7-A643-66458D0FDFFA-768x511.jpeg 768w\" sizes=\"auto, (max-width: 1202px) 100vw, 1202px\" \/><\/p>\n<p>&#8230; und die Wolken deuten bereits an, dass der Fototag noch l\u00e4nger dauert:<\/p>\n<p><img loading=\"lazy\" decoding=\"async\" class=\"alignnone size-full wp-image-6398\" src=\"https:\/\/jessel.de\/365-tage-sylt\/wp-content\/uploads\/2020\/04\/83717561-0840-42ED-BFAF-B828B4C2D84F.jpeg\" alt=\"\" width=\"1202\" height=\"800\" srcset=\"https:\/\/jessel.de\/365-tage-sylt\/wp-content\/uploads\/2020\/04\/83717561-0840-42ED-BFAF-B828B4C2D84F.jpeg 1202w, https:\/\/jessel.de\/365-tage-sylt\/wp-content\/uploads\/2020\/04\/83717561-0840-42ED-BFAF-B828B4C2D84F-300x200.jpeg 300w, https:\/\/jessel.de\/365-tage-sylt\/wp-content\/uploads\/2020\/04\/83717561-0840-42ED-BFAF-B828B4C2D84F-1024x682.jpeg 1024w, https:\/\/jessel.de\/365-tage-sylt\/wp-content\/uploads\/2020\/04\/83717561-0840-42ED-BFAF-B828B4C2D84F-768x511.jpeg 768w\" sizes=\"auto, (max-width: 1202px) 100vw, 1202px\" \/><\/p>\n<p>Am sp\u00e4teren Nachmittag bin ich dann mit\u02cbm Fahrrad unterwegs &#8211; und verpatze meinen Einsatz &#8211; aus Unachtsamkeit, wof\u00fcr ich mir echt in den Hintern treten k\u00f6nnte: Ich versch\u00e4tze mich, was die Zugbahn einer grandiosen Graupelwolke angeht &#8211; und sehe von Kampen aus, wie diese \u00a0in aller Ruhe \u00fcber Rantum zieht. DAS passiert mir eigentlich nicht mehr, dachte ich:<\/p>\n<p><img loading=\"lazy\" decoding=\"async\" class=\"alignnone size-full wp-image-6397\" src=\"https:\/\/jessel.de\/365-tage-sylt\/wp-content\/uploads\/2020\/04\/9EE80B40-F3FD-4174-B127-B3EBD62C812F.jpeg\" alt=\"\" width=\"1202\" height=\"800\" srcset=\"https:\/\/jessel.de\/365-tage-sylt\/wp-content\/uploads\/2020\/04\/9EE80B40-F3FD-4174-B127-B3EBD62C812F.jpeg 1202w, https:\/\/jessel.de\/365-tage-sylt\/wp-content\/uploads\/2020\/04\/9EE80B40-F3FD-4174-B127-B3EBD62C812F-300x200.jpeg 300w, https:\/\/jessel.de\/365-tage-sylt\/wp-content\/uploads\/2020\/04\/9EE80B40-F3FD-4174-B127-B3EBD62C812F-1024x682.jpeg 1024w, https:\/\/jessel.de\/365-tage-sylt\/wp-content\/uploads\/2020\/04\/9EE80B40-F3FD-4174-B127-B3EBD62C812F-768x511.jpeg 768w\" sizes=\"auto, (max-width: 1202px) 100vw, 1202px\" \/><\/p>\n","protected":false},"excerpt":{"rendered":"<p>Ein fast st\u00fcrmischer Nordwestwind hat zum Morgen weiter aufgefrischt. Gegen 8 Uhr sieht der Westerl\u00e4nder Nordstrand folgenderma\u00dfen aus: Die gleiche Perspektive fotografierte ich vor f\u00fcnf Tagen schon mal&#8230; der Vergleich lohnt! Auch der Blick zum S\u00fcden: Am \u201eZentralstrand\u201c, wo normalerweise schon Hunderte von Strandk\u00f6rben platziert worden w\u00e4ren, finden sich nun auch die allerersten Mohikaner: Am sp\u00e4ten Vormittag bin ich auf dem Roten Kliff unterwegs&#8230;: &#8230; und die Wolken deuten bereits&hellip;<\/p>\n","protected":false},"author":2,"featured_media":6392,"comment_status":"open","ping_status":"open","sticky":false,"template":"","format":"standard","meta":{"footnotes":""},"categories":[27,41,28,4,2,38],"tags":[],"class_list":["post-6399","post","type-post","status-publish","format-standard","has-post-thumbnail","hentry","category-alle-bilder","category-fruehling","category-haeuser","category-spuren","category-tourismus","category-wenningstedt"],"jetpack_featured_media_url":"https:\/\/jessel.de\/365-tage-sylt\/wp-content\/uploads\/2020\/04\/634C5A79-B707-4715-8D8F-772126888AC9.jpeg","_links":{"self":[{"href":"https:\/\/jessel.de\/365-tage-sylt\/wp-json\/wp\/v2\/posts\/6399","targetHints":{"allow":["GET"]}}],"collection":[{"href":"https:\/\/jessel.de\/365-tage-sylt\/wp-json\/wp\/v2\/posts"}],"about":[{"href":"https:\/\/jessel.de\/365-tage-sylt\/wp-json\/wp\/v2\/types\/post"}],"author":[{"embeddable":true,"href":"https:\/\/jessel.de\/365-tage-sylt\/wp-json\/wp\/v2\/users\/2"}],"replies":[{"embeddable":true,"href":"https:\/\/jessel.de\/365-tage-sylt\/wp-json\/wp\/v2\/comments?post=6399"}],"version-history":[{"count":2,"href":"https:\/\/jessel.de\/365-tage-sylt\/wp-json\/wp\/v2\/posts\/6399\/revisions"}],"predecessor-version":[{"id":6402,"href":"https:\/\/jessel.de\/365-tage-sylt\/wp-json\/wp\/v2\/posts\/6399\/revisions\/6402"}],"wp:featuredmedia":[{"embeddable":true,"href":"https:\/\/jessel.de\/365-tage-sylt\/wp-json\/wp\/v2\/media\/6392"}],"wp:attachment":[{"href":"https:\/\/jessel.de\/365-tage-sylt\/wp-json\/wp\/v2\/media?parent=6399"}],"wp:term":[{"taxonomy":"category","embeddable":true,"href":"https:\/\/jessel.de\/365-tage-sylt\/wp-json\/wp\/v2\/categories?post=6399"},{"taxonomy":"post_tag","embeddable":true,"href":"https:\/\/jessel.de\/365-tage-sylt\/wp-json\/wp\/v2\/tags?post=6399"}],"curies":[{"name":"wp","href":"https:\/\/api.w.org\/{rel}","templated":true}]}}