{"id":640,"date":"2017-04-08T19:40:40","date_gmt":"2017-04-08T19:40:40","guid":{"rendered":"http:\/\/jessel.de\/365-tage-sylt\/?p=640"},"modified":"2017-04-08T19:46:47","modified_gmt":"2017-04-08T19:46:47","slug":"abend-vor-westerland","status":"publish","type":"post","link":"https:\/\/jessel.de\/365-tage-sylt\/abend-vor-westerland\/","title":{"rendered":"Abend vor Westerland"},"content":{"rendered":"<p>Da der Wetterbericht f\u00fcr\u00a0Sylt bedeckte Verh\u00e4ltnisse bis in die Dunkelheit verspricht, w\u00e4hle ich die sp\u00e4tere R\u00fcckfahrt von Hamburg &#8211; logo. Es rei\u00dft aber doch noch auf, und ich schaffe es, nicht ohne besonderen Einsatz, der Westerl\u00e4nder Beachfront zumindest EIN\u00a0Foto zu entringen&#8230; das war`s dann aber auch f\u00fcr heute, sorry.<\/p>\n<p>Morgen steht ein m\u00e4chtiger Foto-Tag ins Haus: 13 Stunden Sonne! Der erste wirklich wahre\u00a0Fr\u00fch-Einsatz steht ins Haus&#8230;<\/p>\n","protected":false},"excerpt":{"rendered":"<p>Da der Wetterbericht f\u00fcr\u00a0Sylt bedeckte Verh\u00e4ltnisse bis in die Dunkelheit verspricht, w\u00e4hle ich die sp\u00e4tere R\u00fcckfahrt von Hamburg &#8211; logo. Es rei\u00dft aber doch noch auf, und ich schaffe es, nicht ohne besonderen Einsatz, der Westerl\u00e4nder Beachfront zumindest EIN\u00a0Foto zu entringen&#8230; das war`s dann aber auch f\u00fcr heute, sorry. Morgen steht ein m\u00e4chtiger Foto-Tag ins Haus: 13 Stunden Sonne! Der erste wirklich wahre\u00a0Fr\u00fch-Einsatz steht ins Haus&#8230;<\/p>\n","protected":false},"author":2,"featured_media":641,"comment_status":"open","ping_status":"open","sticky":false,"template":"","format":"standard","meta":{"footnotes":""},"categories":[27,41,28,26,2,7],"tags":[],"class_list":["post-640","post","type-post","status-publish","format-standard","has-post-thumbnail","hentry","category-alle-bilder","category-fruehling","category-haeuser","category-strand","category-tourismus","category-westerland"],"jetpack_featured_media_url":"https:\/\/jessel.de\/365-tage-sylt\/wp-content\/uploads\/2017\/04\/L1003539.jpg","_links":{"self":[{"href":"https:\/\/jessel.de\/365-tage-sylt\/wp-json\/wp\/v2\/posts\/640","targetHints":{"allow":["GET"]}}],"collection":[{"href":"https:\/\/jessel.de\/365-tage-sylt\/wp-json\/wp\/v2\/posts"}],"about":[{"href":"https:\/\/jessel.de\/365-tage-sylt\/wp-json\/wp\/v2\/types\/post"}],"author":[{"embeddable":true,"href":"https:\/\/jessel.de\/365-tage-sylt\/wp-json\/wp\/v2\/users\/2"}],"replies":[{"embeddable":true,"href":"https:\/\/jessel.de\/365-tage-sylt\/wp-json\/wp\/v2\/comments?post=640"}],"version-history":[{"count":3,"href":"https:\/\/jessel.de\/365-tage-sylt\/wp-json\/wp\/v2\/posts\/640\/revisions"}],"predecessor-version":[{"id":644,"href":"https:\/\/jessel.de\/365-tage-sylt\/wp-json\/wp\/v2\/posts\/640\/revisions\/644"}],"wp:featuredmedia":[{"embeddable":true,"href":"https:\/\/jessel.de\/365-tage-sylt\/wp-json\/wp\/v2\/media\/641"}],"wp:attachment":[{"href":"https:\/\/jessel.de\/365-tage-sylt\/wp-json\/wp\/v2\/media?parent=640"}],"wp:term":[{"taxonomy":"category","embeddable":true,"href":"https:\/\/jessel.de\/365-tage-sylt\/wp-json\/wp\/v2\/categories?post=640"},{"taxonomy":"post_tag","embeddable":true,"href":"https:\/\/jessel.de\/365-tage-sylt\/wp-json\/wp\/v2\/tags?post=640"}],"curies":[{"name":"wp","href":"https:\/\/api.w.org\/{rel}","templated":true}]}}