{"id":6503,"date":"2020-04-16T05:07:12","date_gmt":"2020-04-16T05:07:12","guid":{"rendered":"https:\/\/jessel.de\/365-tage-sylt\/?p=6503"},"modified":"2020-04-16T05:07:12","modified_gmt":"2020-04-16T05:07:12","slug":"15-april-sylt-ruderal","status":"publish","type":"post","link":"https:\/\/jessel.de\/365-tage-sylt\/15-april-sylt-ruderal\/","title":{"rendered":"15. April: Sylt &#8211; ruderal"},"content":{"rendered":"<p>Neben dem bekannten Sylt mit seinen herrlichen Str\u00e4nden, D\u00fcnen, weiten Marschen, Kliffs und dem Wattenmeer gibt es auch noch das \u201candere Sylt\u201c, dass kaum jemand auf dem Schirm hat: Vernachl\u00e4ssigte Ecken, Architektur der Armut, verlassende Bunderwehr-Areale, \u00f6de Gewerbegebiete. Ein Spaziergang, beginnend in der Nordmarkstra\u00dfe, \u00fcber Tinnum bis zur Keitumer Kirche, f\u00fchrt durch das ruderale Sylt. Ein paar Bilder, mal ohne Worte:<\/p>\n<p><img loading=\"lazy\" decoding=\"async\" class=\"alignnone size-full wp-image-6504\" src=\"https:\/\/jessel.de\/365-tage-sylt\/wp-content\/uploads\/2020\/04\/043CF2B0-39A1-4672-9E12-E0D370993A9F.jpeg\" alt=\"\" width=\"1066\" height=\"800\" srcset=\"https:\/\/jessel.de\/365-tage-sylt\/wp-content\/uploads\/2020\/04\/043CF2B0-39A1-4672-9E12-E0D370993A9F.jpeg 1066w, https:\/\/jessel.de\/365-tage-sylt\/wp-content\/uploads\/2020\/04\/043CF2B0-39A1-4672-9E12-E0D370993A9F-300x225.jpeg 300w, https:\/\/jessel.de\/365-tage-sylt\/wp-content\/uploads\/2020\/04\/043CF2B0-39A1-4672-9E12-E0D370993A9F-1024x768.jpeg 1024w, https:\/\/jessel.de\/365-tage-sylt\/wp-content\/uploads\/2020\/04\/043CF2B0-39A1-4672-9E12-E0D370993A9F-768x576.jpeg 768w\" sizes=\"auto, (max-width: 1066px) 100vw, 1066px\" \/><\/p>\n<p><img loading=\"lazy\" decoding=\"async\" class=\"alignnone size-full wp-image-6505\" src=\"https:\/\/jessel.de\/365-tage-sylt\/wp-content\/uploads\/2020\/04\/4949BB33-5B6E-4165-9716-997DD4D96A3B.jpeg\" alt=\"\" width=\"1197\" height=\"800\" srcset=\"https:\/\/jessel.de\/365-tage-sylt\/wp-content\/uploads\/2020\/04\/4949BB33-5B6E-4165-9716-997DD4D96A3B.jpeg 1197w, https:\/\/jessel.de\/365-tage-sylt\/wp-content\/uploads\/2020\/04\/4949BB33-5B6E-4165-9716-997DD4D96A3B-300x201.jpeg 300w, https:\/\/jessel.de\/365-tage-sylt\/wp-content\/uploads\/2020\/04\/4949BB33-5B6E-4165-9716-997DD4D96A3B-1024x684.jpeg 1024w, https:\/\/jessel.de\/365-tage-sylt\/wp-content\/uploads\/2020\/04\/4949BB33-5B6E-4165-9716-997DD4D96A3B-768x513.jpeg 768w\" sizes=\"auto, (max-width: 1197px) 100vw, 1197px\" \/><\/p>\n<p><img loading=\"lazy\" decoding=\"async\" class=\"alignnone size-full wp-image-6506\" src=\"https:\/\/jessel.de\/365-tage-sylt\/wp-content\/uploads\/2020\/04\/2A7881F9-D0F6-4BA0-8804-8F94CACD38EF.jpeg\" alt=\"\" width=\"1207\" height=\"800\" srcset=\"https:\/\/jessel.de\/365-tage-sylt\/wp-content\/uploads\/2020\/04\/2A7881F9-D0F6-4BA0-8804-8F94CACD38EF.jpeg 1207w, https:\/\/jessel.de\/365-tage-sylt\/wp-content\/uploads\/2020\/04\/2A7881F9-D0F6-4BA0-8804-8F94CACD38EF-300x199.jpeg 300w, https:\/\/jessel.de\/365-tage-sylt\/wp-content\/uploads\/2020\/04\/2A7881F9-D0F6-4BA0-8804-8F94CACD38EF-1024x679.jpeg 1024w, https:\/\/jessel.de\/365-tage-sylt\/wp-content\/uploads\/2020\/04\/2A7881F9-D0F6-4BA0-8804-8F94CACD38EF-768x509.jpeg 768w\" sizes=\"auto, (max-width: 1207px) 100vw, 1207px\" \/><\/p>\n<p><img loading=\"lazy\" decoding=\"async\" class=\"alignnone size-full wp-image-6507\" src=\"https:\/\/jessel.de\/365-tage-sylt\/wp-content\/uploads\/2020\/04\/16125555-B5F0-46C9-8A4C-CC4660A94633.jpeg\" alt=\"\" width=\"1123\" height=\"800\" srcset=\"https:\/\/jessel.de\/365-tage-sylt\/wp-content\/uploads\/2020\/04\/16125555-B5F0-46C9-8A4C-CC4660A94633.jpeg 1123w, https:\/\/jessel.de\/365-tage-sylt\/wp-content\/uploads\/2020\/04\/16125555-B5F0-46C9-8A4C-CC4660A94633-300x214.jpeg 300w, https:\/\/jessel.de\/365-tage-sylt\/wp-content\/uploads\/2020\/04\/16125555-B5F0-46C9-8A4C-CC4660A94633-1024x729.jpeg 1024w, https:\/\/jessel.de\/365-tage-sylt\/wp-content\/uploads\/2020\/04\/16125555-B5F0-46C9-8A4C-CC4660A94633-768x547.jpeg 768w\" sizes=\"auto, (max-width: 1123px) 100vw, 1123px\" \/><\/p>\n<p><img loading=\"lazy\" decoding=\"async\" class=\"alignnone size-full wp-image-6508\" src=\"https:\/\/jessel.de\/365-tage-sylt\/wp-content\/uploads\/2020\/04\/239AC814-99C1-479D-8002-7A0D6731519C.jpeg\" alt=\"\" width=\"1484\" height=\"800\" srcset=\"https:\/\/jessel.de\/365-tage-sylt\/wp-content\/uploads\/2020\/04\/239AC814-99C1-479D-8002-7A0D6731519C.jpeg 1484w, https:\/\/jessel.de\/365-tage-sylt\/wp-content\/uploads\/2020\/04\/239AC814-99C1-479D-8002-7A0D6731519C-300x162.jpeg 300w, https:\/\/jessel.de\/365-tage-sylt\/wp-content\/uploads\/2020\/04\/239AC814-99C1-479D-8002-7A0D6731519C-1024x552.jpeg 1024w, https:\/\/jessel.de\/365-tage-sylt\/wp-content\/uploads\/2020\/04\/239AC814-99C1-479D-8002-7A0D6731519C-768x414.jpeg 768w\" sizes=\"auto, (max-width: 1484px) 100vw, 1484px\" \/><\/p>\n<p><img loading=\"lazy\" decoding=\"async\" class=\"alignnone size-full wp-image-6509\" src=\"https:\/\/jessel.de\/365-tage-sylt\/wp-content\/uploads\/2020\/04\/0CD871B9-286F-4B27-95AF-7AE743B920E4.jpeg\" alt=\"\" width=\"677\" height=\"800\" srcset=\"https:\/\/jessel.de\/365-tage-sylt\/wp-content\/uploads\/2020\/04\/0CD871B9-286F-4B27-95AF-7AE743B920E4.jpeg 677w, https:\/\/jessel.de\/365-tage-sylt\/wp-content\/uploads\/2020\/04\/0CD871B9-286F-4B27-95AF-7AE743B920E4-254x300.jpeg 254w\" sizes=\"auto, (max-width: 677px) 100vw, 677px\" \/><\/p>\n<p>Wer diese Orte kennt, die das Inselklischee in keiner Weise bedienen, darf sich getrost zu den wahren Syltfreunden z\u00e4hlen.<\/p>\n","protected":false},"excerpt":{"rendered":"<p>Neben dem bekannten Sylt mit seinen herrlichen Str\u00e4nden, D\u00fcnen, weiten Marschen, Kliffs und dem Wattenmeer gibt es auch noch das \u201candere Sylt\u201c, dass kaum jemand auf dem Schirm hat: Vernachl\u00e4ssigte Ecken, Architektur der Armut, verlassende Bunderwehr-Areale, \u00f6de Gewerbegebiete. Ein Spaziergang, beginnend in der Nordmarkstra\u00dfe, \u00fcber Tinnum bis zur Keitumer Kirche, f\u00fchrt durch das ruderale Sylt. Ein paar Bilder, mal ohne Worte: Wer diese Orte kennt, die das Inselklischee in keiner&hellip;<\/p>\n","protected":false},"author":2,"featured_media":6510,"comment_status":"open","ping_status":"open","sticky":false,"template":"","format":"standard","meta":{"footnotes":""},"categories":[27,41,44,4,40,31,2,30],"tags":[],"class_list":["post-6503","post","type-post","status-publish","format-standard","has-post-thumbnail","hentry","category-alle-bilder","category-fruehling","category-pflanzen","category-spuren","category-tiere","category-tinnum","category-tourismus","category-tradition"],"jetpack_featured_media_url":"https:\/\/jessel.de\/365-tage-sylt\/wp-content\/uploads\/2020\/04\/D5BA16B9-68BF-4652-84A1-AF945E4B537D.jpeg","_links":{"self":[{"href":"https:\/\/jessel.de\/365-tage-sylt\/wp-json\/wp\/v2\/posts\/6503","targetHints":{"allow":["GET"]}}],"collection":[{"href":"https:\/\/jessel.de\/365-tage-sylt\/wp-json\/wp\/v2\/posts"}],"about":[{"href":"https:\/\/jessel.de\/365-tage-sylt\/wp-json\/wp\/v2\/types\/post"}],"author":[{"embeddable":true,"href":"https:\/\/jessel.de\/365-tage-sylt\/wp-json\/wp\/v2\/users\/2"}],"replies":[{"embeddable":true,"href":"https:\/\/jessel.de\/365-tage-sylt\/wp-json\/wp\/v2\/comments?post=6503"}],"version-history":[{"count":1,"href":"https:\/\/jessel.de\/365-tage-sylt\/wp-json\/wp\/v2\/posts\/6503\/revisions"}],"predecessor-version":[{"id":6511,"href":"https:\/\/jessel.de\/365-tage-sylt\/wp-json\/wp\/v2\/posts\/6503\/revisions\/6511"}],"wp:featuredmedia":[{"embeddable":true,"href":"https:\/\/jessel.de\/365-tage-sylt\/wp-json\/wp\/v2\/media\/6510"}],"wp:attachment":[{"href":"https:\/\/jessel.de\/365-tage-sylt\/wp-json\/wp\/v2\/media?parent=6503"}],"wp:term":[{"taxonomy":"category","embeddable":true,"href":"https:\/\/jessel.de\/365-tage-sylt\/wp-json\/wp\/v2\/categories?post=6503"},{"taxonomy":"post_tag","embeddable":true,"href":"https:\/\/jessel.de\/365-tage-sylt\/wp-json\/wp\/v2\/tags?post=6503"}],"curies":[{"name":"wp","href":"https:\/\/api.w.org\/{rel}","templated":true}]}}