{"id":6522,"date":"2020-04-19T20:34:36","date_gmt":"2020-04-19T20:34:36","guid":{"rendered":"https:\/\/jessel.de\/365-tage-sylt\/?p=6522"},"modified":"2020-04-20T09:03:08","modified_gmt":"2020-04-20T09:03:08","slug":"19-april-anreise","status":"publish","type":"post","link":"https:\/\/jessel.de\/365-tage-sylt\/19-april-anreise\/","title":{"rendered":"19. April: Anreise?"},"content":{"rendered":"<p>Ein gr\u00f6\u00dferer landschaftlicher Thrill &#8211; Kontrast als \u201eContainerhafen Hamburg\u201c und \u201eSylt im Corona- Shut down\u201c ist kaum vorstellbar. Daf\u00fcr ist dieser umso wirkungsvoller.<\/p>\n<p>Ich bin, nach zwei Polizeikontrollen in Klanxb\u00fcll und Westerland, wieder auf der Insel gelandet&#8230; und nat\u00fcrlich l\u00e4ngst wieder unterwegs:<\/p>\n<p><img loading=\"lazy\" decoding=\"async\" class=\"alignnone size-full wp-image-6528\" src=\"https:\/\/jessel.de\/365-tage-sylt\/wp-content\/uploads\/2020\/04\/B9AFF0B4-C5AB-4696-BA91-B581CB0CAE9E.jpeg\" alt=\"\" width=\"2041\" height=\"800\" srcset=\"https:\/\/jessel.de\/365-tage-sylt\/wp-content\/uploads\/2020\/04\/B9AFF0B4-C5AB-4696-BA91-B581CB0CAE9E.jpeg 2041w, https:\/\/jessel.de\/365-tage-sylt\/wp-content\/uploads\/2020\/04\/B9AFF0B4-C5AB-4696-BA91-B581CB0CAE9E-300x118.jpeg 300w, https:\/\/jessel.de\/365-tage-sylt\/wp-content\/uploads\/2020\/04\/B9AFF0B4-C5AB-4696-BA91-B581CB0CAE9E-1024x401.jpeg 1024w, https:\/\/jessel.de\/365-tage-sylt\/wp-content\/uploads\/2020\/04\/B9AFF0B4-C5AB-4696-BA91-B581CB0CAE9E-768x301.jpeg 768w, https:\/\/jessel.de\/365-tage-sylt\/wp-content\/uploads\/2020\/04\/B9AFF0B4-C5AB-4696-BA91-B581CB0CAE9E-1536x602.jpeg 1536w\" sizes=\"auto, (max-width: 2041px) 100vw, 2041px\" \/><\/p>\n<p>Ich wurde jetzt mehrfach gefragt, was sich \u201ein diesen Zeiten\u201c eigentlich f\u00fcr mich \u00e4ndert, in meinem Beruf also. Das kann ich ganz klar beantworten: Die Arbeit macht erheblich mehr Spa\u00df! Insbesondere das Radfahren, denn ich bin meist mit Vollspeed unterwegs, und muss unter normalen Verkehrs-Bedingungen konstant um mein Leben f\u00fcrchten. Insbesondere SUV-Fahrer scheinen n\u00e4mlich in ihrem eigenen Universum zu leben, und in diesem sind Radfahrer nicht vorgesehen. In diesen Tagen sind diese modernen Panzerfahrer in der Minderzahl &#8211; und der Verkehr ist im Ganzen erheblich unaufdringlicher geworden. Wie herrlich der Duft des Meeres, ohne beigemischte Abgase. Wunderbar!<\/p>\n<p>Am Rantum Becken &#8211; Deich sowieso, hier riecht\u02cbs nach fettigem Fell:<\/p>\n<p><img loading=\"lazy\" decoding=\"async\" class=\"alignnone size-full wp-image-6523\" src=\"https:\/\/jessel.de\/365-tage-sylt\/wp-content\/uploads\/2020\/04\/E6C612B7-9629-474B-B3B2-02620613A557.jpeg\" alt=\"\" width=\"1204\" height=\"800\" srcset=\"https:\/\/jessel.de\/365-tage-sylt\/wp-content\/uploads\/2020\/04\/E6C612B7-9629-474B-B3B2-02620613A557.jpeg 1204w, https:\/\/jessel.de\/365-tage-sylt\/wp-content\/uploads\/2020\/04\/E6C612B7-9629-474B-B3B2-02620613A557-300x199.jpeg 300w, https:\/\/jessel.de\/365-tage-sylt\/wp-content\/uploads\/2020\/04\/E6C612B7-9629-474B-B3B2-02620613A557-1024x680.jpeg 1024w, https:\/\/jessel.de\/365-tage-sylt\/wp-content\/uploads\/2020\/04\/E6C612B7-9629-474B-B3B2-02620613A557-768x510.jpeg 768w\" sizes=\"auto, (max-width: 1204px) 100vw, 1204px\" \/><\/p>\n<p>Zudem liegt eine Ruhe \u00fcber der Landschaft, die s\u00fcchtig macht. In den Tinnumer und Archsumer Wiesen sind Schw\u00e4rme von Nonneng\u00e4nsen zu beobachten, die auftreten, als w\u00fcrden sie die Natur nun f\u00fcr sich r\u00fcckerobern wollen:<\/p>\n<p><img loading=\"lazy\" decoding=\"async\" class=\"alignnone size-full wp-image-6525\" src=\"https:\/\/jessel.de\/365-tage-sylt\/wp-content\/uploads\/2020\/04\/78790AA9-3EB4-4901-BFD0-3F7B12CE6073.jpeg\" alt=\"\" width=\"1204\" height=\"800\" srcset=\"https:\/\/jessel.de\/365-tage-sylt\/wp-content\/uploads\/2020\/04\/78790AA9-3EB4-4901-BFD0-3F7B12CE6073.jpeg 1204w, https:\/\/jessel.de\/365-tage-sylt\/wp-content\/uploads\/2020\/04\/78790AA9-3EB4-4901-BFD0-3F7B12CE6073-300x199.jpeg 300w, https:\/\/jessel.de\/365-tage-sylt\/wp-content\/uploads\/2020\/04\/78790AA9-3EB4-4901-BFD0-3F7B12CE6073-1024x680.jpeg 1024w, https:\/\/jessel.de\/365-tage-sylt\/wp-content\/uploads\/2020\/04\/78790AA9-3EB4-4901-BFD0-3F7B12CE6073-768x510.jpeg 768w\" sizes=\"auto, (max-width: 1204px) 100vw, 1204px\" \/><\/p>\n<p>&#8230; und das domestizierte Getier guckt erstaunt, wenn ein still daherradelnder Zweibeiner sich f\u00fcr seine Nahrungsaufnahme interessiert:<\/p>\n<p><img loading=\"lazy\" decoding=\"async\" class=\"alignnone size-full wp-image-6526\" src=\"https:\/\/jessel.de\/365-tage-sylt\/wp-content\/uploads\/2020\/04\/909B8C40-788F-432A-9778-2AB3D0B5964A.jpeg\" alt=\"\" width=\"1204\" height=\"800\" srcset=\"https:\/\/jessel.de\/365-tage-sylt\/wp-content\/uploads\/2020\/04\/909B8C40-788F-432A-9778-2AB3D0B5964A.jpeg 1204w, https:\/\/jessel.de\/365-tage-sylt\/wp-content\/uploads\/2020\/04\/909B8C40-788F-432A-9778-2AB3D0B5964A-300x199.jpeg 300w, https:\/\/jessel.de\/365-tage-sylt\/wp-content\/uploads\/2020\/04\/909B8C40-788F-432A-9778-2AB3D0B5964A-1024x680.jpeg 1024w, https:\/\/jessel.de\/365-tage-sylt\/wp-content\/uploads\/2020\/04\/909B8C40-788F-432A-9778-2AB3D0B5964A-768x510.jpeg 768w\" sizes=\"auto, (max-width: 1204px) 100vw, 1204px\" \/><\/p>\n<p>Der nahezu unabl\u00e4ssige Sonnenschein hellt meine Stimmung weiter auf, auch wenn ich mir ein paar fotogene W\u00f6lkchen durchaus w\u00fcnschen w\u00fcrde&#8230;:<\/p>\n<p><img loading=\"lazy\" decoding=\"async\" class=\"alignnone size-full wp-image-6529\" src=\"https:\/\/jessel.de\/365-tage-sylt\/wp-content\/uploads\/2020\/04\/04E59249-1A29-4245-8BB2-5ACBF0DFD248.jpeg\" alt=\"\" width=\"1194\" height=\"800\" srcset=\"https:\/\/jessel.de\/365-tage-sylt\/wp-content\/uploads\/2020\/04\/04E59249-1A29-4245-8BB2-5ACBF0DFD248.jpeg 1194w, https:\/\/jessel.de\/365-tage-sylt\/wp-content\/uploads\/2020\/04\/04E59249-1A29-4245-8BB2-5ACBF0DFD248-300x201.jpeg 300w, https:\/\/jessel.de\/365-tage-sylt\/wp-content\/uploads\/2020\/04\/04E59249-1A29-4245-8BB2-5ACBF0DFD248-1024x686.jpeg 1024w, https:\/\/jessel.de\/365-tage-sylt\/wp-content\/uploads\/2020\/04\/04E59249-1A29-4245-8BB2-5ACBF0DFD248-768x515.jpeg 768w\" sizes=\"auto, (max-width: 1194px) 100vw, 1194px\" \/><\/p>\n<p>Egal. Mein Geist ist empfangsbereit wie selten, und meine treuen Kunden d\u00fcrfen sich auf eine bislang nie erreichte Fotoausbeute freuen.<\/p>\n","protected":false},"excerpt":{"rendered":"<p>Ein gr\u00f6\u00dferer landschaftlicher Thrill &#8211; Kontrast als \u201eContainerhafen Hamburg\u201c und \u201eSylt im Corona- Shut down\u201c ist kaum vorstellbar. Daf\u00fcr ist dieser umso wirkungsvoller. Ich bin, nach zwei Polizeikontrollen in Klanxb\u00fcll und Westerland, wieder auf der Insel gelandet&#8230; und nat\u00fcrlich l\u00e4ngst wieder unterwegs: Ich wurde jetzt mehrfach gefragt, was sich \u201ein diesen Zeiten\u201c eigentlich f\u00fcr mich \u00e4ndert, in meinem Beruf also. Das kann ich ganz klar beantworten: Die Arbeit macht erheblich&hellip;<\/p>\n","protected":false},"author":2,"featured_media":6527,"comment_status":"open","ping_status":"open","sticky":false,"template":"","format":"standard","meta":{"footnotes":""},"categories":[27,39,24,41,28,34,4,2,29],"tags":[],"class_list":["post-6522","post","type-post","status-publish","format-standard","has-post-thumbnail","hentry","category-alle-bilder","category-arbeit","category-duenen","category-fruehling","category-haeuser","category-rantum","category-spuren","category-tourismus","category-verkehr"],"jetpack_featured_media_url":"https:\/\/jessel.de\/365-tage-sylt\/wp-content\/uploads\/2020\/04\/AB7D0FD0-808F-47ED-B866-25B5AE3C3637.jpeg","_links":{"self":[{"href":"https:\/\/jessel.de\/365-tage-sylt\/wp-json\/wp\/v2\/posts\/6522","targetHints":{"allow":["GET"]}}],"collection":[{"href":"https:\/\/jessel.de\/365-tage-sylt\/wp-json\/wp\/v2\/posts"}],"about":[{"href":"https:\/\/jessel.de\/365-tage-sylt\/wp-json\/wp\/v2\/types\/post"}],"author":[{"embeddable":true,"href":"https:\/\/jessel.de\/365-tage-sylt\/wp-json\/wp\/v2\/users\/2"}],"replies":[{"embeddable":true,"href":"https:\/\/jessel.de\/365-tage-sylt\/wp-json\/wp\/v2\/comments?post=6522"}],"version-history":[{"count":6,"href":"https:\/\/jessel.de\/365-tage-sylt\/wp-json\/wp\/v2\/posts\/6522\/revisions"}],"predecessor-version":[{"id":6535,"href":"https:\/\/jessel.de\/365-tage-sylt\/wp-json\/wp\/v2\/posts\/6522\/revisions\/6535"}],"wp:featuredmedia":[{"embeddable":true,"href":"https:\/\/jessel.de\/365-tage-sylt\/wp-json\/wp\/v2\/media\/6527"}],"wp:attachment":[{"href":"https:\/\/jessel.de\/365-tage-sylt\/wp-json\/wp\/v2\/media?parent=6522"}],"wp:term":[{"taxonomy":"category","embeddable":true,"href":"https:\/\/jessel.de\/365-tage-sylt\/wp-json\/wp\/v2\/categories?post=6522"},{"taxonomy":"post_tag","embeddable":true,"href":"https:\/\/jessel.de\/365-tage-sylt\/wp-json\/wp\/v2\/tags?post=6522"}],"curies":[{"name":"wp","href":"https:\/\/api.w.org\/{rel}","templated":true}]}}