{"id":6566,"date":"2020-04-23T17:43:42","date_gmt":"2020-04-23T17:43:42","guid":{"rendered":"https:\/\/jessel.de\/365-tage-sylt\/?p=6566"},"modified":"2020-04-23T17:46:44","modified_gmt":"2020-04-23T17:46:44","slug":"23-april-heute-einmal-kontrastprogramm","status":"publish","type":"post","link":"https:\/\/jessel.de\/365-tage-sylt\/23-april-heute-einmal-kontrastprogramm\/","title":{"rendered":"23. April: Heute einmal Kontrastprogramm"},"content":{"rendered":"<p>Sehr fr\u00fch morgens bin ich in H\u00f6rnum unterwegs. M\u00f6rderm\u00e4\u00dfig gute Sicht bis ca. 6:45 Uhr, dann schl\u00e4gt es um&#8230; erste Auswirkungen einer am Tage n\u00e4herr\u00fcckenden Wetterfront aus dem Nordwesten, die etwas schlierige Schleierwolken \u00fcber Nordfriesland treibt.<\/p>\n<p>Direkt an der S\u00fcdspitze wiederum gewaltige Abbr\u00fcche seit meinem letzten Besuch, und ungew\u00f6hnliche Str\u00f6mungs-Sandb\u00e4nke, denen man die Dynamik ansieht, die hier alleine von der Gezeiten her herrscht:<\/p>\n<p><img loading=\"lazy\" decoding=\"async\" class=\"alignnone size-full wp-image-6568\" src=\"https:\/\/jessel.de\/365-tage-sylt\/wp-content\/uploads\/2020\/04\/916E3921-CAF1-4C25-A087-3EB9C1D5F6BB.jpeg\" alt=\"\" width=\"1396\" height=\"800\" srcset=\"https:\/\/jessel.de\/365-tage-sylt\/wp-content\/uploads\/2020\/04\/916E3921-CAF1-4C25-A087-3EB9C1D5F6BB.jpeg 1396w, https:\/\/jessel.de\/365-tage-sylt\/wp-content\/uploads\/2020\/04\/916E3921-CAF1-4C25-A087-3EB9C1D5F6BB-300x172.jpeg 300w, https:\/\/jessel.de\/365-tage-sylt\/wp-content\/uploads\/2020\/04\/916E3921-CAF1-4C25-A087-3EB9C1D5F6BB-1024x587.jpeg 1024w, https:\/\/jessel.de\/365-tage-sylt\/wp-content\/uploads\/2020\/04\/916E3921-CAF1-4C25-A087-3EB9C1D5F6BB-768x440.jpeg 768w\" sizes=\"auto, (max-width: 1396px) 100vw, 1396px\" \/><\/p>\n<p>Tags\u00fcber steht eine Radtour von Nieb\u00fcll nach Husum auf dem Programm, mit Schlenkern und Umwegen etwa 50 Kilometer. WAS f\u00fcr eine Idylle, zum Beispiel in Fahretoft&#8230;:<\/p>\n<p><img loading=\"lazy\" decoding=\"async\" class=\"alignnone size-full wp-image-6569\" src=\"https:\/\/jessel.de\/365-tage-sylt\/wp-content\/uploads\/2020\/04\/0560D320-2006-4891-BE8B-3DCF660DFBCD.jpeg\" alt=\"\" width=\"1067\" height=\"800\" srcset=\"https:\/\/jessel.de\/365-tage-sylt\/wp-content\/uploads\/2020\/04\/0560D320-2006-4891-BE8B-3DCF660DFBCD.jpeg 1067w, https:\/\/jessel.de\/365-tage-sylt\/wp-content\/uploads\/2020\/04\/0560D320-2006-4891-BE8B-3DCF660DFBCD-300x225.jpeg 300w, https:\/\/jessel.de\/365-tage-sylt\/wp-content\/uploads\/2020\/04\/0560D320-2006-4891-BE8B-3DCF660DFBCD-1024x768.jpeg 1024w, https:\/\/jessel.de\/365-tage-sylt\/wp-content\/uploads\/2020\/04\/0560D320-2006-4891-BE8B-3DCF660DFBCD-768x576.jpeg 768w\" sizes=\"auto, (max-width: 1067px) 100vw, 1067px\" \/><\/p>\n<p>&#8230; oder im von dort nahen Bottschlotter See, der in der Bedeichungsgeschichte Nordfrieslands als einer der ganz schwierigen F\u00e4lle gilt &#8211; und am heutigen Tage sein friedlichstes Antlitz zeigt:<\/p>\n<p><img loading=\"lazy\" decoding=\"async\" class=\"alignnone size-full wp-image-6570\" src=\"https:\/\/jessel.de\/365-tage-sylt\/wp-content\/uploads\/2020\/04\/2A024A5D-64EC-4669-AA2C-71D2AE9EF50B.jpeg\" alt=\"\" width=\"1125\" height=\"800\" srcset=\"https:\/\/jessel.de\/365-tage-sylt\/wp-content\/uploads\/2020\/04\/2A024A5D-64EC-4669-AA2C-71D2AE9EF50B.jpeg 1125w, https:\/\/jessel.de\/365-tage-sylt\/wp-content\/uploads\/2020\/04\/2A024A5D-64EC-4669-AA2C-71D2AE9EF50B-300x213.jpeg 300w, https:\/\/jessel.de\/365-tage-sylt\/wp-content\/uploads\/2020\/04\/2A024A5D-64EC-4669-AA2C-71D2AE9EF50B-1024x728.jpeg 1024w, https:\/\/jessel.de\/365-tage-sylt\/wp-content\/uploads\/2020\/04\/2A024A5D-64EC-4669-AA2C-71D2AE9EF50B-768x546.jpeg 768w\" sizes=\"auto, (max-width: 1125px) 100vw, 1125px\" \/><\/p>\n<p>Im S\u00f6nke Nissen- Koog dann der Blick auf eine \u00a0Agrar-Industrie-Steppe der energetischen Art&#8230;:<\/p>\n<p>\u00fc<img loading=\"lazy\" decoding=\"async\" class=\"alignnone size-full wp-image-6571\" src=\"https:\/\/jessel.de\/365-tage-sylt\/wp-content\/uploads\/2020\/04\/D766F7E2-4925-428E-A3D1-9DD5C3C9E0A4.jpeg\" alt=\"\" width=\"1436\" height=\"800\" srcset=\"https:\/\/jessel.de\/365-tage-sylt\/wp-content\/uploads\/2020\/04\/D766F7E2-4925-428E-A3D1-9DD5C3C9E0A4.jpeg 1436w, https:\/\/jessel.de\/365-tage-sylt\/wp-content\/uploads\/2020\/04\/D766F7E2-4925-428E-A3D1-9DD5C3C9E0A4-300x167.jpeg 300w, https:\/\/jessel.de\/365-tage-sylt\/wp-content\/uploads\/2020\/04\/D766F7E2-4925-428E-A3D1-9DD5C3C9E0A4-1024x570.jpeg 1024w, https:\/\/jessel.de\/365-tage-sylt\/wp-content\/uploads\/2020\/04\/D766F7E2-4925-428E-A3D1-9DD5C3C9E0A4-768x428.jpeg 768w\" sizes=\"auto, (max-width: 1436px) 100vw, 1436px\" \/><\/p>\n<p>&#8230; wo es mir leider nicht gelingt, den linkerhand aus dem Bild fahrenden Pestizid-Panzerwagen noch mit drauf zu kriegen&#8230; bis nach Husum, woselbst sich die Eisdiele am pittoresken Hafen bereits auf Unterzuckerte Kundschaft freut:<\/p>\n<p><img loading=\"lazy\" decoding=\"async\" class=\"alignnone size-full wp-image-6572\" src=\"https:\/\/jessel.de\/365-tage-sylt\/wp-content\/uploads\/2020\/04\/5CAC6392-6593-4013-A600-D165E8629A29.jpeg\" alt=\"\" width=\"1622\" height=\"800\" srcset=\"https:\/\/jessel.de\/365-tage-sylt\/wp-content\/uploads\/2020\/04\/5CAC6392-6593-4013-A600-D165E8629A29.jpeg 1622w, https:\/\/jessel.de\/365-tage-sylt\/wp-content\/uploads\/2020\/04\/5CAC6392-6593-4013-A600-D165E8629A29-300x148.jpeg 300w, https:\/\/jessel.de\/365-tage-sylt\/wp-content\/uploads\/2020\/04\/5CAC6392-6593-4013-A600-D165E8629A29-1024x505.jpeg 1024w, https:\/\/jessel.de\/365-tage-sylt\/wp-content\/uploads\/2020\/04\/5CAC6392-6593-4013-A600-D165E8629A29-768x379.jpeg 768w, https:\/\/jessel.de\/365-tage-sylt\/wp-content\/uploads\/2020\/04\/5CAC6392-6593-4013-A600-D165E8629A29-1536x758.jpeg 1536w\" sizes=\"auto, (max-width: 1622px) 100vw, 1622px\" \/><\/p>\n<p>&nbsp;<\/p>\n<p>&nbsp;<\/p>\n","protected":false},"excerpt":{"rendered":"<p>Sehr fr\u00fch morgens bin ich in H\u00f6rnum unterwegs. M\u00f6rderm\u00e4\u00dfig gute Sicht bis ca. 6:45 Uhr, dann schl\u00e4gt es um&#8230; erste Auswirkungen einer am Tage n\u00e4herr\u00fcckenden Wetterfront aus dem Nordwesten, die etwas schlierige Schleierwolken \u00fcber Nordfriesland treibt. Direkt an der S\u00fcdspitze wiederum gewaltige Abbr\u00fcche seit meinem letzten Besuch, und ungew\u00f6hnliche Str\u00f6mungs-Sandb\u00e4nke, denen man die Dynamik ansieht, die hier alleine von der Gezeiten her herrscht: Tags\u00fcber steht eine Radtour von Nieb\u00fcll nach&hellip;<\/p>\n","protected":false},"author":2,"featured_media":6567,"comment_status":"open","ping_status":"open","sticky":false,"template":"","format":"standard","meta":{"footnotes":""},"categories":[27,39,24,41,28,1,4,26,2,30,42],"tags":[],"class_list":["post-6566","post","type-post","status-publish","format-standard","has-post-thumbnail","hentry","category-alle-bilder","category-arbeit","category-duenen","category-fruehling","category-haeuser","category-uncategorized","category-spuren","category-strand","category-tourismus","category-tradition","category-watt"],"jetpack_featured_media_url":"https:\/\/jessel.de\/365-tage-sylt\/wp-content\/uploads\/2020\/04\/B2ECC5A4-E234-40AD-83B8-4F470E59199A.jpeg","_links":{"self":[{"href":"https:\/\/jessel.de\/365-tage-sylt\/wp-json\/wp\/v2\/posts\/6566","targetHints":{"allow":["GET"]}}],"collection":[{"href":"https:\/\/jessel.de\/365-tage-sylt\/wp-json\/wp\/v2\/posts"}],"about":[{"href":"https:\/\/jessel.de\/365-tage-sylt\/wp-json\/wp\/v2\/types\/post"}],"author":[{"embeddable":true,"href":"https:\/\/jessel.de\/365-tage-sylt\/wp-json\/wp\/v2\/users\/2"}],"replies":[{"embeddable":true,"href":"https:\/\/jessel.de\/365-tage-sylt\/wp-json\/wp\/v2\/comments?post=6566"}],"version-history":[{"count":3,"href":"https:\/\/jessel.de\/365-tage-sylt\/wp-json\/wp\/v2\/posts\/6566\/revisions"}],"predecessor-version":[{"id":6575,"href":"https:\/\/jessel.de\/365-tage-sylt\/wp-json\/wp\/v2\/posts\/6566\/revisions\/6575"}],"wp:featuredmedia":[{"embeddable":true,"href":"https:\/\/jessel.de\/365-tage-sylt\/wp-json\/wp\/v2\/media\/6567"}],"wp:attachment":[{"href":"https:\/\/jessel.de\/365-tage-sylt\/wp-json\/wp\/v2\/media?parent=6566"}],"wp:term":[{"taxonomy":"category","embeddable":true,"href":"https:\/\/jessel.de\/365-tage-sylt\/wp-json\/wp\/v2\/categories?post=6566"},{"taxonomy":"post_tag","embeddable":true,"href":"https:\/\/jessel.de\/365-tage-sylt\/wp-json\/wp\/v2\/tags?post=6566"}],"curies":[{"name":"wp","href":"https:\/\/api.w.org\/{rel}","templated":true}]}}