{"id":6576,"date":"2020-04-24T19:54:08","date_gmt":"2020-04-24T19:54:08","guid":{"rendered":"https:\/\/jessel.de\/365-tage-sylt\/?p=6576"},"modified":"2020-04-24T20:05:06","modified_gmt":"2020-04-24T20:05:06","slug":"24-april-corona-technisch","status":"publish","type":"post","link":"https:\/\/jessel.de\/365-tage-sylt\/24-april-corona-technisch\/","title":{"rendered":"24. April: Corona-technisch&#8230;"},"content":{"rendered":"<p style=\"text-align: right;\">&#8230; sind wir auf Sylt ganz vorne dabei &#8211; alles korrekt. Egal ob auf dem Campingplatz, der mit neuen \u201eTiny Houses\u201c brilliert&#8230; weniger in einer der Westerl\u00e4nder Kleingartenkolonien, wo noch der Geist des Sexus<\/p>\n<p>regiert:<\/p>\n<p><img loading=\"lazy\" decoding=\"async\" class=\"alignnone size-full wp-image-6578\" src=\"https:\/\/jessel.de\/365-tage-sylt\/wp-content\/uploads\/2020\/04\/7871AD25-DB69-4C53-AE63-590B93A84D65.jpeg\" alt=\"\" width=\"1202\" height=\"800\" srcset=\"https:\/\/jessel.de\/365-tage-sylt\/wp-content\/uploads\/2020\/04\/7871AD25-DB69-4C53-AE63-590B93A84D65.jpeg 1202w, https:\/\/jessel.de\/365-tage-sylt\/wp-content\/uploads\/2020\/04\/7871AD25-DB69-4C53-AE63-590B93A84D65-300x200.jpeg 300w, https:\/\/jessel.de\/365-tage-sylt\/wp-content\/uploads\/2020\/04\/7871AD25-DB69-4C53-AE63-590B93A84D65-1024x682.jpeg 1024w, https:\/\/jessel.de\/365-tage-sylt\/wp-content\/uploads\/2020\/04\/7871AD25-DB69-4C53-AE63-590B93A84D65-768x511.jpeg 768w\" sizes=\"auto, (max-width: 1202px) 100vw, 1202px\" \/><\/p>\n<p>Eine fr\u00fchmorgendliche Radtour durch den Sylter Osten f\u00fchrt mich vorbei an mehreren tausend Nonneng\u00e4nsen&#8230;:<\/p>\n<p><img loading=\"lazy\" decoding=\"async\" class=\"alignnone size-full wp-image-6581\" src=\"https:\/\/jessel.de\/365-tage-sylt\/wp-content\/uploads\/2020\/04\/5BF8A7F6-3874-465B-B046-BC9FD8B0770B.jpeg\" alt=\"\" width=\"1387\" height=\"800\" srcset=\"https:\/\/jessel.de\/365-tage-sylt\/wp-content\/uploads\/2020\/04\/5BF8A7F6-3874-465B-B046-BC9FD8B0770B.jpeg 1387w, https:\/\/jessel.de\/365-tage-sylt\/wp-content\/uploads\/2020\/04\/5BF8A7F6-3874-465B-B046-BC9FD8B0770B-300x173.jpeg 300w, https:\/\/jessel.de\/365-tage-sylt\/wp-content\/uploads\/2020\/04\/5BF8A7F6-3874-465B-B046-BC9FD8B0770B-1024x591.jpeg 1024w, https:\/\/jessel.de\/365-tage-sylt\/wp-content\/uploads\/2020\/04\/5BF8A7F6-3874-465B-B046-BC9FD8B0770B-768x443.jpeg 768w\" sizes=\"auto, (max-width: 1387px) 100vw, 1387px\" \/><\/p>\n<p>&#8230; und Stra\u00dfenverengungen, so wie ICH sie einf\u00fchren w\u00fcrde, wenn ich B\u00fcrgermeister auf dieser Insel w\u00e4re. \u201eBravo!\u201c<\/p>\n<p><img loading=\"lazy\" decoding=\"async\" class=\"alignnone size-full wp-image-6577\" src=\"https:\/\/jessel.de\/365-tage-sylt\/wp-content\/uploads\/2020\/04\/CDFC8110-14AD-4E8A-BA43-B123BBC2D799.jpeg\" alt=\"\" width=\"1202\" height=\"800\" srcset=\"https:\/\/jessel.de\/365-tage-sylt\/wp-content\/uploads\/2020\/04\/CDFC8110-14AD-4E8A-BA43-B123BBC2D799.jpeg 1202w, https:\/\/jessel.de\/365-tage-sylt\/wp-content\/uploads\/2020\/04\/CDFC8110-14AD-4E8A-BA43-B123BBC2D799-300x200.jpeg 300w, https:\/\/jessel.de\/365-tage-sylt\/wp-content\/uploads\/2020\/04\/CDFC8110-14AD-4E8A-BA43-B123BBC2D799-1024x682.jpeg 1024w, https:\/\/jessel.de\/365-tage-sylt\/wp-content\/uploads\/2020\/04\/CDFC8110-14AD-4E8A-BA43-B123BBC2D799-768x511.jpeg 768w\" sizes=\"auto, (max-width: 1202px) 100vw, 1202px\" \/><\/p>\n<p>Eine Strecke f\u00fcr Radfahrer, herrlich! Um anzuhalten, wenn man\/frau m\u00f6chte. Hier zum Beispiel:<\/p>\n<p><img loading=\"lazy\" decoding=\"async\" class=\"alignnone size-full wp-image-6579\" src=\"https:\/\/jessel.de\/365-tage-sylt\/wp-content\/uploads\/2020\/04\/F8102289-F64A-40CC-8F79-C7CE8EF03CE6.jpeg\" alt=\"\" width=\"1274\" height=\"800\" srcset=\"https:\/\/jessel.de\/365-tage-sylt\/wp-content\/uploads\/2020\/04\/F8102289-F64A-40CC-8F79-C7CE8EF03CE6.jpeg 1274w, https:\/\/jessel.de\/365-tage-sylt\/wp-content\/uploads\/2020\/04\/F8102289-F64A-40CC-8F79-C7CE8EF03CE6-300x188.jpeg 300w, https:\/\/jessel.de\/365-tage-sylt\/wp-content\/uploads\/2020\/04\/F8102289-F64A-40CC-8F79-C7CE8EF03CE6-1024x643.jpeg 1024w, https:\/\/jessel.de\/365-tage-sylt\/wp-content\/uploads\/2020\/04\/F8102289-F64A-40CC-8F79-C7CE8EF03CE6-768x482.jpeg 768w\" sizes=\"auto, (max-width: 1274px) 100vw, 1274px\" \/><\/p>\n<p>Nun ist der Fr\u00fchling auch auf Sylt angekommen, auch wenn es heute doch recht k\u00fchl aus dem Nordwesten bl\u00e4st, und sich der Himmel noch am Vormittag verdunkelt. Das Sch\u00f6nste in diesen Tagen: Diese unfassbare Ruhe, die \u00fcber der Insel liegt.<\/p>\n","protected":false},"excerpt":{"rendered":"<p>&#8230; sind wir auf Sylt ganz vorne dabei &#8211; alles korrekt. Egal ob auf dem Campingplatz, der mit neuen \u201eTiny Houses\u201c brilliert&#8230; weniger in einer der Westerl\u00e4nder Kleingartenkolonien, wo noch der Geist des Sexus regiert: Eine fr\u00fchmorgendliche Radtour durch den Sylter Osten f\u00fchrt mich vorbei an mehreren tausend Nonneng\u00e4nsen&#8230;: &#8230; und Stra\u00dfenverengungen, so wie ICH sie einf\u00fchren w\u00fcrde, wenn ich B\u00fcrgermeister auf dieser Insel w\u00e4re. \u201eBravo!\u201c Eine Strecke f\u00fcr Radfahrer,&hellip;<\/p>\n","protected":false},"author":2,"featured_media":6580,"comment_status":"open","ping_status":"open","sticky":false,"template":"","format":"standard","meta":{"footnotes":""},"categories":[27,24,41,28,4,2,29,7],"tags":[],"class_list":["post-6576","post","type-post","status-publish","format-standard","has-post-thumbnail","hentry","category-alle-bilder","category-duenen","category-fruehling","category-haeuser","category-spuren","category-tourismus","category-verkehr","category-westerland"],"jetpack_featured_media_url":"https:\/\/jessel.de\/365-tage-sylt\/wp-content\/uploads\/2020\/04\/4B6DECF5-2D54-4E3E-B977-93CF7CF9BED8.jpeg","_links":{"self":[{"href":"https:\/\/jessel.de\/365-tage-sylt\/wp-json\/wp\/v2\/posts\/6576","targetHints":{"allow":["GET"]}}],"collection":[{"href":"https:\/\/jessel.de\/365-tage-sylt\/wp-json\/wp\/v2\/posts"}],"about":[{"href":"https:\/\/jessel.de\/365-tage-sylt\/wp-json\/wp\/v2\/types\/post"}],"author":[{"embeddable":true,"href":"https:\/\/jessel.de\/365-tage-sylt\/wp-json\/wp\/v2\/users\/2"}],"replies":[{"embeddable":true,"href":"https:\/\/jessel.de\/365-tage-sylt\/wp-json\/wp\/v2\/comments?post=6576"}],"version-history":[{"count":3,"href":"https:\/\/jessel.de\/365-tage-sylt\/wp-json\/wp\/v2\/posts\/6576\/revisions"}],"predecessor-version":[{"id":6584,"href":"https:\/\/jessel.de\/365-tage-sylt\/wp-json\/wp\/v2\/posts\/6576\/revisions\/6584"}],"wp:featuredmedia":[{"embeddable":true,"href":"https:\/\/jessel.de\/365-tage-sylt\/wp-json\/wp\/v2\/media\/6580"}],"wp:attachment":[{"href":"https:\/\/jessel.de\/365-tage-sylt\/wp-json\/wp\/v2\/media?parent=6576"}],"wp:term":[{"taxonomy":"category","embeddable":true,"href":"https:\/\/jessel.de\/365-tage-sylt\/wp-json\/wp\/v2\/categories?post=6576"},{"taxonomy":"post_tag","embeddable":true,"href":"https:\/\/jessel.de\/365-tage-sylt\/wp-json\/wp\/v2\/tags?post=6576"}],"curies":[{"name":"wp","href":"https:\/\/api.w.org\/{rel}","templated":true}]}}