{"id":6684,"date":"2020-05-06T05:12:27","date_gmt":"2020-05-06T05:12:27","guid":{"rendered":"https:\/\/jessel.de\/365-tage-sylt\/?p=6684"},"modified":"2020-05-06T05:12:27","modified_gmt":"2020-05-06T05:12:27","slug":"5-mai-een-hebbt-wee-noch","status":"publish","type":"post","link":"https:\/\/jessel.de\/365-tage-sylt\/5-mai-een-hebbt-wee-noch\/","title":{"rendered":"5. Mai: \u201eEen hebbt wee noch!\u201c"},"content":{"rendered":"<p>Der Tag ist sensationell. Ich komme an den (fast) menschenleeren Strand und bin &#8211; gef\u00fchlt &#8211; ergriffen von der Weite, dem Rauschen der Brandung, dem Fr\u00fchlingsduft des Meeres und dem gelegentlichen M\u00f6wengeschrei&#8230; was f\u00fcr ein Zauber! Und die alte Dame, die ich schon mehrfach am Lister Weststrand traf, ist auch wieder unterwegs&#8230;<\/p>\n<p>Der Fr\u00fchst\u00fcckstisch steht ebenfalls schon bereit:<\/p>\n<p><img loading=\"lazy\" decoding=\"async\" class=\"size-full wp-image-6677\" src=\"https:\/\/jessel.de\/365-tage-sylt\/wp-content\/uploads\/2020\/05\/B912C5D7-4F5C-4074-BB46-0391019BCE08.jpeg\" alt=\"\" width=\"1191\" height=\"800\" srcset=\"https:\/\/jessel.de\/365-tage-sylt\/wp-content\/uploads\/2020\/05\/B912C5D7-4F5C-4074-BB46-0391019BCE08.jpeg 1191w, https:\/\/jessel.de\/365-tage-sylt\/wp-content\/uploads\/2020\/05\/B912C5D7-4F5C-4074-BB46-0391019BCE08-300x202.jpeg 300w, https:\/\/jessel.de\/365-tage-sylt\/wp-content\/uploads\/2020\/05\/B912C5D7-4F5C-4074-BB46-0391019BCE08-1024x688.jpeg 1024w, https:\/\/jessel.de\/365-tage-sylt\/wp-content\/uploads\/2020\/05\/B912C5D7-4F5C-4074-BB46-0391019BCE08-768x516.jpeg 768w\" sizes=\"auto, (max-width: 1191px) 100vw, 1191px\" \/><\/p>\n<p>Abends spaziere ich nochmal \u00fcber das Rote Kliff&#8230;:<\/p>\n<p><img loading=\"lazy\" decoding=\"async\" class=\"alignnone size-full wp-image-6672\" src=\"https:\/\/jessel.de\/365-tage-sylt\/wp-content\/uploads\/2020\/05\/D085672B-CD67-4080-8544-4A3CD8328307.jpeg\" alt=\"\" width=\"1202\" height=\"800\" srcset=\"https:\/\/jessel.de\/365-tage-sylt\/wp-content\/uploads\/2020\/05\/D085672B-CD67-4080-8544-4A3CD8328307.jpeg 1202w, https:\/\/jessel.de\/365-tage-sylt\/wp-content\/uploads\/2020\/05\/D085672B-CD67-4080-8544-4A3CD8328307-300x200.jpeg 300w, https:\/\/jessel.de\/365-tage-sylt\/wp-content\/uploads\/2020\/05\/D085672B-CD67-4080-8544-4A3CD8328307-1024x682.jpeg 1024w, https:\/\/jessel.de\/365-tage-sylt\/wp-content\/uploads\/2020\/05\/D085672B-CD67-4080-8544-4A3CD8328307-768x511.jpeg 768w\" sizes=\"auto, (max-width: 1202px) 100vw, 1202px\" \/><\/p>\n<p>&#8230; und staune in Wenningstedt \u00fcber ein Reetdachhaus, das in ungew\u00f6hnlicher Nachbarschaft errichtet wird:<\/p>\n<p><img loading=\"lazy\" decoding=\"async\" class=\"alignnone size-full wp-image-6673\" src=\"https:\/\/jessel.de\/365-tage-sylt\/wp-content\/uploads\/2020\/05\/0BDBFB57-D4E8-43C1-9979-D0180D23FAAE.jpeg\" alt=\"\" width=\"1488\" height=\"800\" srcset=\"https:\/\/jessel.de\/365-tage-sylt\/wp-content\/uploads\/2020\/05\/0BDBFB57-D4E8-43C1-9979-D0180D23FAAE.jpeg 1488w, https:\/\/jessel.de\/365-tage-sylt\/wp-content\/uploads\/2020\/05\/0BDBFB57-D4E8-43C1-9979-D0180D23FAAE-300x161.jpeg 300w, https:\/\/jessel.de\/365-tage-sylt\/wp-content\/uploads\/2020\/05\/0BDBFB57-D4E8-43C1-9979-D0180D23FAAE-1024x551.jpeg 1024w, https:\/\/jessel.de\/365-tage-sylt\/wp-content\/uploads\/2020\/05\/0BDBFB57-D4E8-43C1-9979-D0180D23FAAE-768x413.jpeg 768w\" sizes=\"auto, (max-width: 1488px) 100vw, 1488px\" \/><\/p>\n","protected":false},"excerpt":{"rendered":"<p>Der Tag ist sensationell. Ich komme an den (fast) menschenleeren Strand und bin &#8211; gef\u00fchlt &#8211; ergriffen von der Weite, dem Rauschen der Brandung, dem Fr\u00fchlingsduft des Meeres und dem gelegentlichen M\u00f6wengeschrei&#8230; was f\u00fcr ein Zauber! Und die alte Dame, die ich schon mehrfach am Lister Weststrand traf, ist auch wieder unterwegs&#8230; Der Fr\u00fchst\u00fcckstisch steht ebenfalls schon bereit: Abends spaziere ich nochmal \u00fcber das Rote Kliff&#8230;: &#8230; und staune in&hellip;<\/p>\n","protected":false},"author":2,"featured_media":6678,"comment_status":"open","ping_status":"open","sticky":false,"template":"","format":"standard","meta":{"footnotes":""},"categories":[27,24,41,11,3,4,26],"tags":[],"class_list":["post-6684","post","type-post","status-publish","format-standard","has-post-thumbnail","hentry","category-alle-bilder","category-duenen","category-fruehling","category-list","category-menschen","category-spuren","category-strand"],"jetpack_featured_media_url":"https:\/\/jessel.de\/365-tage-sylt\/wp-content\/uploads\/2020\/05\/0307CD60-2D91-4503-A0E6-F0F9D79E974E.jpeg","_links":{"self":[{"href":"https:\/\/jessel.de\/365-tage-sylt\/wp-json\/wp\/v2\/posts\/6684","targetHints":{"allow":["GET"]}}],"collection":[{"href":"https:\/\/jessel.de\/365-tage-sylt\/wp-json\/wp\/v2\/posts"}],"about":[{"href":"https:\/\/jessel.de\/365-tage-sylt\/wp-json\/wp\/v2\/types\/post"}],"author":[{"embeddable":true,"href":"https:\/\/jessel.de\/365-tage-sylt\/wp-json\/wp\/v2\/users\/2"}],"replies":[{"embeddable":true,"href":"https:\/\/jessel.de\/365-tage-sylt\/wp-json\/wp\/v2\/comments?post=6684"}],"version-history":[{"count":1,"href":"https:\/\/jessel.de\/365-tage-sylt\/wp-json\/wp\/v2\/posts\/6684\/revisions"}],"predecessor-version":[{"id":6685,"href":"https:\/\/jessel.de\/365-tage-sylt\/wp-json\/wp\/v2\/posts\/6684\/revisions\/6685"}],"wp:featuredmedia":[{"embeddable":true,"href":"https:\/\/jessel.de\/365-tage-sylt\/wp-json\/wp\/v2\/media\/6678"}],"wp:attachment":[{"href":"https:\/\/jessel.de\/365-tage-sylt\/wp-json\/wp\/v2\/media?parent=6684"}],"wp:term":[{"taxonomy":"category","embeddable":true,"href":"https:\/\/jessel.de\/365-tage-sylt\/wp-json\/wp\/v2\/categories?post=6684"},{"taxonomy":"post_tag","embeddable":true,"href":"https:\/\/jessel.de\/365-tage-sylt\/wp-json\/wp\/v2\/tags?post=6684"}],"curies":[{"name":"wp","href":"https:\/\/api.w.org\/{rel}","templated":true}]}}