{"id":6697,"date":"2020-05-08T09:08:32","date_gmt":"2020-05-08T09:08:32","guid":{"rendered":"https:\/\/jessel.de\/365-tage-sylt\/?p=6697"},"modified":"2020-05-08T09:11:15","modified_gmt":"2020-05-08T09:11:15","slug":"7-8-mai-oesterreicher-auf-sylt","status":"publish","type":"post","link":"https:\/\/jessel.de\/365-tage-sylt\/7-8-mai-oesterreicher-auf-sylt\/","title":{"rendered":"7.\/8. Mai: \u00d6sterreicher auf Sylt?"},"content":{"rendered":"<p>Im Jahr 1864 landen 200 \u00f6sterreichische Soldaten auf der Insel, um diese, im deutschb\u00fcndischen Schulterschluss mit Preussen, gegen die von D\u00e4nemark forcierte Vereinnahmung zu verteidigen. Mit Erfolg immerhin!<br \/>\nSind die \u00d6sterreicher nun zur\u00fcckgekehrt, um das \u00dcbel der Gegenwart, genannt Corona Virus, zu vertreiben? M\u00f6glichst noch vor der Hochsaison? Damit der Rubel wieder rollen kann?<\/p>\n<p>Ich bleibe dran, versprochen. \ud83d\ude09<\/p>\n<p>Und sonst so? Ach ja &#8211; der Ginster bl\u00fcht&#8230;:<\/p>\n<p><img loading=\"lazy\" decoding=\"async\" class=\"alignnone size-full wp-image-6700\" src=\"https:\/\/jessel.de\/365-tage-sylt\/wp-content\/uploads\/2020\/05\/D1854C8D-538B-4E47-98E4-9BE4F18CC265.jpeg\" alt=\"\" width=\"1204\" height=\"800\" srcset=\"https:\/\/jessel.de\/365-tage-sylt\/wp-content\/uploads\/2020\/05\/D1854C8D-538B-4E47-98E4-9BE4F18CC265.jpeg 1204w, https:\/\/jessel.de\/365-tage-sylt\/wp-content\/uploads\/2020\/05\/D1854C8D-538B-4E47-98E4-9BE4F18CC265-300x199.jpeg 300w, https:\/\/jessel.de\/365-tage-sylt\/wp-content\/uploads\/2020\/05\/D1854C8D-538B-4E47-98E4-9BE4F18CC265-1024x680.jpeg 1024w, https:\/\/jessel.de\/365-tage-sylt\/wp-content\/uploads\/2020\/05\/D1854C8D-538B-4E47-98E4-9BE4F18CC265-768x510.jpeg 768w\" sizes=\"auto, (max-width: 1204px) 100vw, 1204px\" \/><\/p>\n<p>&#8230; die wilden Insel\u00e4pfel auch&#8230;:<\/p>\n<p><img loading=\"lazy\" decoding=\"async\" class=\"size-full wp-image-6699\" src=\"https:\/\/jessel.de\/365-tage-sylt\/wp-content\/uploads\/2020\/05\/F39072A4-57BA-457A-9FFF-0F951954F0E1.jpeg\" alt=\"\" width=\"1079\" height=\"800\" srcset=\"https:\/\/jessel.de\/365-tage-sylt\/wp-content\/uploads\/2020\/05\/F39072A4-57BA-457A-9FFF-0F951954F0E1.jpeg 1079w, https:\/\/jessel.de\/365-tage-sylt\/wp-content\/uploads\/2020\/05\/F39072A4-57BA-457A-9FFF-0F951954F0E1-300x222.jpeg 300w, https:\/\/jessel.de\/365-tage-sylt\/wp-content\/uploads\/2020\/05\/F39072A4-57BA-457A-9FFF-0F951954F0E1-1024x759.jpeg 1024w, https:\/\/jessel.de\/365-tage-sylt\/wp-content\/uploads\/2020\/05\/F39072A4-57BA-457A-9FFF-0F951954F0E1-768x569.jpeg 768w\" sizes=\"auto, (max-width: 1079px) 100vw, 1079px\" \/><\/p>\n<p>Uralte Friesenh\u00e4user werden mit aller Kraft den W\u00fcnschen der Moderne angepasst&#8230;:<\/p>\n<p><img loading=\"lazy\" decoding=\"async\" class=\"size-full wp-image-6702\" src=\"https:\/\/jessel.de\/365-tage-sylt\/wp-content\/uploads\/2020\/05\/183F271A-D49D-4253-855E-54450F4A1311.jpeg\" alt=\"\" width=\"1067\" height=\"800\" srcset=\"https:\/\/jessel.de\/365-tage-sylt\/wp-content\/uploads\/2020\/05\/183F271A-D49D-4253-855E-54450F4A1311.jpeg 1067w, https:\/\/jessel.de\/365-tage-sylt\/wp-content\/uploads\/2020\/05\/183F271A-D49D-4253-855E-54450F4A1311-300x225.jpeg 300w, https:\/\/jessel.de\/365-tage-sylt\/wp-content\/uploads\/2020\/05\/183F271A-D49D-4253-855E-54450F4A1311-1024x768.jpeg 1024w, https:\/\/jessel.de\/365-tage-sylt\/wp-content\/uploads\/2020\/05\/183F271A-D49D-4253-855E-54450F4A1311-768x576.jpeg 768w\" sizes=\"auto, (max-width: 1067px) 100vw, 1067px\" \/><\/p>\n<p>&#8230; und ein wunderbarer Vollmond geht sooo fr\u00fch am Morgen unter, dass ich ihn gerade noch zu fassen kriege:<\/p>\n<p><img loading=\"lazy\" decoding=\"async\" class=\"alignnone size-full wp-image-6703\" src=\"https:\/\/jessel.de\/365-tage-sylt\/wp-content\/uploads\/2020\/05\/1CC8E8B8-F227-456D-979C-B06E67E8E999.jpeg\" alt=\"\" width=\"1414\" height=\"800\" srcset=\"https:\/\/jessel.de\/365-tage-sylt\/wp-content\/uploads\/2020\/05\/1CC8E8B8-F227-456D-979C-B06E67E8E999.jpeg 1414w, https:\/\/jessel.de\/365-tage-sylt\/wp-content\/uploads\/2020\/05\/1CC8E8B8-F227-456D-979C-B06E67E8E999-300x170.jpeg 300w, https:\/\/jessel.de\/365-tage-sylt\/wp-content\/uploads\/2020\/05\/1CC8E8B8-F227-456D-979C-B06E67E8E999-1024x579.jpeg 1024w, https:\/\/jessel.de\/365-tage-sylt\/wp-content\/uploads\/2020\/05\/1CC8E8B8-F227-456D-979C-B06E67E8E999-768x435.jpeg 768w\" sizes=\"auto, (max-width: 1414px) 100vw, 1414px\" \/><\/p>\n<p>&nbsp;<\/p>\n","protected":false},"excerpt":{"rendered":"<p>Im Jahr 1864 landen 200 \u00f6sterreichische Soldaten auf der Insel, um diese, im deutschb\u00fcndischen Schulterschluss mit Preussen, gegen die von D\u00e4nemark forcierte Vereinnahmung zu verteidigen. Mit Erfolg immerhin! Sind die \u00d6sterreicher nun zur\u00fcckgekehrt, um das \u00dcbel der Gegenwart, genannt Corona Virus, zu vertreiben? M\u00f6glichst noch vor der Hochsaison? Damit der Rubel wieder rollen kann? Ich bleibe dran, versprochen. \ud83d\ude09 Und sonst so? Ach ja &#8211; der Ginster bl\u00fcht&#8230;: &#8230; die&hellip;<\/p>\n","protected":false},"author":2,"featured_media":6698,"comment_status":"open","ping_status":"open","sticky":false,"template":"","format":"standard","meta":{"footnotes":""},"categories":[27,41,28,2,30,38],"tags":[],"class_list":["post-6697","post","type-post","status-publish","format-standard","has-post-thumbnail","hentry","category-alle-bilder","category-fruehling","category-haeuser","category-tourismus","category-tradition","category-wenningstedt"],"jetpack_featured_media_url":"https:\/\/jessel.de\/365-tage-sylt\/wp-content\/uploads\/2020\/05\/DEFD91D3-D745-4873-A7D6-8DDA4BCBDE4F.jpeg","_links":{"self":[{"href":"https:\/\/jessel.de\/365-tage-sylt\/wp-json\/wp\/v2\/posts\/6697","targetHints":{"allow":["GET"]}}],"collection":[{"href":"https:\/\/jessel.de\/365-tage-sylt\/wp-json\/wp\/v2\/posts"}],"about":[{"href":"https:\/\/jessel.de\/365-tage-sylt\/wp-json\/wp\/v2\/types\/post"}],"author":[{"embeddable":true,"href":"https:\/\/jessel.de\/365-tage-sylt\/wp-json\/wp\/v2\/users\/2"}],"replies":[{"embeddable":true,"href":"https:\/\/jessel.de\/365-tage-sylt\/wp-json\/wp\/v2\/comments?post=6697"}],"version-history":[{"count":2,"href":"https:\/\/jessel.de\/365-tage-sylt\/wp-json\/wp\/v2\/posts\/6697\/revisions"}],"predecessor-version":[{"id":6706,"href":"https:\/\/jessel.de\/365-tage-sylt\/wp-json\/wp\/v2\/posts\/6697\/revisions\/6706"}],"wp:featuredmedia":[{"embeddable":true,"href":"https:\/\/jessel.de\/365-tage-sylt\/wp-json\/wp\/v2\/media\/6698"}],"wp:attachment":[{"href":"https:\/\/jessel.de\/365-tage-sylt\/wp-json\/wp\/v2\/media?parent=6697"}],"wp:term":[{"taxonomy":"category","embeddable":true,"href":"https:\/\/jessel.de\/365-tage-sylt\/wp-json\/wp\/v2\/categories?post=6697"},{"taxonomy":"post_tag","embeddable":true,"href":"https:\/\/jessel.de\/365-tage-sylt\/wp-json\/wp\/v2\/tags?post=6697"}],"curies":[{"name":"wp","href":"https:\/\/api.w.org\/{rel}","templated":true}]}}