{"id":6708,"date":"2020-05-10T08:21:10","date_gmt":"2020-05-10T08:21:10","guid":{"rendered":"https:\/\/jessel.de\/365-tage-sylt\/?p=6708"},"modified":"2020-05-10T11:00:49","modified_gmt":"2020-05-10T11:00:49","slug":"9-10-mai-zum-fruehstueck-bei-bloglesern","status":"publish","type":"post","link":"https:\/\/jessel.de\/365-tage-sylt\/9-10-mai-zum-fruehstueck-bei-bloglesern\/","title":{"rendered":"9. Mai: Zum Fr\u00fchst\u00fcck bei Bloglesern?"},"content":{"rendered":"<p>Nein, zum Abendessen! Und zwar bei Bloglesern, die aus ihrem Haus einen der sch\u00f6nsten Ausblicke der Insel geniessen d\u00fcrfen&#8230; jedenfalls, wenn Sylt nicht gerade Im Seenebel verschwindet:<\/p>\n<p><img loading=\"lazy\" decoding=\"async\" class=\"alignnone size-full wp-image-6712\" src=\"https:\/\/jessel.de\/365-tage-sylt\/wp-content\/uploads\/2020\/05\/7F3E581C-EF51-48C2-BF5A-F1F8DDFCF014.jpeg\" alt=\"\" width=\"1824\" height=\"800\" srcset=\"https:\/\/jessel.de\/365-tage-sylt\/wp-content\/uploads\/2020\/05\/7F3E581C-EF51-48C2-BF5A-F1F8DDFCF014.jpeg 1824w, https:\/\/jessel.de\/365-tage-sylt\/wp-content\/uploads\/2020\/05\/7F3E581C-EF51-48C2-BF5A-F1F8DDFCF014-300x132.jpeg 300w, https:\/\/jessel.de\/365-tage-sylt\/wp-content\/uploads\/2020\/05\/7F3E581C-EF51-48C2-BF5A-F1F8DDFCF014-1024x449.jpeg 1024w, https:\/\/jessel.de\/365-tage-sylt\/wp-content\/uploads\/2020\/05\/7F3E581C-EF51-48C2-BF5A-F1F8DDFCF014-768x337.jpeg 768w, https:\/\/jessel.de\/365-tage-sylt\/wp-content\/uploads\/2020\/05\/7F3E581C-EF51-48C2-BF5A-F1F8DDFCF014-1536x674.jpeg 1536w\" sizes=\"auto, (max-width: 1824px) 100vw, 1824px\" \/><\/p>\n<p>Immerhin, wir riechen und h\u00f6ren das Meer, das kaum 100m entfernt ist. Allerdings bleibt die Terrasse leer, leider. So geniessen wir die Atmo von innen. Es gibt Tzatziki, Datteldipp, Radieschen mit Fr\u00fchlingszwiebeln, Sansibar-Kartoffelsalat&#8230;:<\/p>\n<p><img loading=\"lazy\" decoding=\"async\" class=\"alignnone size-full wp-image-6713\" src=\"https:\/\/jessel.de\/365-tage-sylt\/wp-content\/uploads\/2020\/05\/3EF2174D-16DC-499E-83FC-5B8ACA2BE814.jpeg\" alt=\"\" width=\"1067\" height=\"800\" srcset=\"https:\/\/jessel.de\/365-tage-sylt\/wp-content\/uploads\/2020\/05\/3EF2174D-16DC-499E-83FC-5B8ACA2BE814.jpeg 1067w, https:\/\/jessel.de\/365-tage-sylt\/wp-content\/uploads\/2020\/05\/3EF2174D-16DC-499E-83FC-5B8ACA2BE814-300x225.jpeg 300w, https:\/\/jessel.de\/365-tage-sylt\/wp-content\/uploads\/2020\/05\/3EF2174D-16DC-499E-83FC-5B8ACA2BE814-1024x768.jpeg 1024w, https:\/\/jessel.de\/365-tage-sylt\/wp-content\/uploads\/2020\/05\/3EF2174D-16DC-499E-83FC-5B8ACA2BE814-768x576.jpeg 768w\" sizes=\"auto, (max-width: 1067px) 100vw, 1067px\" \/><\/p>\n<p>&#8230; und seeehr schmackhafte Parmesan-Pl\u00e4tzchen zu einer K\u00e4sesuppe:<br \/>\n<img loading=\"lazy\" decoding=\"async\" class=\"alignnone size-full wp-image-6714\" src=\"https:\/\/jessel.de\/365-tage-sylt\/wp-content\/uploads\/2020\/05\/1995E0D3-9E25-4344-A28E-CED19D36D7B1.jpeg\" alt=\"\" width=\"1067\" height=\"800\" srcset=\"https:\/\/jessel.de\/365-tage-sylt\/wp-content\/uploads\/2020\/05\/1995E0D3-9E25-4344-A28E-CED19D36D7B1.jpeg 1067w, https:\/\/jessel.de\/365-tage-sylt\/wp-content\/uploads\/2020\/05\/1995E0D3-9E25-4344-A28E-CED19D36D7B1-300x225.jpeg 300w, https:\/\/jessel.de\/365-tage-sylt\/wp-content\/uploads\/2020\/05\/1995E0D3-9E25-4344-A28E-CED19D36D7B1-1024x768.jpeg 1024w, https:\/\/jessel.de\/365-tage-sylt\/wp-content\/uploads\/2020\/05\/1995E0D3-9E25-4344-A28E-CED19D36D7B1-768x576.jpeg 768w\" sizes=\"auto, (max-width: 1067px) 100vw, 1067px\" \/><\/p>\n<p>&#8230; dazu einen Sauvignon Blanc aus der Neuseel\u00e4ndischen Cloudy Bay, was pr\u00e4chtig zum Wetter passt. Und zum Nachtisch zieht die Hausherrin tats\u00e4chlich ein P\u00e4ckchen RAUSCH-Pralinen aus dem K\u00fcchenschrank &#8211; zuf\u00e4llig meine Lieblingssorte:<\/p>\n<p><img loading=\"lazy\" decoding=\"async\" class=\"size-full wp-image-6715\" src=\"https:\/\/jessel.de\/365-tage-sylt\/wp-content\/uploads\/2020\/05\/470322F8-C30A-4A98-8442-5FB916AFAD3B.jpeg\" alt=\"\" width=\"1067\" height=\"800\" srcset=\"https:\/\/jessel.de\/365-tage-sylt\/wp-content\/uploads\/2020\/05\/470322F8-C30A-4A98-8442-5FB916AFAD3B.jpeg 1067w, https:\/\/jessel.de\/365-tage-sylt\/wp-content\/uploads\/2020\/05\/470322F8-C30A-4A98-8442-5FB916AFAD3B-300x225.jpeg 300w, https:\/\/jessel.de\/365-tage-sylt\/wp-content\/uploads\/2020\/05\/470322F8-C30A-4A98-8442-5FB916AFAD3B-1024x768.jpeg 1024w, https:\/\/jessel.de\/365-tage-sylt\/wp-content\/uploads\/2020\/05\/470322F8-C30A-4A98-8442-5FB916AFAD3B-768x576.jpeg 768w\" sizes=\"auto, (max-width: 1067px) 100vw, 1067px\" \/><\/p>\n<p>Dementsprechend beschwingt geht es nach gut vier Stunden voller interessanter Gespr\u00e4che zur\u00fcck nach Westerland:<\/p>\n<p><img loading=\"lazy\" decoding=\"async\" class=\"size-full wp-image-6716\" src=\"https:\/\/jessel.de\/365-tage-sylt\/wp-content\/uploads\/2020\/05\/2C7A35F8-F38A-4D97-A4EA-AE967836F0F0.jpeg\" alt=\"\" width=\"1247\" height=\"800\" srcset=\"https:\/\/jessel.de\/365-tage-sylt\/wp-content\/uploads\/2020\/05\/2C7A35F8-F38A-4D97-A4EA-AE967836F0F0.jpeg 1247w, https:\/\/jessel.de\/365-tage-sylt\/wp-content\/uploads\/2020\/05\/2C7A35F8-F38A-4D97-A4EA-AE967836F0F0-300x192.jpeg 300w, https:\/\/jessel.de\/365-tage-sylt\/wp-content\/uploads\/2020\/05\/2C7A35F8-F38A-4D97-A4EA-AE967836F0F0-1024x657.jpeg 1024w, https:\/\/jessel.de\/365-tage-sylt\/wp-content\/uploads\/2020\/05\/2C7A35F8-F38A-4D97-A4EA-AE967836F0F0-768x493.jpeg 768w\" sizes=\"auto, (max-width: 1247px) 100vw, 1247px\" \/><\/p>\n<p>&#8230; wo uns eine gaaanz entspannte Stimmung mit guter Musik auf der Promenade noch einmal kurz aufh\u00e4lt:<\/p>\n<p><img loading=\"lazy\" decoding=\"async\" class=\"size-full wp-image-6717\" src=\"https:\/\/jessel.de\/365-tage-sylt\/wp-content\/uploads\/2020\/05\/D9C22CE3-D325-4371-B38F-4DC5C119239E.jpeg\" alt=\"\" width=\"1067\" height=\"800\" srcset=\"https:\/\/jessel.de\/365-tage-sylt\/wp-content\/uploads\/2020\/05\/D9C22CE3-D325-4371-B38F-4DC5C119239E.jpeg 1067w, https:\/\/jessel.de\/365-tage-sylt\/wp-content\/uploads\/2020\/05\/D9C22CE3-D325-4371-B38F-4DC5C119239E-300x225.jpeg 300w, https:\/\/jessel.de\/365-tage-sylt\/wp-content\/uploads\/2020\/05\/D9C22CE3-D325-4371-B38F-4DC5C119239E-1024x768.jpeg 1024w, https:\/\/jessel.de\/365-tage-sylt\/wp-content\/uploads\/2020\/05\/D9C22CE3-D325-4371-B38F-4DC5C119239E-768x576.jpeg 768w\" sizes=\"auto, (max-width: 1067px) 100vw, 1067px\" \/><\/p>\n","protected":false},"excerpt":{"rendered":"<p>Nein, zum Abendessen! Und zwar bei Bloglesern, die aus ihrem Haus einen der sch\u00f6nsten Ausblicke der Insel geniessen d\u00fcrfen&#8230; jedenfalls, wenn Sylt nicht gerade Im Seenebel verschwindet: Immerhin, wir riechen und h\u00f6ren das Meer, das kaum 100m entfernt ist. Allerdings bleibt die Terrasse leer, leider. So geniessen wir die Atmo von innen. Es gibt Tzatziki, Datteldipp, Radieschen mit Fr\u00fchlingszwiebeln, Sansibar-Kartoffelsalat&#8230;: &#8230; und seeehr schmackhafte Parmesan-Pl\u00e4tzchen zu einer K\u00e4sesuppe: &#8230; dazu&hellip;<\/p>\n","protected":false},"author":2,"featured_media":6709,"comment_status":"open","ping_status":"open","sticky":false,"template":"","format":"standard","meta":{"footnotes":""},"categories":[27,39,41,43,3,2,38],"tags":[],"class_list":["post-6708","post","type-post","status-publish","format-standard","has-post-thumbnail","hentry","category-alle-bilder","category-arbeit","category-fruehling","category-kulinarik","category-menschen","category-tourismus","category-wenningstedt"],"jetpack_featured_media_url":"https:\/\/jessel.de\/365-tage-sylt\/wp-content\/uploads\/2020\/05\/64BABE77-A2C1-46EC-9AB5-56248C00B1BE.jpeg","_links":{"self":[{"href":"https:\/\/jessel.de\/365-tage-sylt\/wp-json\/wp\/v2\/posts\/6708","targetHints":{"allow":["GET"]}}],"collection":[{"href":"https:\/\/jessel.de\/365-tage-sylt\/wp-json\/wp\/v2\/posts"}],"about":[{"href":"https:\/\/jessel.de\/365-tage-sylt\/wp-json\/wp\/v2\/types\/post"}],"author":[{"embeddable":true,"href":"https:\/\/jessel.de\/365-tage-sylt\/wp-json\/wp\/v2\/users\/2"}],"replies":[{"embeddable":true,"href":"https:\/\/jessel.de\/365-tage-sylt\/wp-json\/wp\/v2\/comments?post=6708"}],"version-history":[{"count":4,"href":"https:\/\/jessel.de\/365-tage-sylt\/wp-json\/wp\/v2\/posts\/6708\/revisions"}],"predecessor-version":[{"id":6721,"href":"https:\/\/jessel.de\/365-tage-sylt\/wp-json\/wp\/v2\/posts\/6708\/revisions\/6721"}],"wp:featuredmedia":[{"embeddable":true,"href":"https:\/\/jessel.de\/365-tage-sylt\/wp-json\/wp\/v2\/media\/6709"}],"wp:attachment":[{"href":"https:\/\/jessel.de\/365-tage-sylt\/wp-json\/wp\/v2\/media?parent=6708"}],"wp:term":[{"taxonomy":"category","embeddable":true,"href":"https:\/\/jessel.de\/365-tage-sylt\/wp-json\/wp\/v2\/categories?post=6708"},{"taxonomy":"post_tag","embeddable":true,"href":"https:\/\/jessel.de\/365-tage-sylt\/wp-json\/wp\/v2\/tags?post=6708"}],"curies":[{"name":"wp","href":"https:\/\/api.w.org\/{rel}","templated":true}]}}