{"id":6722,"date":"2020-05-10T11:05:03","date_gmt":"2020-05-10T11:05:03","guid":{"rendered":"https:\/\/jessel.de\/365-tage-sylt\/?p=6722"},"modified":"2020-05-10T18:33:32","modified_gmt":"2020-05-10T18:33:32","slug":"10-mai-frueh-unterwegs","status":"publish","type":"post","link":"https:\/\/jessel.de\/365-tage-sylt\/10-mai-frueh-unterwegs\/","title":{"rendered":"10. Mai: Fr\u00fch unterwegs&#8230;"},"content":{"rendered":"<p>Die Nacht ist kurz. Gef\u00fchlt bin ich gerade eingenickt, da kr\u00e4ht um 3:40 Uhr unser Nachbarhahn namens Caruso. Los geht\u2019s!<\/p>\n<p>Ein kompakter Morgennebel empf\u00e4ngt mich in den Tinnumer und Keitumer Wiesen:<\/p>\n<p><img loading=\"lazy\" decoding=\"async\" class=\"alignnone size-full wp-image-6728\" src=\"https:\/\/jessel.de\/365-tage-sylt\/wp-content\/uploads\/2020\/05\/C7225DEE-97CE-4732-95FE-F2703E6B7482.jpeg\" alt=\"\" width=\"1204\" height=\"800\" srcset=\"https:\/\/jessel.de\/365-tage-sylt\/wp-content\/uploads\/2020\/05\/C7225DEE-97CE-4732-95FE-F2703E6B7482.jpeg 1204w, https:\/\/jessel.de\/365-tage-sylt\/wp-content\/uploads\/2020\/05\/C7225DEE-97CE-4732-95FE-F2703E6B7482-300x199.jpeg 300w, https:\/\/jessel.de\/365-tage-sylt\/wp-content\/uploads\/2020\/05\/C7225DEE-97CE-4732-95FE-F2703E6B7482-1024x680.jpeg 1024w, https:\/\/jessel.de\/365-tage-sylt\/wp-content\/uploads\/2020\/05\/C7225DEE-97CE-4732-95FE-F2703E6B7482-768x510.jpeg 768w\" sizes=\"auto, (max-width: 1204px) 100vw, 1204px\" \/><\/p>\n<p>Von St. Severin ist nur der Turm zu sehen:<\/p>\n<p><img loading=\"lazy\" decoding=\"async\" class=\"alignnone size-full wp-image-6724\" src=\"https:\/\/jessel.de\/365-tage-sylt\/wp-content\/uploads\/2020\/05\/AA4ECA47-EFDD-4BB7-8835-932C38724C6D.jpeg\" alt=\"\" width=\"1204\" height=\"800\" srcset=\"https:\/\/jessel.de\/365-tage-sylt\/wp-content\/uploads\/2020\/05\/AA4ECA47-EFDD-4BB7-8835-932C38724C6D.jpeg 1204w, https:\/\/jessel.de\/365-tage-sylt\/wp-content\/uploads\/2020\/05\/AA4ECA47-EFDD-4BB7-8835-932C38724C6D-300x199.jpeg 300w, https:\/\/jessel.de\/365-tage-sylt\/wp-content\/uploads\/2020\/05\/AA4ECA47-EFDD-4BB7-8835-932C38724C6D-1024x680.jpeg 1024w, https:\/\/jessel.de\/365-tage-sylt\/wp-content\/uploads\/2020\/05\/AA4ECA47-EFDD-4BB7-8835-932C38724C6D-768x510.jpeg 768w\" sizes=\"auto, (max-width: 1204px) 100vw, 1204px\" \/><\/p>\n<p>Nur ganz langsam lichtet sich der Nebel \u00fcber dem stillen Watt. Bzw. doch nicht so still, denn da schippern mehrere Tausend Nonneng\u00e4nse herum, die sich wie auf ein Kommando mit lautem Geschnatter in die Luft erheben und \u00fcber mich hinweg in den Koog fliegen. Ein grandioses Naturschauspiel &#8211; leider  nicht fotografierbar:<\/p>\n<p><img loading=\"lazy\" decoding=\"async\" class=\"alignnone size-full wp-image-6726\" src=\"https:\/\/jessel.de\/365-tage-sylt\/wp-content\/uploads\/2020\/05\/B79B7679-DBFB-4B8A-A87A-B248A7BDC0E4.jpeg\" alt=\"\" width=\"1204\" height=\"800\" srcset=\"https:\/\/jessel.de\/365-tage-sylt\/wp-content\/uploads\/2020\/05\/B79B7679-DBFB-4B8A-A87A-B248A7BDC0E4.jpeg 1204w, https:\/\/jessel.de\/365-tage-sylt\/wp-content\/uploads\/2020\/05\/B79B7679-DBFB-4B8A-A87A-B248A7BDC0E4-300x199.jpeg 300w, https:\/\/jessel.de\/365-tage-sylt\/wp-content\/uploads\/2020\/05\/B79B7679-DBFB-4B8A-A87A-B248A7BDC0E4-1024x680.jpeg 1024w, https:\/\/jessel.de\/365-tage-sylt\/wp-content\/uploads\/2020\/05\/B79B7679-DBFB-4B8A-A87A-B248A7BDC0E4-768x510.jpeg 768w\" sizes=\"auto, (max-width: 1204px) 100vw, 1204px\" \/><\/p>\n<p>Dann steigt die Sonne \u00fcber den Nebel&#8230;:<\/p>\n<p><img loading=\"lazy\" decoding=\"async\" class=\"alignnone size-full wp-image-6725\" src=\"https:\/\/jessel.de\/365-tage-sylt\/wp-content\/uploads\/2020\/05\/AF251704-C7DE-4910-956E-51E78E96B4B5.jpeg\" alt=\"\" width=\"1204\" height=\"800\" srcset=\"https:\/\/jessel.de\/365-tage-sylt\/wp-content\/uploads\/2020\/05\/AF251704-C7DE-4910-956E-51E78E96B4B5.jpeg 1204w, https:\/\/jessel.de\/365-tage-sylt\/wp-content\/uploads\/2020\/05\/AF251704-C7DE-4910-956E-51E78E96B4B5-300x199.jpeg 300w, https:\/\/jessel.de\/365-tage-sylt\/wp-content\/uploads\/2020\/05\/AF251704-C7DE-4910-956E-51E78E96B4B5-1024x680.jpeg 1024w, https:\/\/jessel.de\/365-tage-sylt\/wp-content\/uploads\/2020\/05\/AF251704-C7DE-4910-956E-51E78E96B4B5-768x510.jpeg 768w\" sizes=\"auto, (max-width: 1204px) 100vw, 1204px\" \/><\/p>\n<p>&#8230; und taucht die ganze Szenerie in ein \u00fcberirdisches Licht:<\/p>\n<p><img loading=\"lazy\" decoding=\"async\" class=\"alignnone size-full wp-image-6718\" src=\"https:\/\/jessel.de\/365-tage-sylt\/wp-content\/uploads\/2020\/05\/30608F25-D540-4DD2-853C-807B7C43B178.jpeg\" alt=\"\" width=\"1067\" height=\"800\" srcset=\"https:\/\/jessel.de\/365-tage-sylt\/wp-content\/uploads\/2020\/05\/30608F25-D540-4DD2-853C-807B7C43B178.jpeg 1067w, https:\/\/jessel.de\/365-tage-sylt\/wp-content\/uploads\/2020\/05\/30608F25-D540-4DD2-853C-807B7C43B178-300x225.jpeg 300w, https:\/\/jessel.de\/365-tage-sylt\/wp-content\/uploads\/2020\/05\/30608F25-D540-4DD2-853C-807B7C43B178-1024x768.jpeg 1024w, https:\/\/jessel.de\/365-tage-sylt\/wp-content\/uploads\/2020\/05\/30608F25-D540-4DD2-853C-807B7C43B178-768x576.jpeg 768w\" sizes=\"auto, (max-width: 1067px) 100vw, 1067px\" \/><\/p>\n<p>Ziemlich geflasht radel\u02cb ich bald darauf nach Hause, um 110(!) Bilder reicher. Was f\u00fcr ein grandioser Morgen!<\/p>\n<p><img loading=\"lazy\" decoding=\"async\" class=\"alignnone size-full wp-image-6727\" src=\"https:\/\/jessel.de\/365-tage-sylt\/wp-content\/uploads\/2020\/05\/08DE43C2-5643-4716-BC29-FBAEFC01BB59.jpeg\" alt=\"\" width=\"1503\" height=\"800\" srcset=\"https:\/\/jessel.de\/365-tage-sylt\/wp-content\/uploads\/2020\/05\/08DE43C2-5643-4716-BC29-FBAEFC01BB59.jpeg 1503w, https:\/\/jessel.de\/365-tage-sylt\/wp-content\/uploads\/2020\/05\/08DE43C2-5643-4716-BC29-FBAEFC01BB59-300x160.jpeg 300w, https:\/\/jessel.de\/365-tage-sylt\/wp-content\/uploads\/2020\/05\/08DE43C2-5643-4716-BC29-FBAEFC01BB59-1024x545.jpeg 1024w, https:\/\/jessel.de\/365-tage-sylt\/wp-content\/uploads\/2020\/05\/08DE43C2-5643-4716-BC29-FBAEFC01BB59-768x409.jpeg 768w\" sizes=\"auto, (max-width: 1503px) 100vw, 1503px\" \/><\/p>\n","protected":false},"excerpt":{"rendered":"<p>Die Nacht ist kurz. Gef\u00fchlt bin ich gerade eingenickt, da kr\u00e4ht um 3:40 Uhr unser Nachbarhahn namens Caruso. Los geht\u2019s! Ein kompakter Morgennebel empf\u00e4ngt mich in den Tinnumer und Keitumer Wiesen: Von St. Severin ist nur der Turm zu sehen: Nur ganz langsam lichtet sich der Nebel \u00fcber dem stillen Watt. Bzw. doch nicht so still, denn da schippern mehrere Tausend Nonneng\u00e4nse herum, die sich wie auf ein Kommando mit&hellip;<\/p>\n","protected":false},"author":2,"featured_media":6719,"comment_status":"open","ping_status":"open","sticky":false,"template":"","format":"standard","meta":{"footnotes":""},"categories":[27,39,41,32,40,30,29],"tags":[],"class_list":["post-6722","post","type-post","status-publish","format-standard","has-post-thumbnail","hentry","category-alle-bilder","category-arbeit","category-fruehling","category-keitum","category-tiere","category-tradition","category-verkehr"],"jetpack_featured_media_url":"https:\/\/jessel.de\/365-tage-sylt\/wp-content\/uploads\/2020\/05\/AF53C800-FCCA-4F33-9410-2B3DA9DF3EFF.jpeg","_links":{"self":[{"href":"https:\/\/jessel.de\/365-tage-sylt\/wp-json\/wp\/v2\/posts\/6722","targetHints":{"allow":["GET"]}}],"collection":[{"href":"https:\/\/jessel.de\/365-tage-sylt\/wp-json\/wp\/v2\/posts"}],"about":[{"href":"https:\/\/jessel.de\/365-tage-sylt\/wp-json\/wp\/v2\/types\/post"}],"author":[{"embeddable":true,"href":"https:\/\/jessel.de\/365-tage-sylt\/wp-json\/wp\/v2\/users\/2"}],"replies":[{"embeddable":true,"href":"https:\/\/jessel.de\/365-tage-sylt\/wp-json\/wp\/v2\/comments?post=6722"}],"version-history":[{"count":3,"href":"https:\/\/jessel.de\/365-tage-sylt\/wp-json\/wp\/v2\/posts\/6722\/revisions"}],"predecessor-version":[{"id":6730,"href":"https:\/\/jessel.de\/365-tage-sylt\/wp-json\/wp\/v2\/posts\/6722\/revisions\/6730"}],"wp:featuredmedia":[{"embeddable":true,"href":"https:\/\/jessel.de\/365-tage-sylt\/wp-json\/wp\/v2\/media\/6719"}],"wp:attachment":[{"href":"https:\/\/jessel.de\/365-tage-sylt\/wp-json\/wp\/v2\/media?parent=6722"}],"wp:term":[{"taxonomy":"category","embeddable":true,"href":"https:\/\/jessel.de\/365-tage-sylt\/wp-json\/wp\/v2\/categories?post=6722"},{"taxonomy":"post_tag","embeddable":true,"href":"https:\/\/jessel.de\/365-tage-sylt\/wp-json\/wp\/v2\/tags?post=6722"}],"curies":[{"name":"wp","href":"https:\/\/api.w.org\/{rel}","templated":true}]}}