{"id":680,"date":"2017-04-14T15:52:42","date_gmt":"2017-04-14T15:52:42","guid":{"rendered":"http:\/\/jessel.de\/365-tage-sylt\/?p=680"},"modified":"2017-04-14T21:16:36","modified_gmt":"2017-04-14T21:16:36","slug":"karfreitag-aufm-kontinent","status":"publish","type":"post","link":"https:\/\/jessel.de\/365-tage-sylt\/karfreitag-aufm-kontinent\/","title":{"rendered":"Karfreitag aufm Kontinent"},"content":{"rendered":"<p>Ich nehme den Zug um 9:52 Uhr. Der f\u00e4hrt nur bis Nieb\u00fcll, aber das reicht total &#8211; mein Ziel heisst Klanxb\u00fcll:<\/p>\n<p><img loading=\"lazy\" decoding=\"async\" class=\"alignnone size-full wp-image-684\" src=\"http:\/\/jessel.de\/365-tage-sylt\/wp-content\/uploads\/2017\/04\/IMG_0295.jpg\" alt=\"\" width=\"1632\" height=\"918\" srcset=\"https:\/\/jessel.de\/365-tage-sylt\/wp-content\/uploads\/2017\/04\/IMG_0295.jpg 1632w, https:\/\/jessel.de\/365-tage-sylt\/wp-content\/uploads\/2017\/04\/IMG_0295-300x169.jpg 300w, https:\/\/jessel.de\/365-tage-sylt\/wp-content\/uploads\/2017\/04\/IMG_0295-768x432.jpg 768w, https:\/\/jessel.de\/365-tage-sylt\/wp-content\/uploads\/2017\/04\/IMG_0295-1024x576.jpg 1024w\" sizes=\"auto, (max-width: 1632px) 100vw, 1632px\" \/><\/p>\n<p>Herrliche Ruhe. Offenbar ein Geisterzug.<\/p>\n<p>In Klanxb\u00fcll ziehen die dunkelsten Wolken gerade ab. Lerchengezwitscher, erste gelbe Rapsbl\u00fcten, traumhafter R\u00fcckenwind bis S\u00fcderl\u00fcgum:<\/p>\n<p><img loading=\"lazy\" decoding=\"async\" class=\"alignnone size-full wp-image-685\" src=\"http:\/\/jessel.de\/365-tage-sylt\/wp-content\/uploads\/2017\/04\/IMG_0296.jpg\" alt=\"\" width=\"1632\" height=\"918\" srcset=\"https:\/\/jessel.de\/365-tage-sylt\/wp-content\/uploads\/2017\/04\/IMG_0296.jpg 1632w, https:\/\/jessel.de\/365-tage-sylt\/wp-content\/uploads\/2017\/04\/IMG_0296-300x169.jpg 300w, https:\/\/jessel.de\/365-tage-sylt\/wp-content\/uploads\/2017\/04\/IMG_0296-768x432.jpg 768w, https:\/\/jessel.de\/365-tage-sylt\/wp-content\/uploads\/2017\/04\/IMG_0296-1024x576.jpg 1024w\" sizes=\"auto, (max-width: 1632px) 100vw, 1632px\" \/><\/p>\n<p>Es ist 11 Uhr, und Papa&#8217;s D\u00f6nertreff macht gerade auf. Ansonsten alles dicht an diesem christlichen Trauertag&#8230; ich entscheide mich f\u00fcr einen Automatenkaffee in der \u00f6rtlichen Tankstelle.<\/p>\n<p>\u00dcber Ladelund und Wallsb\u00fcll erreiche ich Flensburg kurz nach 14 Uhr.<\/p>\n<p>Meine lieben Freunde wissen am allerbesten, was an Volkstrauertagen wie diesem zu machen ist: Die D\u00e4nen machen n\u00e4mlich am Gr\u00fcndonnerstag dicht, daf\u00fcr flaggen sie am Karfreitag Halbmmast &#8211; und alles ist auf! <\/p>\n<p>Also fahren wir nach Kollund, die leckersten Hot Dogs S\u00fcdd\u00e4nemarks erwarten uns dort:<\/p>\n<p><img loading=\"lazy\" decoding=\"async\" class=\"alignnone size-full wp-image-687\" src=\"http:\/\/jessel.de\/365-tage-sylt\/wp-content\/uploads\/2017\/04\/IMG_0298.jpg\" alt=\"\" width=\"1632\" height=\"918\" srcset=\"https:\/\/jessel.de\/365-tage-sylt\/wp-content\/uploads\/2017\/04\/IMG_0298.jpg 1632w, https:\/\/jessel.de\/365-tage-sylt\/wp-content\/uploads\/2017\/04\/IMG_0298-300x169.jpg 300w, https:\/\/jessel.de\/365-tage-sylt\/wp-content\/uploads\/2017\/04\/IMG_0298-768x432.jpg 768w, https:\/\/jessel.de\/365-tage-sylt\/wp-content\/uploads\/2017\/04\/IMG_0298-1024x576.jpg 1024w\" sizes=\"auto, (max-width: 1632px) 100vw, 1632px\" \/><\/p>\n<p>Wer D\u00e4nemark kennt, kennt &#8222;Annies Kiosk&#8220;!<\/p>\n<p>&nbsp;<\/p>\n","protected":false},"excerpt":{"rendered":"<p>Ich nehme den Zug um 9:52 Uhr. Der f\u00e4hrt nur bis Nieb\u00fcll, aber das reicht total &#8211; mein Ziel heisst Klanxb\u00fcll: Herrliche Ruhe. Offenbar ein Geisterzug. In Klanxb\u00fcll ziehen die dunkelsten Wolken gerade ab. Lerchengezwitscher, erste gelbe Rapsbl\u00fcten, traumhafter R\u00fcckenwind bis S\u00fcderl\u00fcgum: Es ist 11 Uhr, und Papa&#8217;s D\u00f6nertreff macht gerade auf. Ansonsten alles dicht an diesem christlichen Trauertag&#8230; ich entscheide mich f\u00fcr einen Automatenkaffee in der \u00f6rtlichen Tankstelle. \u00dcber&hellip;<\/p>\n","protected":false},"author":2,"featured_media":681,"comment_status":"open","ping_status":"open","sticky":false,"template":"","format":"standard","meta":{"footnotes":""},"categories":[27,41,3,29,33],"tags":[],"class_list":["post-680","post","type-post","status-publish","format-standard","has-post-thumbnail","hentry","category-alle-bilder","category-fruehling","category-menschen","category-verkehr","category-woanders"],"jetpack_featured_media_url":"https:\/\/jessel.de\/365-tage-sylt\/wp-content\/uploads\/2017\/04\/IMG_0297.jpg","_links":{"self":[{"href":"https:\/\/jessel.de\/365-tage-sylt\/wp-json\/wp\/v2\/posts\/680","targetHints":{"allow":["GET"]}}],"collection":[{"href":"https:\/\/jessel.de\/365-tage-sylt\/wp-json\/wp\/v2\/posts"}],"about":[{"href":"https:\/\/jessel.de\/365-tage-sylt\/wp-json\/wp\/v2\/types\/post"}],"author":[{"embeddable":true,"href":"https:\/\/jessel.de\/365-tage-sylt\/wp-json\/wp\/v2\/users\/2"}],"replies":[{"embeddable":true,"href":"https:\/\/jessel.de\/365-tage-sylt\/wp-json\/wp\/v2\/comments?post=680"}],"version-history":[{"count":4,"href":"https:\/\/jessel.de\/365-tage-sylt\/wp-json\/wp\/v2\/posts\/680\/revisions"}],"predecessor-version":[{"id":688,"href":"https:\/\/jessel.de\/365-tage-sylt\/wp-json\/wp\/v2\/posts\/680\/revisions\/688"}],"wp:featuredmedia":[{"embeddable":true,"href":"https:\/\/jessel.de\/365-tage-sylt\/wp-json\/wp\/v2\/media\/681"}],"wp:attachment":[{"href":"https:\/\/jessel.de\/365-tage-sylt\/wp-json\/wp\/v2\/media?parent=680"}],"wp:term":[{"taxonomy":"category","embeddable":true,"href":"https:\/\/jessel.de\/365-tage-sylt\/wp-json\/wp\/v2\/categories?post=680"},{"taxonomy":"post_tag","embeddable":true,"href":"https:\/\/jessel.de\/365-tage-sylt\/wp-json\/wp\/v2\/tags?post=680"}],"curies":[{"name":"wp","href":"https:\/\/api.w.org\/{rel}","templated":true}]}}