{"id":7131,"date":"2020-07-10T09:15:36","date_gmt":"2020-07-10T09:15:36","guid":{"rendered":"https:\/\/jessel.de\/365-tage-sylt\/?p=7131"},"modified":"2020-07-10T09:17:26","modified_gmt":"2020-07-10T09:17:26","slug":"9-juli-attentat-auf-das-haus-des-sylt-bloggers","status":"publish","type":"post","link":"https:\/\/jessel.de\/365-tage-sylt\/9-juli-attentat-auf-das-haus-des-sylt-bloggers\/","title":{"rendered":"9. Juli: Attentat auf das Haus des Sylt-Bloggers?"},"content":{"rendered":"<p>Am Vormittag ist die Welt noch in Ordnung. Das Silberm\u00f6wen-P\u00e4rchen auf dem Reetdach gegen\u00fcber hat ihren Nachwuchs nun bald fl\u00fcgge. Alle Achtung, besonders nach den st\u00fcrmischen Tagen:<\/p>\n<p><img loading=\"lazy\" decoding=\"async\" class=\"alignnone size-full wp-image-7132\" src=\"https:\/\/jessel.de\/365-tage-sylt\/wp-content\/uploads\/2020\/07\/762448EA-2940-434E-A546-2787803B1655.jpeg\" alt=\"\" width=\"1252\" height=\"800\" srcset=\"https:\/\/jessel.de\/365-tage-sylt\/wp-content\/uploads\/2020\/07\/762448EA-2940-434E-A546-2787803B1655.jpeg 1252w, https:\/\/jessel.de\/365-tage-sylt\/wp-content\/uploads\/2020\/07\/762448EA-2940-434E-A546-2787803B1655-300x192.jpeg 300w, https:\/\/jessel.de\/365-tage-sylt\/wp-content\/uploads\/2020\/07\/762448EA-2940-434E-A546-2787803B1655-1024x654.jpeg 1024w, https:\/\/jessel.de\/365-tage-sylt\/wp-content\/uploads\/2020\/07\/762448EA-2940-434E-A546-2787803B1655-768x491.jpeg 768w\" sizes=\"auto, (max-width: 1252px) 100vw, 1252px\" \/><\/p>\n<p>Zur Niedrigwasserzeit bin ich am Strand unterwegs. Zwar ist es bedeckt, aber eine messerscharfe Sicht macht Lust auf Fotos:<\/p>\n<p>&nbsp;<\/p>\n<p><img loading=\"lazy\" decoding=\"async\" class=\"size-full wp-image-7133\" src=\"https:\/\/jessel.de\/365-tage-sylt\/wp-content\/uploads\/2020\/07\/324DAE06-FE19-4BEA-8A2D-7A214343D86B.jpeg\" alt=\"\" width=\"1067\" height=\"800\" srcset=\"https:\/\/jessel.de\/365-tage-sylt\/wp-content\/uploads\/2020\/07\/324DAE06-FE19-4BEA-8A2D-7A214343D86B.jpeg 1067w, https:\/\/jessel.de\/365-tage-sylt\/wp-content\/uploads\/2020\/07\/324DAE06-FE19-4BEA-8A2D-7A214343D86B-300x225.jpeg 300w, https:\/\/jessel.de\/365-tage-sylt\/wp-content\/uploads\/2020\/07\/324DAE06-FE19-4BEA-8A2D-7A214343D86B-1024x768.jpeg 1024w, https:\/\/jessel.de\/365-tage-sylt\/wp-content\/uploads\/2020\/07\/324DAE06-FE19-4BEA-8A2D-7A214343D86B-768x576.jpeg 768w\" sizes=\"auto, (max-width: 1067px) 100vw, 1067px\" \/><\/p>\n<p>Erstaunlich wenig Leute unterwegs &#8211; bei DEM F\u00fcllungsgrad der Insel:<\/p>\n<p><img loading=\"lazy\" decoding=\"async\" class=\"size-full wp-image-7135\" src=\"https:\/\/jessel.de\/365-tage-sylt\/wp-content\/uploads\/2020\/07\/48AF18CE-606E-44FA-A636-5467C0B7A9DE.jpeg\" alt=\"\" width=\"1067\" height=\"800\" srcset=\"https:\/\/jessel.de\/365-tage-sylt\/wp-content\/uploads\/2020\/07\/48AF18CE-606E-44FA-A636-5467C0B7A9DE.jpeg 1067w, https:\/\/jessel.de\/365-tage-sylt\/wp-content\/uploads\/2020\/07\/48AF18CE-606E-44FA-A636-5467C0B7A9DE-300x225.jpeg 300w, https:\/\/jessel.de\/365-tage-sylt\/wp-content\/uploads\/2020\/07\/48AF18CE-606E-44FA-A636-5467C0B7A9DE-1024x768.jpeg 1024w, https:\/\/jessel.de\/365-tage-sylt\/wp-content\/uploads\/2020\/07\/48AF18CE-606E-44FA-A636-5467C0B7A9DE-768x576.jpeg 768w\" sizes=\"auto, (max-width: 1067px) 100vw, 1067px\" \/><\/p>\n<p>Nachmittags besuchen wir eine gute Bekannte in Kampen, als das Handy bimmelt, und unsere Nachbarin von einem Unfall vor unserem Haus berichtet, dem unsere beiden Linden zum Opfer gefallen sind. Ein Auto ist mit hoher Geschwindigkeit \u00fcber den Fussg\u00e4ngerweg quer \u00fcber unseren Hauseingang \u201egeflogen\u201c (so sagen Augenzeugen) und auf dem Wall des Nachbargrundst\u00fccks gelandet:<\/p>\n<p><img loading=\"lazy\" decoding=\"async\" class=\"alignnone size-full wp-image-7137\" src=\"https:\/\/jessel.de\/365-tage-sylt\/wp-content\/uploads\/2020\/07\/4120DD32-E6D3-42C8-92D2-FBCB2B3D1C0D.jpeg\" alt=\"\" width=\"1067\" height=\"800\" srcset=\"https:\/\/jessel.de\/365-tage-sylt\/wp-content\/uploads\/2020\/07\/4120DD32-E6D3-42C8-92D2-FBCB2B3D1C0D.jpeg 1067w, https:\/\/jessel.de\/365-tage-sylt\/wp-content\/uploads\/2020\/07\/4120DD32-E6D3-42C8-92D2-FBCB2B3D1C0D-300x225.jpeg 300w, https:\/\/jessel.de\/365-tage-sylt\/wp-content\/uploads\/2020\/07\/4120DD32-E6D3-42C8-92D2-FBCB2B3D1C0D-1024x768.jpeg 1024w, https:\/\/jessel.de\/365-tage-sylt\/wp-content\/uploads\/2020\/07\/4120DD32-E6D3-42C8-92D2-FBCB2B3D1C0D-768x576.jpeg 768w\" sizes=\"auto, (max-width: 1067px) 100vw, 1067px\" \/><\/p>\n<p>Der 89-j\u00e4hrige Fahrer erlitt (vorher) einen Herzinfarkt und verstarb noch an der Unfallstelle. Als wir nach Hause kommen, ist die Bergungsmannschaft bereits dabei, den Wagen abzutransportieren:<\/p>\n<p><img loading=\"lazy\" decoding=\"async\" class=\"alignnone size-full wp-image-7138\" src=\"https:\/\/jessel.de\/365-tage-sylt\/wp-content\/uploads\/2020\/07\/A87AA9BC-F041-4943-82B1-28CEF987D138.jpeg\" alt=\"\" width=\"1178\" height=\"800\" srcset=\"https:\/\/jessel.de\/365-tage-sylt\/wp-content\/uploads\/2020\/07\/A87AA9BC-F041-4943-82B1-28CEF987D138.jpeg 1178w, https:\/\/jessel.de\/365-tage-sylt\/wp-content\/uploads\/2020\/07\/A87AA9BC-F041-4943-82B1-28CEF987D138-300x204.jpeg 300w, https:\/\/jessel.de\/365-tage-sylt\/wp-content\/uploads\/2020\/07\/A87AA9BC-F041-4943-82B1-28CEF987D138-1024x695.jpeg 1024w, https:\/\/jessel.de\/365-tage-sylt\/wp-content\/uploads\/2020\/07\/A87AA9BC-F041-4943-82B1-28CEF987D138-768x522.jpeg 768w\" sizes=\"auto, (max-width: 1178px) 100vw, 1178px\" \/><\/p>\n<p>Wir h\u00f6ren von einem Ehepaar auf R\u00e4dern, die im letzten Moment noch weghechten konnten&#8230; was f\u00fcr ein Gl\u00fcck, dass keine weiteren Personen zu Schaden gekommen sind. Inklusive uns.<\/p>\n<p>&nbsp;<\/p>\n<p>&nbsp;<\/p>\n","protected":false},"excerpt":{"rendered":"<p>Am Vormittag ist die Welt noch in Ordnung. Das Silberm\u00f6wen-P\u00e4rchen auf dem Reetdach gegen\u00fcber hat ihren Nachwuchs nun bald fl\u00fcgge. Alle Achtung, besonders nach den st\u00fcrmischen Tagen: Zur Niedrigwasserzeit bin ich am Strand unterwegs. Zwar ist es bedeckt, aber eine messerscharfe Sicht macht Lust auf Fotos: &nbsp; Erstaunlich wenig Leute unterwegs &#8211; bei DEM F\u00fcllungsgrad der Insel: Nachmittags besuchen wir eine gute Bekannte in Kampen, als das Handy bimmelt, und&hellip;<\/p>\n","protected":false},"author":2,"featured_media":7136,"comment_status":"open","ping_status":"open","sticky":false,"template":"","format":"standard","meta":{"footnotes":""},"categories":[27,39,45,28,3,44,46,4,29,7],"tags":[],"class_list":["post-7131","post","type-post","status-publish","format-standard","has-post-thumbnail","hentry","category-alle-bilder","category-arbeit","category-fake-news","category-haeuser","category-menschen","category-pflanzen","category-sommer","category-spuren","category-verkehr","category-westerland"],"jetpack_featured_media_url":"https:\/\/jessel.de\/365-tage-sylt\/wp-content\/uploads\/2020\/07\/CA8BB70C-EC8D-44CD-8ADC-1AE5ED281C2D.jpeg","_links":{"self":[{"href":"https:\/\/jessel.de\/365-tage-sylt\/wp-json\/wp\/v2\/posts\/7131","targetHints":{"allow":["GET"]}}],"collection":[{"href":"https:\/\/jessel.de\/365-tage-sylt\/wp-json\/wp\/v2\/posts"}],"about":[{"href":"https:\/\/jessel.de\/365-tage-sylt\/wp-json\/wp\/v2\/types\/post"}],"author":[{"embeddable":true,"href":"https:\/\/jessel.de\/365-tage-sylt\/wp-json\/wp\/v2\/users\/2"}],"replies":[{"embeddable":true,"href":"https:\/\/jessel.de\/365-tage-sylt\/wp-json\/wp\/v2\/comments?post=7131"}],"version-history":[{"count":3,"href":"https:\/\/jessel.de\/365-tage-sylt\/wp-json\/wp\/v2\/posts\/7131\/revisions"}],"predecessor-version":[{"id":7141,"href":"https:\/\/jessel.de\/365-tage-sylt\/wp-json\/wp\/v2\/posts\/7131\/revisions\/7141"}],"wp:featuredmedia":[{"embeddable":true,"href":"https:\/\/jessel.de\/365-tage-sylt\/wp-json\/wp\/v2\/media\/7136"}],"wp:attachment":[{"href":"https:\/\/jessel.de\/365-tage-sylt\/wp-json\/wp\/v2\/media?parent=7131"}],"wp:term":[{"taxonomy":"category","embeddable":true,"href":"https:\/\/jessel.de\/365-tage-sylt\/wp-json\/wp\/v2\/categories?post=7131"},{"taxonomy":"post_tag","embeddable":true,"href":"https:\/\/jessel.de\/365-tage-sylt\/wp-json\/wp\/v2\/tags?post=7131"}],"curies":[{"name":"wp","href":"https:\/\/api.w.org\/{rel}","templated":true}]}}