{"id":718,"date":"2017-04-18T14:42:30","date_gmt":"2017-04-18T14:42:30","guid":{"rendered":"http:\/\/jessel.de\/365-tage-sylt\/?p=718"},"modified":"2017-04-18T15:02:35","modified_gmt":"2017-04-18T15:02:35","slug":"kleine-rundtour-zum-sonnenaufgang","status":"publish","type":"post","link":"https:\/\/jessel.de\/365-tage-sylt\/kleine-rundtour-zum-sonnenaufgang\/","title":{"rendered":"Kleine Rundtour zum Sonnenaufgang"},"content":{"rendered":"<p>Wenn ich zum Sonnenaufgang am Kampener Leuchtturm erscheine, marschieren die Schwarzwei\u00dfen (&#8222;Belted Galloways&#8220;) schon mal in Formation vorbei&#8230; Es ist kalt: 3 Grad zeigt das Thermometer, als ich um 6 Uhr das Haus verlasse, und der stramme Ostwind l\u00e4sst die gef\u00fchlte Temperatur nahe an den Gefrierpunkt r\u00fccken. Fahrradfahren ist weiterhin nur Winter-behandschuht m\u00f6glich. Trotzdem `ne herrliche Morgenstimmung. Hier noch eine Duo &#8211; Formation zum Thema &#8222;Schwarzwei\u00df&#8220;:<\/p>\n<p><img loading=\"lazy\" decoding=\"async\" class=\"alignnone size-full wp-image-721\" src=\"http:\/\/jessel.de\/365-tage-sylt\/wp-content\/uploads\/2017\/04\/L1004038.jpg\" alt=\"\" width=\"1203\" height=\"800\" srcset=\"https:\/\/jessel.de\/365-tage-sylt\/wp-content\/uploads\/2017\/04\/L1004038.jpg 1203w, https:\/\/jessel.de\/365-tage-sylt\/wp-content\/uploads\/2017\/04\/L1004038-300x200.jpg 300w, https:\/\/jessel.de\/365-tage-sylt\/wp-content\/uploads\/2017\/04\/L1004038-768x511.jpg 768w, https:\/\/jessel.de\/365-tage-sylt\/wp-content\/uploads\/2017\/04\/L1004038-1024x681.jpg 1024w\" sizes=\"auto, (max-width: 1203px) 100vw, 1203px\" \/><\/p>\n<p>\u00dcberm Watt erscheint kurzzeitig eine Wolkenfront, danach wird`s richtig blau:<\/p>\n<p><img loading=\"lazy\" decoding=\"async\" class=\"alignnone size-full wp-image-719\" src=\"http:\/\/jessel.de\/365-tage-sylt\/wp-content\/uploads\/2017\/04\/L1003746.jpg\" alt=\"\" width=\"1203\" height=\"800\" srcset=\"https:\/\/jessel.de\/365-tage-sylt\/wp-content\/uploads\/2017\/04\/L1003746.jpg 1203w, https:\/\/jessel.de\/365-tage-sylt\/wp-content\/uploads\/2017\/04\/L1003746-300x200.jpg 300w, https:\/\/jessel.de\/365-tage-sylt\/wp-content\/uploads\/2017\/04\/L1003746-768x511.jpg 768w, https:\/\/jessel.de\/365-tage-sylt\/wp-content\/uploads\/2017\/04\/L1003746-1024x681.jpg 1024w\" sizes=\"auto, (max-width: 1203px) 100vw, 1203px\" \/><\/p>\n<p>Da f\u00e4llt mir ein: Bei der Locationsuche der letzten Tage war mir ein Friesenhaus in Keitum aufgefallen, das um 7:15 Uhr im perfekten Licht steht. Also in die Pedalen getreten und hin:<\/p>\n<p><img loading=\"lazy\" decoding=\"async\" class=\"alignnone size-full wp-image-723\" src=\"http:\/\/jessel.de\/365-tage-sylt\/wp-content\/uploads\/2017\/04\/L1004068.jpg\" alt=\"\" width=\"1201\" height=\"800\" srcset=\"https:\/\/jessel.de\/365-tage-sylt\/wp-content\/uploads\/2017\/04\/L1004068.jpg 1201w, https:\/\/jessel.de\/365-tage-sylt\/wp-content\/uploads\/2017\/04\/L1004068-300x200.jpg 300w, https:\/\/jessel.de\/365-tage-sylt\/wp-content\/uploads\/2017\/04\/L1004068-768x512.jpg 768w, https:\/\/jessel.de\/365-tage-sylt\/wp-content\/uploads\/2017\/04\/L1004068-1024x682.jpg 1024w\" sizes=\"auto, (max-width: 1201px) 100vw, 1201px\" \/><\/p>\n<p>Ja &#8211; SOOO kann ein traditionelles &#8222;Friesenhaus&#8220; aussehen, wenn es von wissenden Architekten gekonnt restauriert wurde. Hier die &#8222;Touri-Variante&#8220;:<\/p>\n<p><img loading=\"lazy\" decoding=\"async\" class=\"alignnone size-full wp-image-726\" src=\"http:\/\/jessel.de\/365-tage-sylt\/wp-content\/uploads\/2017\/04\/L1004009.jpg\" alt=\"\" width=\"1203\" height=\"800\" srcset=\"https:\/\/jessel.de\/365-tage-sylt\/wp-content\/uploads\/2017\/04\/L1004009.jpg 1203w, https:\/\/jessel.de\/365-tage-sylt\/wp-content\/uploads\/2017\/04\/L1004009-300x200.jpg 300w, https:\/\/jessel.de\/365-tage-sylt\/wp-content\/uploads\/2017\/04\/L1004009-768x511.jpg 768w, https:\/\/jessel.de\/365-tage-sylt\/wp-content\/uploads\/2017\/04\/L1004009-1024x681.jpg 1024w\" sizes=\"auto, (max-width: 1203px) 100vw, 1203px\" \/><\/p>\n<p>Auf`m R\u00fcckweg nach Westerland komme ich noch bei bei anderen vierbeinigen Freunden vorbei, die sich immer \u00fcber einen fr\u00fchmorgendlichen Besuch freuen und eine kleine Kraul-Einheit \u00a0stets gut heissen &#8211; \u00a0mit\u00a0einem Gru\u00df an eine spezielle, rege Blogteilnehmerin:<\/p>\n<p><img loading=\"lazy\" decoding=\"async\" class=\"alignnone size-full wp-image-720\" src=\"http:\/\/jessel.de\/365-tage-sylt\/wp-content\/uploads\/2017\/04\/L1003999.jpg\" alt=\"\" width=\"1203\" height=\"800\" srcset=\"https:\/\/jessel.de\/365-tage-sylt\/wp-content\/uploads\/2017\/04\/L1003999.jpg 1203w, https:\/\/jessel.de\/365-tage-sylt\/wp-content\/uploads\/2017\/04\/L1003999-300x200.jpg 300w, https:\/\/jessel.de\/365-tage-sylt\/wp-content\/uploads\/2017\/04\/L1003999-768x511.jpg 768w, https:\/\/jessel.de\/365-tage-sylt\/wp-content\/uploads\/2017\/04\/L1003999-1024x681.jpg 1024w\" sizes=\"auto, (max-width: 1203px) 100vw, 1203px\" \/><\/p>\n","protected":false},"excerpt":{"rendered":"<p>Wenn ich zum Sonnenaufgang am Kampener Leuchtturm erscheine, marschieren die Schwarzwei\u00dfen (&#8222;Belted Galloways&#8220;) schon mal in Formation vorbei&#8230; Es ist kalt: 3 Grad zeigt das Thermometer, als ich um 6 Uhr das Haus verlasse, und der stramme Ostwind l\u00e4sst die gef\u00fchlte Temperatur nahe an den Gefrierpunkt r\u00fccken. Fahrradfahren ist weiterhin nur Winter-behandschuht m\u00f6glich. Trotzdem `ne herrliche Morgenstimmung. Hier noch eine Duo &#8211; Formation zum Thema &#8222;Schwarzwei\u00df&#8220;: \u00dcberm Watt erscheint kurzzeitig&hellip;<\/p>\n","protected":false},"author":2,"featured_media":722,"comment_status":"open","ping_status":"open","sticky":false,"template":"","format":"standard","meta":{"footnotes":""},"categories":[27,41,28,25,40],"tags":[],"class_list":["post-718","post","type-post","status-publish","format-standard","has-post-thumbnail","hentry","category-alle-bilder","category-fruehling","category-haeuser","category-kampen","category-tiere"],"jetpack_featured_media_url":"https:\/\/jessel.de\/365-tage-sylt\/wp-content\/uploads\/2017\/04\/L1004053.jpg","_links":{"self":[{"href":"https:\/\/jessel.de\/365-tage-sylt\/wp-json\/wp\/v2\/posts\/718","targetHints":{"allow":["GET"]}}],"collection":[{"href":"https:\/\/jessel.de\/365-tage-sylt\/wp-json\/wp\/v2\/posts"}],"about":[{"href":"https:\/\/jessel.de\/365-tage-sylt\/wp-json\/wp\/v2\/types\/post"}],"author":[{"embeddable":true,"href":"https:\/\/jessel.de\/365-tage-sylt\/wp-json\/wp\/v2\/users\/2"}],"replies":[{"embeddable":true,"href":"https:\/\/jessel.de\/365-tage-sylt\/wp-json\/wp\/v2\/comments?post=718"}],"version-history":[{"count":5,"href":"https:\/\/jessel.de\/365-tage-sylt\/wp-json\/wp\/v2\/posts\/718\/revisions"}],"predecessor-version":[{"id":729,"href":"https:\/\/jessel.de\/365-tage-sylt\/wp-json\/wp\/v2\/posts\/718\/revisions\/729"}],"wp:featuredmedia":[{"embeddable":true,"href":"https:\/\/jessel.de\/365-tage-sylt\/wp-json\/wp\/v2\/media\/722"}],"wp:attachment":[{"href":"https:\/\/jessel.de\/365-tage-sylt\/wp-json\/wp\/v2\/media?parent=718"}],"wp:term":[{"taxonomy":"category","embeddable":true,"href":"https:\/\/jessel.de\/365-tage-sylt\/wp-json\/wp\/v2\/categories?post=718"},{"taxonomy":"post_tag","embeddable":true,"href":"https:\/\/jessel.de\/365-tage-sylt\/wp-json\/wp\/v2\/tags?post=718"}],"curies":[{"name":"wp","href":"https:\/\/api.w.org\/{rel}","templated":true}]}}