{"id":7333,"date":"2020-08-15T07:04:34","date_gmt":"2020-08-15T07:04:34","guid":{"rendered":"https:\/\/jessel.de\/365-tage-sylt\/?p=7333"},"modified":"2020-08-15T07:04:34","modified_gmt":"2020-08-15T07:04:34","slug":"14-august-gone-swimming","status":"publish","type":"post","link":"https:\/\/jessel.de\/365-tage-sylt\/14-august-gone-swimming\/","title":{"rendered":"14. August: Gone swimming&#8230;"},"content":{"rendered":"<p>Immer nur in kristallklarem Nordseewasser zu baden, wird auf Dauer auch langweilig.<\/p>\n<p>Ich bin nach Hamburg gefahren, nehme den 112er Bus Richtung Teufelsbr\u00fcck bis zur Haltestelle Liebermannstrasse und laufe die \u201eHimmelsleiter\u201c hinunter an den \u00d6velg\u00f6nner Elbstrand.<\/p>\n<p>Nette Stimmung hier. Nur wenige Leute, der Sand gl\u00fcht unter den baren F\u00fc\u00dfen, und Hochwasser ist in einer halben Stunde:<\/p>\n<p>&nbsp;<\/p>\n<p>&nbsp;<\/p>\n<p><img loading=\"lazy\" decoding=\"async\" class=\"size-full wp-image-7341\" src=\"https:\/\/jessel.de\/365-tage-sylt\/wp-content\/uploads\/2020\/08\/E8706A33-1D5C-4C43-9BCC-F40CB0EF9E48.jpeg\" alt=\"\" width=\"1081\" height=\"811\" srcset=\"https:\/\/jessel.de\/365-tage-sylt\/wp-content\/uploads\/2020\/08\/E8706A33-1D5C-4C43-9BCC-F40CB0EF9E48.jpeg 1081w, https:\/\/jessel.de\/365-tage-sylt\/wp-content\/uploads\/2020\/08\/E8706A33-1D5C-4C43-9BCC-F40CB0EF9E48-300x225.jpeg 300w, https:\/\/jessel.de\/365-tage-sylt\/wp-content\/uploads\/2020\/08\/E8706A33-1D5C-4C43-9BCC-F40CB0EF9E48-1024x768.jpeg 1024w, https:\/\/jessel.de\/365-tage-sylt\/wp-content\/uploads\/2020\/08\/E8706A33-1D5C-4C43-9BCC-F40CB0EF9E48-768x576.jpeg 768w\" sizes=\"auto, (max-width: 1081px) 100vw, 1081px\" \/><\/p>\n<p>Bestes Bade-Wetter! Ich also rein in die Elbfluten:<\/p>\n<p><img loading=\"lazy\" decoding=\"async\" class=\"alignnone size-full wp-image-7335\" src=\"https:\/\/jessel.de\/365-tage-sylt\/wp-content\/uploads\/2020\/08\/4E9855BD-C461-4636-9A77-C66D4EBD7E0C.jpeg\" alt=\"\" width=\"1080\" height=\"810\" srcset=\"https:\/\/jessel.de\/365-tage-sylt\/wp-content\/uploads\/2020\/08\/4E9855BD-C461-4636-9A77-C66D4EBD7E0C.jpeg 1080w, https:\/\/jessel.de\/365-tage-sylt\/wp-content\/uploads\/2020\/08\/4E9855BD-C461-4636-9A77-C66D4EBD7E0C-300x225.jpeg 300w, https:\/\/jessel.de\/365-tage-sylt\/wp-content\/uploads\/2020\/08\/4E9855BD-C461-4636-9A77-C66D4EBD7E0C-1024x768.jpeg 1024w, https:\/\/jessel.de\/365-tage-sylt\/wp-content\/uploads\/2020\/08\/4E9855BD-C461-4636-9A77-C66D4EBD7E0C-768x576.jpeg 768w\" sizes=\"auto, (max-width: 1080px) 100vw, 1080px\" \/><\/p>\n<p>Solange es nicht \u00fcberm\u00e4\u00dfig geregnet hat, ist das Citynahe Baden in der Elbe komplett unbedenklich. Ich lege mich auf den R\u00fccken, lasse mich treiben und blicke auf \u00d6velg\u00f6nne:<\/p>\n<p><img loading=\"lazy\" decoding=\"async\" class=\"size-full wp-image-7336\" src=\"https:\/\/jessel.de\/365-tage-sylt\/wp-content\/uploads\/2020\/08\/4044E178-519B-42E0-A396-B7A0B3E87775.jpeg\" alt=\"\" width=\"1081\" height=\"758\" srcset=\"https:\/\/jessel.de\/365-tage-sylt\/wp-content\/uploads\/2020\/08\/4044E178-519B-42E0-A396-B7A0B3E87775.jpeg 1081w, https:\/\/jessel.de\/365-tage-sylt\/wp-content\/uploads\/2020\/08\/4044E178-519B-42E0-A396-B7A0B3E87775-300x210.jpeg 300w, https:\/\/jessel.de\/365-tage-sylt\/wp-content\/uploads\/2020\/08\/4044E178-519B-42E0-A396-B7A0B3E87775-1024x718.jpeg 1024w, https:\/\/jessel.de\/365-tage-sylt\/wp-content\/uploads\/2020\/08\/4044E178-519B-42E0-A396-B7A0B3E87775-768x539.jpeg 768w\" sizes=\"auto, (max-width: 1081px) 100vw, 1081px\" \/><\/p>\n<p>Und dann beginnt das Showprogramm. Ein riesiges MSC-Containerschiff wird von zwei Lotsenbooten zum Burchardkai bugsiert:<\/p>\n<p><img loading=\"lazy\" decoding=\"async\" class=\"size-full wp-image-7337\" src=\"https:\/\/jessel.de\/365-tage-sylt\/wp-content\/uploads\/2020\/08\/E28E11DA-FCFF-4E09-9745-FB068D3E787B.jpeg\" alt=\"\" width=\"1081\" height=\"645\" srcset=\"https:\/\/jessel.de\/365-tage-sylt\/wp-content\/uploads\/2020\/08\/E28E11DA-FCFF-4E09-9745-FB068D3E787B.jpeg 1081w, https:\/\/jessel.de\/365-tage-sylt\/wp-content\/uploads\/2020\/08\/E28E11DA-FCFF-4E09-9745-FB068D3E787B-300x179.jpeg 300w, https:\/\/jessel.de\/365-tage-sylt\/wp-content\/uploads\/2020\/08\/E28E11DA-FCFF-4E09-9745-FB068D3E787B-1024x611.jpeg 1024w, https:\/\/jessel.de\/365-tage-sylt\/wp-content\/uploads\/2020\/08\/E28E11DA-FCFF-4E09-9745-FB068D3E787B-768x458.jpeg 768w\" sizes=\"auto, (max-width: 1081px) 100vw, 1081px\" \/><\/p>\n<p>Da staunt der Strandspazierg\u00e4nger:<\/p>\n<p><img loading=\"lazy\" decoding=\"async\" class=\"size-full wp-image-7339\" src=\"https:\/\/jessel.de\/365-tage-sylt\/wp-content\/uploads\/2020\/08\/F3747861-755E-4E4D-B27D-74E5F18D2990.jpeg\" alt=\"\" width=\"1081\" height=\"714\" srcset=\"https:\/\/jessel.de\/365-tage-sylt\/wp-content\/uploads\/2020\/08\/F3747861-755E-4E4D-B27D-74E5F18D2990.jpeg 1081w, https:\/\/jessel.de\/365-tage-sylt\/wp-content\/uploads\/2020\/08\/F3747861-755E-4E4D-B27D-74E5F18D2990-300x198.jpeg 300w, https:\/\/jessel.de\/365-tage-sylt\/wp-content\/uploads\/2020\/08\/F3747861-755E-4E4D-B27D-74E5F18D2990-1024x676.jpeg 1024w, https:\/\/jessel.de\/365-tage-sylt\/wp-content\/uploads\/2020\/08\/F3747861-755E-4E4D-B27D-74E5F18D2990-768x507.jpeg 768w\" sizes=\"auto, (max-width: 1081px) 100vw, 1081px\" \/><\/p>\n<p>Unmittelbar vor unseren Augen wird der 400m &#8211; Kahn gewendet, und dann r\u00fcckw\u00e4rts(!) eingeparkt:<\/p>\n<p><img loading=\"lazy\" decoding=\"async\" class=\"size-full wp-image-7340\" src=\"https:\/\/jessel.de\/365-tage-sylt\/wp-content\/uploads\/2020\/08\/F49629EE-6211-413E-BD34-5F0AEB49B613.jpeg\" alt=\"\" width=\"1081\" height=\"686\" srcset=\"https:\/\/jessel.de\/365-tage-sylt\/wp-content\/uploads\/2020\/08\/F49629EE-6211-413E-BD34-5F0AEB49B613.jpeg 1081w, https:\/\/jessel.de\/365-tage-sylt\/wp-content\/uploads\/2020\/08\/F49629EE-6211-413E-BD34-5F0AEB49B613-300x190.jpeg 300w, https:\/\/jessel.de\/365-tage-sylt\/wp-content\/uploads\/2020\/08\/F49629EE-6211-413E-BD34-5F0AEB49B613-1024x650.jpeg 1024w, https:\/\/jessel.de\/365-tage-sylt\/wp-content\/uploads\/2020\/08\/F49629EE-6211-413E-BD34-5F0AEB49B613-768x487.jpeg 768w\" sizes=\"auto, (max-width: 1081px) 100vw, 1081px\" \/><\/p>\n<p>Ich springe ein drittes Mal in den Fluss, herrlich. Das ganze Wasser scheint zu vibrieren&#8230;<\/p>\n<p>Nach gut zwei Stunden wird es mir nun doch zu warm. Die Sonne knallt, und es sind windstille 30 Grad. Also zum n\u00e4chsten urbanen Tagesordnungspunkt!<\/p>\n<p>Im Museum f\u00fcr Kunst und Gewerbe stellt einer meiner Lieblingsfotografen aus. Wenn ich noch einmal auf die Welt komme, und er &#8211; der diese gerade verlassen hat &#8211; auch, gehe ich bei dem in die Lehre:<\/p>\n<p><img loading=\"lazy\" decoding=\"async\" class=\"alignnone size-full wp-image-7342\" src=\"https:\/\/jessel.de\/365-tage-sylt\/wp-content\/uploads\/2020\/08\/D45F7188-4ACD-463D-B218-3016655B3F84.jpeg\" alt=\"\" width=\"1081\" height=\"1442\" srcset=\"https:\/\/jessel.de\/365-tage-sylt\/wp-content\/uploads\/2020\/08\/D45F7188-4ACD-463D-B218-3016655B3F84.jpeg 1081w, https:\/\/jessel.de\/365-tage-sylt\/wp-content\/uploads\/2020\/08\/D45F7188-4ACD-463D-B218-3016655B3F84-225x300.jpeg 225w, https:\/\/jessel.de\/365-tage-sylt\/wp-content\/uploads\/2020\/08\/D45F7188-4ACD-463D-B218-3016655B3F84-768x1024.jpeg 768w\" sizes=\"auto, (max-width: 1081px) 100vw, 1081px\" \/><\/p>\n<p>Dazu morgen mehr.<\/p>\n","protected":false},"excerpt":{"rendered":"<p>Immer nur in kristallklarem Nordseewasser zu baden, wird auf Dauer auch langweilig. Ich bin nach Hamburg gefahren, nehme den 112er Bus Richtung Teufelsbr\u00fcck bis zur Haltestelle Liebermannstrasse und laufe die \u201eHimmelsleiter\u201c hinunter an den \u00d6velg\u00f6nner Elbstrand. Nette Stimmung hier. Nur wenige Leute, der Sand gl\u00fcht unter den baren F\u00fc\u00dfen, und Hochwasser ist in einer halben Stunde: &nbsp; &nbsp; Bestes Bade-Wetter! Ich also rein in die Elbfluten: Solange es nicht \u00fcberm\u00e4\u00dfig&hellip;<\/p>\n","protected":false},"author":2,"featured_media":7334,"comment_status":"open","ping_status":"open","sticky":false,"template":"","format":"standard","meta":{"footnotes":""},"categories":[27,39,28,3,44,46,4,26,2,30,33],"tags":[],"class_list":["post-7333","post","type-post","status-publish","format-standard","has-post-thumbnail","hentry","category-alle-bilder","category-arbeit","category-haeuser","category-menschen","category-pflanzen","category-sommer","category-spuren","category-strand","category-tourismus","category-tradition","category-woanders"],"jetpack_featured_media_url":"https:\/\/jessel.de\/365-tage-sylt\/wp-content\/uploads\/2020\/08\/3D7DD923-95F7-4459-BE41-2BAAD007C625.jpeg","_links":{"self":[{"href":"https:\/\/jessel.de\/365-tage-sylt\/wp-json\/wp\/v2\/posts\/7333","targetHints":{"allow":["GET"]}}],"collection":[{"href":"https:\/\/jessel.de\/365-tage-sylt\/wp-json\/wp\/v2\/posts"}],"about":[{"href":"https:\/\/jessel.de\/365-tage-sylt\/wp-json\/wp\/v2\/types\/post"}],"author":[{"embeddable":true,"href":"https:\/\/jessel.de\/365-tage-sylt\/wp-json\/wp\/v2\/users\/2"}],"replies":[{"embeddable":true,"href":"https:\/\/jessel.de\/365-tage-sylt\/wp-json\/wp\/v2\/comments?post=7333"}],"version-history":[{"count":1,"href":"https:\/\/jessel.de\/365-tage-sylt\/wp-json\/wp\/v2\/posts\/7333\/revisions"}],"predecessor-version":[{"id":7343,"href":"https:\/\/jessel.de\/365-tage-sylt\/wp-json\/wp\/v2\/posts\/7333\/revisions\/7343"}],"wp:featuredmedia":[{"embeddable":true,"href":"https:\/\/jessel.de\/365-tage-sylt\/wp-json\/wp\/v2\/media\/7334"}],"wp:attachment":[{"href":"https:\/\/jessel.de\/365-tage-sylt\/wp-json\/wp\/v2\/media?parent=7333"}],"wp:term":[{"taxonomy":"category","embeddable":true,"href":"https:\/\/jessel.de\/365-tage-sylt\/wp-json\/wp\/v2\/categories?post=7333"},{"taxonomy":"post_tag","embeddable":true,"href":"https:\/\/jessel.de\/365-tage-sylt\/wp-json\/wp\/v2\/tags?post=7333"}],"curies":[{"name":"wp","href":"https:\/\/api.w.org\/{rel}","templated":true}]}}