{"id":7383,"date":"2020-08-24T14:24:10","date_gmt":"2020-08-24T14:24:10","guid":{"rendered":"https:\/\/jessel.de\/365-tage-sylt\/?p=7383"},"modified":"2020-08-24T14:29:03","modified_gmt":"2020-08-24T14:29:03","slug":"23-24-august-ein-transkontinentaler-tages-trip","status":"publish","type":"post","link":"https:\/\/jessel.de\/365-tage-sylt\/23-24-august-ein-transkontinentaler-tages-trip\/","title":{"rendered":"23.\/24. August: Ein Transkontinentaler Tages-Trip"},"content":{"rendered":"<p>Wenn ich morgens vom Baden komme und 50 Meter lange Corona-Schlangen vor den B\u00e4ckereien sehe, werde ich volatil. Die Insel ist derartig \u00fcberf\u00fcllt, dass es mir in der Seele weh tut. Ich muss raus, und ein\/zwei Tage auf dem Kontinent k\u00f6nnen da \u00fcberhaupt nicht schaden, zumal ich mich bei lieben Bloglesern eingeladen habe&#8230; also warte ich die letzten Regenschauer ab und radel\u02cb mittags zum Bahnhof. Da steht er, mein Lieblings-Zug, der mich f\u00fcr nur 3 Euronen incl. Fahrrad nach Nieb\u00fcll bringt:<\/p>\n<p><img loading=\"lazy\" decoding=\"async\" class=\"alignnone size-full wp-image-7384\" src=\"https:\/\/jessel.de\/365-tage-sylt\/wp-content\/uploads\/2020\/08\/4157EA66-A334-4CA8-BAB9-90B670B4CECC.jpeg\" alt=\"\" width=\"1653\" height=\"1240\" srcset=\"https:\/\/jessel.de\/365-tage-sylt\/wp-content\/uploads\/2020\/08\/4157EA66-A334-4CA8-BAB9-90B670B4CECC.jpeg 1653w, https:\/\/jessel.de\/365-tage-sylt\/wp-content\/uploads\/2020\/08\/4157EA66-A334-4CA8-BAB9-90B670B4CECC-300x225.jpeg 300w, https:\/\/jessel.de\/365-tage-sylt\/wp-content\/uploads\/2020\/08\/4157EA66-A334-4CA8-BAB9-90B670B4CECC-1024x768.jpeg 1024w, https:\/\/jessel.de\/365-tage-sylt\/wp-content\/uploads\/2020\/08\/4157EA66-A334-4CA8-BAB9-90B670B4CECC-768x576.jpeg 768w, https:\/\/jessel.de\/365-tage-sylt\/wp-content\/uploads\/2020\/08\/4157EA66-A334-4CA8-BAB9-90B670B4CECC-1536x1152.jpeg 1536w\" sizes=\"auto, (max-width: 1653px) 100vw, 1653px\" \/><\/p>\n<p>Dort kurz vor 13 Uhr angekommen, werfe ich zun\u00e4chst einmal den angedachten s\u00fcdlichen Tourverlauf gen Flensburg \u00fcber den Haufen, denn dort zieht gleich eine ganze Familie von Regenwolken \u00fcber das Land, und die kommt ohnehin besser ohne mich zurecht.<\/p>\n<p>Also starte ich nach Norden, Richtung d\u00e4nische Grenze, und erreiche nach 40 Minuten das pulsierende S\u00fcderl\u00fcgum, wo mich der zentral\u00f6rtliche Sparmarkt in seinem Backshop zu einem \u201eH\u00fchner-Hugo\u201c samt donnerm\u00e4\u00dfigem Kaffee \u00fcberredet:<\/p>\n<p><img loading=\"lazy\" decoding=\"async\" class=\"alignnone size-full wp-image-7393\" src=\"https:\/\/jessel.de\/365-tage-sylt\/wp-content\/uploads\/2020\/08\/D911764E-4613-491A-B4AF-77A619346B28.jpeg\" alt=\"\" width=\"1653\" height=\"1240\" srcset=\"https:\/\/jessel.de\/365-tage-sylt\/wp-content\/uploads\/2020\/08\/D911764E-4613-491A-B4AF-77A619346B28.jpeg 1653w, https:\/\/jessel.de\/365-tage-sylt\/wp-content\/uploads\/2020\/08\/D911764E-4613-491A-B4AF-77A619346B28-300x225.jpeg 300w, https:\/\/jessel.de\/365-tage-sylt\/wp-content\/uploads\/2020\/08\/D911764E-4613-491A-B4AF-77A619346B28-1024x768.jpeg 1024w, https:\/\/jessel.de\/365-tage-sylt\/wp-content\/uploads\/2020\/08\/D911764E-4613-491A-B4AF-77A619346B28-768x576.jpeg 768w, https:\/\/jessel.de\/365-tage-sylt\/wp-content\/uploads\/2020\/08\/D911764E-4613-491A-B4AF-77A619346B28-1536x1152.jpeg 1536w\" sizes=\"auto, (max-width: 1653px) 100vw, 1653px\" \/>Einigerma\u00dfen gethrillt verlasse ich diese gesch\u00e4tzte St\u00e4tte gehobener Kulinarik und steuere stantepe das gleich nord\u00f6stlich des Ortes gelegene Naturschutzgebiet \u201eS\u00fcderl\u00fcgumer Binnend\u00fcnen\u201c an, das mich in voller Hochsommertracht empf\u00e4ngt:<\/p>\n<p><img loading=\"lazy\" decoding=\"async\" class=\"alignnone size-full wp-image-7385\" src=\"https:\/\/jessel.de\/365-tage-sylt\/wp-content\/uploads\/2020\/08\/4EE3094E-D963-420A-BF43-D8BA5FB70ED9.jpeg\" alt=\"\" width=\"1653\" height=\"922\" srcset=\"https:\/\/jessel.de\/365-tage-sylt\/wp-content\/uploads\/2020\/08\/4EE3094E-D963-420A-BF43-D8BA5FB70ED9.jpeg 1653w, https:\/\/jessel.de\/365-tage-sylt\/wp-content\/uploads\/2020\/08\/4EE3094E-D963-420A-BF43-D8BA5FB70ED9-300x167.jpeg 300w, https:\/\/jessel.de\/365-tage-sylt\/wp-content\/uploads\/2020\/08\/4EE3094E-D963-420A-BF43-D8BA5FB70ED9-1024x571.jpeg 1024w, https:\/\/jessel.de\/365-tage-sylt\/wp-content\/uploads\/2020\/08\/4EE3094E-D963-420A-BF43-D8BA5FB70ED9-768x428.jpeg 768w, https:\/\/jessel.de\/365-tage-sylt\/wp-content\/uploads\/2020\/08\/4EE3094E-D963-420A-BF43-D8BA5FB70ED9-1536x857.jpeg 1536w\" sizes=\"auto, (max-width: 1653px) 100vw, 1653px\" \/><\/p>\n<p>Das ist eine typische \u201eAlte Landschaft\u201c Schleswig-Holsteins. So sah es vor den umfangreichen Bepflanzungsaktionen des 18. und 19. Jahrhunderts auf der agrarisch kaum in Wert zu setzenden Geest auf hunderten von Quadratkilometern aus. Im Anschluss quere ich eine Fichtenschonung, und freue mich einmal mehr \u00fcber die Kraft und die breiten Reifen meines EBikes, denn das teilweise wadentief stehende Regenwasser auf dem sandigen Untergrund w\u00e4re normalerweise das Ende eines jeden Radler-Ausfluges:<\/p>\n<p><img loading=\"lazy\" decoding=\"async\" class=\"alignnone size-full wp-image-7386\" src=\"https:\/\/jessel.de\/365-tage-sylt\/wp-content\/uploads\/2020\/08\/5B65723C-3528-4F44-B24D-108DC5AC5876.jpeg\" alt=\"\" width=\"1653\" height=\"961\" srcset=\"https:\/\/jessel.de\/365-tage-sylt\/wp-content\/uploads\/2020\/08\/5B65723C-3528-4F44-B24D-108DC5AC5876.jpeg 1653w, https:\/\/jessel.de\/365-tage-sylt\/wp-content\/uploads\/2020\/08\/5B65723C-3528-4F44-B24D-108DC5AC5876-300x174.jpeg 300w, https:\/\/jessel.de\/365-tage-sylt\/wp-content\/uploads\/2020\/08\/5B65723C-3528-4F44-B24D-108DC5AC5876-1024x595.jpeg 1024w, https:\/\/jessel.de\/365-tage-sylt\/wp-content\/uploads\/2020\/08\/5B65723C-3528-4F44-B24D-108DC5AC5876-768x446.jpeg 768w, https:\/\/jessel.de\/365-tage-sylt\/wp-content\/uploads\/2020\/08\/5B65723C-3528-4F44-B24D-108DC5AC5876-1536x893.jpeg 1536w\" sizes=\"auto, (max-width: 1653px) 100vw, 1653px\" \/><\/p>\n<p>Es hat nat\u00fcrlich einen Grund, warum ich mich hier durchqu\u00e4le: Ziel sind zwei weitere, in dieser Schonung versteckte Naturschutzgebiete, das \u201eSchwansmoor\u201c und das \u201eKranichmoor\u201e&#8230;:<\/p>\n<p><img loading=\"lazy\" decoding=\"async\" class=\"alignnone size-full wp-image-7388\" src=\"https:\/\/jessel.de\/365-tage-sylt\/wp-content\/uploads\/2020\/08\/D02330D6-A36B-40D2-9981-5991E88444F9.jpeg\" alt=\"\" width=\"1653\" height=\"881\" srcset=\"https:\/\/jessel.de\/365-tage-sylt\/wp-content\/uploads\/2020\/08\/D02330D6-A36B-40D2-9981-5991E88444F9.jpeg 1653w, https:\/\/jessel.de\/365-tage-sylt\/wp-content\/uploads\/2020\/08\/D02330D6-A36B-40D2-9981-5991E88444F9-300x160.jpeg 300w, https:\/\/jessel.de\/365-tage-sylt\/wp-content\/uploads\/2020\/08\/D02330D6-A36B-40D2-9981-5991E88444F9-1024x546.jpeg 1024w, https:\/\/jessel.de\/365-tage-sylt\/wp-content\/uploads\/2020\/08\/D02330D6-A36B-40D2-9981-5991E88444F9-768x409.jpeg 768w, https:\/\/jessel.de\/365-tage-sylt\/wp-content\/uploads\/2020\/08\/D02330D6-A36B-40D2-9981-5991E88444F9-1536x819.jpeg 1536w\" sizes=\"auto, (max-width: 1653px) 100vw, 1653px\" \/><\/p>\n<p>&#8230; \u00fcber deren Bedeutung Ihr Euch auf dieser Infotafel schlau machen k\u00f6nnt:<\/p>\n<p><img loading=\"lazy\" decoding=\"async\" class=\"alignnone size-full wp-image-7387\" src=\"https:\/\/jessel.de\/365-tage-sylt\/wp-content\/uploads\/2020\/08\/5D6FD60F-329A-4BF5-A88D-3EA2F485E6A3.jpeg\" alt=\"\" width=\"1653\" height=\"1197\" srcset=\"https:\/\/jessel.de\/365-tage-sylt\/wp-content\/uploads\/2020\/08\/5D6FD60F-329A-4BF5-A88D-3EA2F485E6A3.jpeg 1653w, https:\/\/jessel.de\/365-tage-sylt\/wp-content\/uploads\/2020\/08\/5D6FD60F-329A-4BF5-A88D-3EA2F485E6A3-300x217.jpeg 300w, https:\/\/jessel.de\/365-tage-sylt\/wp-content\/uploads\/2020\/08\/5D6FD60F-329A-4BF5-A88D-3EA2F485E6A3-1024x742.jpeg 1024w, https:\/\/jessel.de\/365-tage-sylt\/wp-content\/uploads\/2020\/08\/5D6FD60F-329A-4BF5-A88D-3EA2F485E6A3-768x556.jpeg 768w, https:\/\/jessel.de\/365-tage-sylt\/wp-content\/uploads\/2020\/08\/5D6FD60F-329A-4BF5-A88D-3EA2F485E6A3-1536x1112.jpeg 1536w\" sizes=\"auto, (max-width: 1653px) 100vw, 1653px\" \/><\/p>\n<p>Im weiteren Verlauf meiner Transkontinental-Tour durch Alte Landschaften quere ich verlassene Bahnstrecken&#8230;:<\/p>\n<p><img loading=\"lazy\" decoding=\"async\" class=\"alignnone size-full wp-image-7389\" src=\"https:\/\/jessel.de\/365-tage-sylt\/wp-content\/uploads\/2020\/08\/EAC0C362-7508-44A6-BC65-4C375FC36506.jpeg\" alt=\"\" width=\"1653\" height=\"1240\" srcset=\"https:\/\/jessel.de\/365-tage-sylt\/wp-content\/uploads\/2020\/08\/EAC0C362-7508-44A6-BC65-4C375FC36506.jpeg 1653w, https:\/\/jessel.de\/365-tage-sylt\/wp-content\/uploads\/2020\/08\/EAC0C362-7508-44A6-BC65-4C375FC36506-300x225.jpeg 300w, https:\/\/jessel.de\/365-tage-sylt\/wp-content\/uploads\/2020\/08\/EAC0C362-7508-44A6-BC65-4C375FC36506-1024x768.jpeg 1024w, https:\/\/jessel.de\/365-tage-sylt\/wp-content\/uploads\/2020\/08\/EAC0C362-7508-44A6-BC65-4C375FC36506-768x576.jpeg 768w, https:\/\/jessel.de\/365-tage-sylt\/wp-content\/uploads\/2020\/08\/EAC0C362-7508-44A6-BC65-4C375FC36506-1536x1152.jpeg 1536w\" sizes=\"auto, (max-width: 1653px) 100vw, 1653px\" \/><\/p>\n<p>&#8230; schlage mich entlang morastiger Brennnesselpfade&#8230;:<\/p>\n<p><img loading=\"lazy\" decoding=\"async\" class=\"alignnone size-full wp-image-7392\" src=\"https:\/\/jessel.de\/365-tage-sylt\/wp-content\/uploads\/2020\/08\/4FE722EC-4258-46B6-ACC2-CF51BA464334.jpeg\" alt=\"\" width=\"1536\" height=\"2048\" srcset=\"https:\/\/jessel.de\/365-tage-sylt\/wp-content\/uploads\/2020\/08\/4FE722EC-4258-46B6-ACC2-CF51BA464334.jpeg 1536w, https:\/\/jessel.de\/365-tage-sylt\/wp-content\/uploads\/2020\/08\/4FE722EC-4258-46B6-ACC2-CF51BA464334-225x300.jpeg 225w, https:\/\/jessel.de\/365-tage-sylt\/wp-content\/uploads\/2020\/08\/4FE722EC-4258-46B6-ACC2-CF51BA464334-768x1024.jpeg 768w, https:\/\/jessel.de\/365-tage-sylt\/wp-content\/uploads\/2020\/08\/4FE722EC-4258-46B6-ACC2-CF51BA464334-1152x1536.jpeg 1152w\" sizes=\"auto, (max-width: 1536px) 100vw, 1536px\" \/><\/p>\n<p>&#8230; erfreue mich an der fast \u00fcbernat\u00fcrlichen Ruhe, die mir auf einsamen Wegen entgegen schl\u00e4gt&#8230;<\/p>\n<p><img loading=\"lazy\" decoding=\"async\" class=\"alignnone size-full wp-image-7396\" src=\"https:\/\/jessel.de\/365-tage-sylt\/wp-content\/uploads\/2020\/08\/5A040A86-C64E-4466-AF14-A873A66083F6.jpeg\" alt=\"\" width=\"1653\" height=\"1240\" srcset=\"https:\/\/jessel.de\/365-tage-sylt\/wp-content\/uploads\/2020\/08\/5A040A86-C64E-4466-AF14-A873A66083F6.jpeg 1653w, https:\/\/jessel.de\/365-tage-sylt\/wp-content\/uploads\/2020\/08\/5A040A86-C64E-4466-AF14-A873A66083F6-300x225.jpeg 300w, https:\/\/jessel.de\/365-tage-sylt\/wp-content\/uploads\/2020\/08\/5A040A86-C64E-4466-AF14-A873A66083F6-1024x768.jpeg 1024w, https:\/\/jessel.de\/365-tage-sylt\/wp-content\/uploads\/2020\/08\/5A040A86-C64E-4466-AF14-A873A66083F6-768x576.jpeg 768w, https:\/\/jessel.de\/365-tage-sylt\/wp-content\/uploads\/2020\/08\/5A040A86-C64E-4466-AF14-A873A66083F6-1536x1152.jpeg 1536w\" sizes=\"auto, (max-width: 1653px) 100vw, 1653px\" \/><\/p>\n<p>&#8230; und erreiche schlie\u00dfendlich die lieben Freunde im Flensburgischen, mit denen ich den Lohn der sch\u00f6nen M\u00fchen in vollen Z\u00fcgen geniesse: Einen wunderbaren Nudelauflauf incl. Rucola-Salat aus eigenem Garten:<\/p>\n<p><img loading=\"lazy\" decoding=\"async\" class=\"alignnone size-full wp-image-7394\" src=\"https:\/\/jessel.de\/365-tage-sylt\/wp-content\/uploads\/2020\/08\/9971A073-444E-4CA4-B39C-BB76ACA03461.jpeg\" alt=\"\" width=\"1653\" height=\"1240\" srcset=\"https:\/\/jessel.de\/365-tage-sylt\/wp-content\/uploads\/2020\/08\/9971A073-444E-4CA4-B39C-BB76ACA03461.jpeg 1653w, https:\/\/jessel.de\/365-tage-sylt\/wp-content\/uploads\/2020\/08\/9971A073-444E-4CA4-B39C-BB76ACA03461-300x225.jpeg 300w, https:\/\/jessel.de\/365-tage-sylt\/wp-content\/uploads\/2020\/08\/9971A073-444E-4CA4-B39C-BB76ACA03461-1024x768.jpeg 1024w, https:\/\/jessel.de\/365-tage-sylt\/wp-content\/uploads\/2020\/08\/9971A073-444E-4CA4-B39C-BB76ACA03461-768x576.jpeg 768w, https:\/\/jessel.de\/365-tage-sylt\/wp-content\/uploads\/2020\/08\/9971A073-444E-4CA4-B39C-BB76ACA03461-1536x1152.jpeg 1536w\" sizes=\"auto, (max-width: 1653px) 100vw, 1653px\" \/><\/p>\n<p>Herrlich! Das tat mal wieder gut. Heute Vormittag ging\u2019s zur\u00fcck&#8230;<\/p>\n","protected":false},"excerpt":{"rendered":"<p>Wenn ich morgens vom Baden komme und 50 Meter lange Corona-Schlangen vor den B\u00e4ckereien sehe, werde ich volatil. Die Insel ist derartig \u00fcberf\u00fcllt, dass es mir in der Seele weh tut. Ich muss raus, und ein\/zwei Tage auf dem Kontinent k\u00f6nnen da \u00fcberhaupt nicht schaden, zumal ich mich bei lieben Bloglesern eingeladen habe&#8230; also warte ich die letzten Regenschauer ab und radel\u02cb mittags zum Bahnhof. Da steht er, mein Lieblings-Zug,&hellip;<\/p>\n","protected":false},"author":2,"featured_media":7397,"comment_status":"open","ping_status":"open","sticky":false,"template":"","format":"standard","meta":{"footnotes":""},"categories":[27,24,44,35,46,4,30,29,33],"tags":[],"class_list":["post-7383","post","type-post","status-publish","format-standard","has-post-thumbnail","hentry","category-alle-bilder","category-duenen","category-pflanzen","category-schlechtes-wetter","category-sommer","category-spuren","category-tradition","category-verkehr","category-woanders"],"jetpack_featured_media_url":"https:\/\/jessel.de\/365-tage-sylt\/wp-content\/uploads\/2020\/08\/A6EEA190-74C8-4243-9D0B-890DF9189730.jpeg","_links":{"self":[{"href":"https:\/\/jessel.de\/365-tage-sylt\/wp-json\/wp\/v2\/posts\/7383","targetHints":{"allow":["GET"]}}],"collection":[{"href":"https:\/\/jessel.de\/365-tage-sylt\/wp-json\/wp\/v2\/posts"}],"about":[{"href":"https:\/\/jessel.de\/365-tage-sylt\/wp-json\/wp\/v2\/types\/post"}],"author":[{"embeddable":true,"href":"https:\/\/jessel.de\/365-tage-sylt\/wp-json\/wp\/v2\/users\/2"}],"replies":[{"embeddable":true,"href":"https:\/\/jessel.de\/365-tage-sylt\/wp-json\/wp\/v2\/comments?post=7383"}],"version-history":[{"count":4,"href":"https:\/\/jessel.de\/365-tage-sylt\/wp-json\/wp\/v2\/posts\/7383\/revisions"}],"predecessor-version":[{"id":7401,"href":"https:\/\/jessel.de\/365-tage-sylt\/wp-json\/wp\/v2\/posts\/7383\/revisions\/7401"}],"wp:featuredmedia":[{"embeddable":true,"href":"https:\/\/jessel.de\/365-tage-sylt\/wp-json\/wp\/v2\/media\/7397"}],"wp:attachment":[{"href":"https:\/\/jessel.de\/365-tage-sylt\/wp-json\/wp\/v2\/media?parent=7383"}],"wp:term":[{"taxonomy":"category","embeddable":true,"href":"https:\/\/jessel.de\/365-tage-sylt\/wp-json\/wp\/v2\/categories?post=7383"},{"taxonomy":"post_tag","embeddable":true,"href":"https:\/\/jessel.de\/365-tage-sylt\/wp-json\/wp\/v2\/tags?post=7383"}],"curies":[{"name":"wp","href":"https:\/\/api.w.org\/{rel}","templated":true}]}}