{"id":7506,"date":"2020-09-23T07:55:12","date_gmt":"2020-09-23T07:55:12","guid":{"rendered":"https:\/\/jessel.de\/365-tage-sylt\/?p=7506"},"modified":"2020-09-27T13:23:26","modified_gmt":"2020-09-27T13:23:26","slug":"23-september-wo-bin-ich-und-warum","status":"publish","type":"post","link":"https:\/\/jessel.de\/365-tage-sylt\/23-september-wo-bin-ich-und-warum\/","title":{"rendered":"20. &#8211; 25. September: Auf dem Eifelsteig mittags um halb Eins, dideldideldum&#8230;"},"content":{"rendered":"<p>Vor guter Jahresfrist stie\u00df ich auf einen putzigen Bericht im FAZ &#8211; Reiseteil, vom leitenden Redakteur Freddy Langer h\u00f6chstselbst erlebt und verfasst: Die Beschreibung einer Wanderung auf einem Teilst\u00fcck des Eifelsteigs, und zwar an den hei\u00dfesten Tagen des Sommers 2019&#8230; bis zum \u201eSchmelzen der Schuhsohlen\u201c&#8230; Der Clou: 10 Jahre vorher war der gleiche Schreiber schon einmal auf der gleichen Strecke unterwegs gewesen, allerdings in umgekehrter Richtung&#8230; und im tiefsten Winter. Diese Berichte sind mir nachhaltig in Erinnerung geblieben. Reiseschriftstellerei in Perfektion, von einem leidenschaftlichen Allein-Wanderer in Szene gesetzt &#8211; und im November 2019 \u00fcbrigens im Greven Verlag in ebenso origineller Weise in Buchform erschienen, in dem sich beide Wanderungen von vorne nach hinten und umgekehrt vice versa gegen\u00fcberstehen.<br \/>\nWas also liegt n\u00e4her, als diese Wanderung in reizender Begleitung &#8211; und w\u00e4hrend einer lauen, sonnigen Septemberwoche nachzuerleben? Genau: Nichts.<\/p>\n<p>Und dank des forcierten Einsatzes \u00fcberzeugender und letztlich unwiderlegbarer \u00dcberredungsk\u00fcnste stehen wir, meine Frau Silke und ich, tats\u00e4chlich am 20. September zu fr\u00fcher Stunde vor der Burgruine L\u00f6wenburg oberhalb von Gerolstein, einer ganz wunderbar verpupten Kleinstadt in der Vulkaneifel, deren Name wohl jeder kennt &#8211; vom gleichnamigen Mineralwasser n\u00e4mlich, das (immerhin) als das bekannteste in Deutschland firmiert:<\/p>\n<p><img loading=\"lazy\" decoding=\"async\" class=\"size-full wp-image-7526\" src=\"https:\/\/jessel.de\/365-tage-sylt\/wp-content\/uploads\/2020\/09\/9C443D73-AC46-45F8-960D-FCBF245613D1.jpeg\" alt=\"\" width=\"1896\" height=\"1422\" srcset=\"https:\/\/jessel.de\/365-tage-sylt\/wp-content\/uploads\/2020\/09\/9C443D73-AC46-45F8-960D-FCBF245613D1.jpeg 1896w, https:\/\/jessel.de\/365-tage-sylt\/wp-content\/uploads\/2020\/09\/9C443D73-AC46-45F8-960D-FCBF245613D1-300x225.jpeg 300w, https:\/\/jessel.de\/365-tage-sylt\/wp-content\/uploads\/2020\/09\/9C443D73-AC46-45F8-960D-FCBF245613D1-1024x768.jpeg 1024w, https:\/\/jessel.de\/365-tage-sylt\/wp-content\/uploads\/2020\/09\/9C443D73-AC46-45F8-960D-FCBF245613D1-768x576.jpeg 768w, https:\/\/jessel.de\/365-tage-sylt\/wp-content\/uploads\/2020\/09\/9C443D73-AC46-45F8-960D-FCBF245613D1-1536x1152.jpeg 1536w\" sizes=\"auto, (max-width: 1896px) 100vw, 1896px\" \/><\/p>\n<p>Aber wei\u00df auch jeder, dass sich einer der spektakul\u00e4rsten Flusswanderwege Deutschlands, der Lieserpfad (als Teil des Eifelsteigs), als wahre Gr\u00fcne H\u00f6lle durch diese ansonsten so lichte Hochebenenlandschaft fr\u00e4st? Etwas Derartiges habe ich das letzte Mal auf La R\u00e9union gesehen:<\/p>\n<p><img loading=\"lazy\" decoding=\"async\" class=\"size-full wp-image-7520\" src=\"https:\/\/jessel.de\/365-tage-sylt\/wp-content\/uploads\/2020\/09\/FCB5F4C2-D37B-4E42-B1BD-F0E33010A6CB.jpeg\" alt=\"\" width=\"1896\" height=\"1422\" srcset=\"https:\/\/jessel.de\/365-tage-sylt\/wp-content\/uploads\/2020\/09\/FCB5F4C2-D37B-4E42-B1BD-F0E33010A6CB.jpeg 1896w, https:\/\/jessel.de\/365-tage-sylt\/wp-content\/uploads\/2020\/09\/FCB5F4C2-D37B-4E42-B1BD-F0E33010A6CB-300x225.jpeg 300w, https:\/\/jessel.de\/365-tage-sylt\/wp-content\/uploads\/2020\/09\/FCB5F4C2-D37B-4E42-B1BD-F0E33010A6CB-1024x768.jpeg 1024w, https:\/\/jessel.de\/365-tage-sylt\/wp-content\/uploads\/2020\/09\/FCB5F4C2-D37B-4E42-B1BD-F0E33010A6CB-768x576.jpeg 768w, https:\/\/jessel.de\/365-tage-sylt\/wp-content\/uploads\/2020\/09\/FCB5F4C2-D37B-4E42-B1BD-F0E33010A6CB-1536x1152.jpeg 1536w\" sizes=\"auto, (max-width: 1896px) 100vw, 1896px\" \/><\/p>\n<p>Wer hier eine der vorgegebenen 20 Kilometer -Etappen in W\u00fcrde beenden m\u00f6chte, sollte sich vorher \u00fcberlegen, ob es nicht auch sch\u00f6nere Besch\u00e4ftigungen gibt.<\/p>\n<p>Sorry mal so zwischendurch, aber gestern in Trier hatte ich mich zu entscheiden, ob ich nach Ankunft diesen Blog fortf\u00fchre&#8230; oder mir den sp\u00e4ten Nachmittag in der Weinstube vom \u201eReichsgrafen zu Kesselstatt\u201c vergolde. DIE Entscheidung war schnell getroffen, 1 : 0 f\u00fcr Kesselstatt!<\/p>\n<p>Und heute? Hatte ich fest damit gerechnet, im IC nach Hamburg ein Wlan vorzufinden, was sich als Pustekuchen herausstellte. Deshalb bitte noch etwas Geduld!<\/p>\n<p>Wie ging\u02cbs nun weiter? Ach ja, nach einer \u201eWarmlauf-Tour\u201c von Gerolstein nach Daun&#8230;<\/p>\n<p><img loading=\"lazy\" decoding=\"async\" class=\"alignnone size-full wp-image-7523\" src=\"https:\/\/jessel.de\/365-tage-sylt\/wp-content\/uploads\/2020\/09\/A1A27822-E1F6-4FC0-9B7E-6B8B37A33A48.jpeg\" alt=\"\" width=\"1896\" height=\"1422\" srcset=\"https:\/\/jessel.de\/365-tage-sylt\/wp-content\/uploads\/2020\/09\/A1A27822-E1F6-4FC0-9B7E-6B8B37A33A48.jpeg 1896w, https:\/\/jessel.de\/365-tage-sylt\/wp-content\/uploads\/2020\/09\/A1A27822-E1F6-4FC0-9B7E-6B8B37A33A48-300x225.jpeg 300w, https:\/\/jessel.de\/365-tage-sylt\/wp-content\/uploads\/2020\/09\/A1A27822-E1F6-4FC0-9B7E-6B8B37A33A48-1024x768.jpeg 1024w, https:\/\/jessel.de\/365-tage-sylt\/wp-content\/uploads\/2020\/09\/A1A27822-E1F6-4FC0-9B7E-6B8B37A33A48-768x576.jpeg 768w, https:\/\/jessel.de\/365-tage-sylt\/wp-content\/uploads\/2020\/09\/A1A27822-E1F6-4FC0-9B7E-6B8B37A33A48-1536x1152.jpeg 1536w\" sizes=\"auto, (max-width: 1896px) 100vw, 1896px\" \/><\/p>\n<p>&#8230; beginnt auch schon die K\u00f6nigsetappe: Von Daun \u00fcber die drei Maare und den anschlie\u00dfenden Lieserpfad nach Manderscheid. Wie immer geht es vor allen Dingen darum, den Dingen auf den Grund zu gehen:<\/p>\n<p><img loading=\"lazy\" decoding=\"async\" class=\"alignnone size-full wp-image-7528\" src=\"https:\/\/jessel.de\/365-tage-sylt\/wp-content\/uploads\/2020\/09\/2F717CBB-2F1C-44CE-9589-894A97EECE2C.jpeg\" alt=\"\" width=\"1848\" height=\"1386\" srcset=\"https:\/\/jessel.de\/365-tage-sylt\/wp-content\/uploads\/2020\/09\/2F717CBB-2F1C-44CE-9589-894A97EECE2C.jpeg 1848w, https:\/\/jessel.de\/365-tage-sylt\/wp-content\/uploads\/2020\/09\/2F717CBB-2F1C-44CE-9589-894A97EECE2C-300x225.jpeg 300w, https:\/\/jessel.de\/365-tage-sylt\/wp-content\/uploads\/2020\/09\/2F717CBB-2F1C-44CE-9589-894A97EECE2C-1024x768.jpeg 1024w, https:\/\/jessel.de\/365-tage-sylt\/wp-content\/uploads\/2020\/09\/2F717CBB-2F1C-44CE-9589-894A97EECE2C-768x576.jpeg 768w, https:\/\/jessel.de\/365-tage-sylt\/wp-content\/uploads\/2020\/09\/2F717CBB-2F1C-44CE-9589-894A97EECE2C-1536x1152.jpeg 1536w\" sizes=\"auto, (max-width: 1848px) 100vw, 1848px\" \/><br \/>\n<span style=\"text-align: right;\">Gesagt, getan:<\/span><\/p>\n<p><img loading=\"lazy\" decoding=\"async\" class=\"alignnone size-full wp-image-7515\" src=\"https:\/\/jessel.de\/365-tage-sylt\/wp-content\/uploads\/2020\/09\/14D51E07-DE92-46EA-A2C5-1FDB4AA1D0D9.jpeg\" alt=\"\" width=\"1896\" height=\"1067\" srcset=\"https:\/\/jessel.de\/365-tage-sylt\/wp-content\/uploads\/2020\/09\/14D51E07-DE92-46EA-A2C5-1FDB4AA1D0D9.jpeg 1896w, https:\/\/jessel.de\/365-tage-sylt\/wp-content\/uploads\/2020\/09\/14D51E07-DE92-46EA-A2C5-1FDB4AA1D0D9-300x169.jpeg 300w, https:\/\/jessel.de\/365-tage-sylt\/wp-content\/uploads\/2020\/09\/14D51E07-DE92-46EA-A2C5-1FDB4AA1D0D9-1024x576.jpeg 1024w, https:\/\/jessel.de\/365-tage-sylt\/wp-content\/uploads\/2020\/09\/14D51E07-DE92-46EA-A2C5-1FDB4AA1D0D9-768x432.jpeg 768w, https:\/\/jessel.de\/365-tage-sylt\/wp-content\/uploads\/2020\/09\/14D51E07-DE92-46EA-A2C5-1FDB4AA1D0D9-1536x864.jpeg 1536w\" sizes=\"auto, (max-width: 1896px) 100vw, 1896px\" \/><\/p>\n<p>Wie von wohlgesonnenen Einheimischen versprochen, pr\u00e4sentiert sich das Schalkmehrener Maar in durchaus badekompatiblem Temperatur-Zustand. Sagen wir mal 18 Grad. Allerdings nur an der Oberfl\u00e4che. Am Grunde, in 21 Metern Tiefe, wird es doch etwas fr\u00f6stelig. Eine dukle, klare Traumwelt ohne Oben und Unten, so will es mir scheinen. Au\u00dferdem verdutzt mich am Grunde ein glattgeb\u00fcgelter Felsbrocken mit der markigen Aufschrift&#8230; \u201eDas Schweigen allein ist gro\u00df; alles andere ist Schw\u00e4che.\u201c (Alfred de Vigny)<\/p>\n<p>Ok, denke ich, genug der neuen Erkenntnisse. Also geht\u2019s wieder nach oben.<\/p>\n<p><img loading=\"lazy\" decoding=\"async\" class=\"alignnone size-full wp-image-7514\" src=\"https:\/\/jessel.de\/365-tage-sylt\/wp-content\/uploads\/2020\/09\/EADFB7CD-EC44-4EE5-A833-20E5A2D6132E.jpeg\" alt=\"\" width=\"1896\" height=\"801\" srcset=\"https:\/\/jessel.de\/365-tage-sylt\/wp-content\/uploads\/2020\/09\/EADFB7CD-EC44-4EE5-A833-20E5A2D6132E.jpeg 1896w, https:\/\/jessel.de\/365-tage-sylt\/wp-content\/uploads\/2020\/09\/EADFB7CD-EC44-4EE5-A833-20E5A2D6132E-300x127.jpeg 300w, https:\/\/jessel.de\/365-tage-sylt\/wp-content\/uploads\/2020\/09\/EADFB7CD-EC44-4EE5-A833-20E5A2D6132E-1024x433.jpeg 1024w, https:\/\/jessel.de\/365-tage-sylt\/wp-content\/uploads\/2020\/09\/EADFB7CD-EC44-4EE5-A833-20E5A2D6132E-768x324.jpeg 768w, https:\/\/jessel.de\/365-tage-sylt\/wp-content\/uploads\/2020\/09\/EADFB7CD-EC44-4EE5-A833-20E5A2D6132E-1536x649.jpeg 1536w\" sizes=\"auto, (max-width: 1896px) 100vw, 1896px\" \/><br \/>\nKapelle mit Friedhof am \u201eTotenmaar\u201c<\/p>\n<p>Die drei Dauner Maare sind keine \u00dcberreste von Vulkanausbr\u00fcchen, sondern sogenannte Explosionskrater. Gerade einmal gute 10.000 Jahre alt, entstanden sie durch den Kontakt aufquellenden Magmas mit \u00a0Grundwasser. Es knallte gewaltig, und ich w\u00fcrde ehrlich gesagt Einiges geben, dieses einmal (in, sagen wir mal, einkilometrigem Abstand, bittesch\u00f6n) nachzuerleben, worauf der entstandene Krater sich \u00fcber die Jahrtausende nur noch mit Regenwasser f\u00fcllen musste. Fertig war das Maar, wovon es in der Eifel \u00fcber 60 St\u00fcck gibt, meist allerdings als sogenannte \u201eTrockenmaare\u201c wegen eines zu por\u00f6sen Untergrundes. Heute versucht man, den Pflanzenwuchs um die Maare im Zaume zu halten, zum Beispiel durch Ziegen, die sich sichtlich \u00fcber die ein oder andere Gekraueltwerd-Einheit freuen:<\/p>\n<p><img loading=\"lazy\" decoding=\"async\" class=\"alignnone size-full wp-image-7524\" src=\"https:\/\/jessel.de\/365-tage-sylt\/wp-content\/uploads\/2020\/09\/E53FF571-BC44-487B-A38B-5107BFF947C7.jpeg\" alt=\"\" width=\"1896\" height=\"1422\" srcset=\"https:\/\/jessel.de\/365-tage-sylt\/wp-content\/uploads\/2020\/09\/E53FF571-BC44-487B-A38B-5107BFF947C7.jpeg 1896w, https:\/\/jessel.de\/365-tage-sylt\/wp-content\/uploads\/2020\/09\/E53FF571-BC44-487B-A38B-5107BFF947C7-300x225.jpeg 300w, https:\/\/jessel.de\/365-tage-sylt\/wp-content\/uploads\/2020\/09\/E53FF571-BC44-487B-A38B-5107BFF947C7-1024x768.jpeg 1024w, https:\/\/jessel.de\/365-tage-sylt\/wp-content\/uploads\/2020\/09\/E53FF571-BC44-487B-A38B-5107BFF947C7-768x576.jpeg 768w, https:\/\/jessel.de\/365-tage-sylt\/wp-content\/uploads\/2020\/09\/E53FF571-BC44-487B-A38B-5107BFF947C7-1536x1152.jpeg 1536w\" sizes=\"auto, (max-width: 1896px) 100vw, 1896px\" \/><\/p>\n<p>Eine Gute Wanderstunde entfernt steigen wir ins Tal der Lieser ein. Eher ein Bach als ein Fluss, daf\u00fcr ist das Tal umso gewaltiger:<\/p>\n<p><img loading=\"lazy\" decoding=\"async\" class=\"alignnone size-full wp-image-7519\" src=\"https:\/\/jessel.de\/365-tage-sylt\/wp-content\/uploads\/2020\/09\/3393EE52-F958-41A7-A975-9A54F37E79F1.jpeg\" alt=\"\" width=\"1896\" height=\"1422\" srcset=\"https:\/\/jessel.de\/365-tage-sylt\/wp-content\/uploads\/2020\/09\/3393EE52-F958-41A7-A975-9A54F37E79F1.jpeg 1896w, https:\/\/jessel.de\/365-tage-sylt\/wp-content\/uploads\/2020\/09\/3393EE52-F958-41A7-A975-9A54F37E79F1-300x225.jpeg 300w, https:\/\/jessel.de\/365-tage-sylt\/wp-content\/uploads\/2020\/09\/3393EE52-F958-41A7-A975-9A54F37E79F1-1024x768.jpeg 1024w, https:\/\/jessel.de\/365-tage-sylt\/wp-content\/uploads\/2020\/09\/3393EE52-F958-41A7-A975-9A54F37E79F1-768x576.jpeg 768w, https:\/\/jessel.de\/365-tage-sylt\/wp-content\/uploads\/2020\/09\/3393EE52-F958-41A7-A975-9A54F37E79F1-1536x1152.jpeg 1536w\" sizes=\"auto, (max-width: 1896px) 100vw, 1896px\" \/><\/p>\n<p>Und die Beh\u00f6rden lassen die Natur in diesem FFH-Gebiet weitestgehend walten, auch dringt kaum ein Laut der Zivilisation bis hier unten vor. Nur entpuppt sich der Weg bei weitem nicht so flach wie vermutet. Vielmehr sind im Verlaufe von 20 Kilometern reichlich 700 H\u00f6henmeter zu erklimmen:<\/p>\n<p>&nbsp;<\/p>\n<p><img loading=\"lazy\" decoding=\"async\" class=\"size-full wp-image-7516\" src=\"https:\/\/jessel.de\/365-tage-sylt\/wp-content\/uploads\/2020\/09\/E2CC98DB-DE58-4C54-8E90-2F8062953FB4-scaled.jpeg\" alt=\"\" width=\"1883\" height=\"2560\" srcset=\"https:\/\/jessel.de\/365-tage-sylt\/wp-content\/uploads\/2020\/09\/E2CC98DB-DE58-4C54-8E90-2F8062953FB4-scaled.jpeg 1883w, https:\/\/jessel.de\/365-tage-sylt\/wp-content\/uploads\/2020\/09\/E2CC98DB-DE58-4C54-8E90-2F8062953FB4-221x300.jpeg 221w, https:\/\/jessel.de\/365-tage-sylt\/wp-content\/uploads\/2020\/09\/E2CC98DB-DE58-4C54-8E90-2F8062953FB4-753x1024.jpeg 753w, https:\/\/jessel.de\/365-tage-sylt\/wp-content\/uploads\/2020\/09\/E2CC98DB-DE58-4C54-8E90-2F8062953FB4-768x1044.jpeg 768w, https:\/\/jessel.de\/365-tage-sylt\/wp-content\/uploads\/2020\/09\/E2CC98DB-DE58-4C54-8E90-2F8062953FB4-1130x1536.jpeg 1130w, https:\/\/jessel.de\/365-tage-sylt\/wp-content\/uploads\/2020\/09\/E2CC98DB-DE58-4C54-8E90-2F8062953FB4-1506x2048.jpeg 1506w\" sizes=\"auto, (max-width: 1883px) 100vw, 1883px\" \/><\/p>\n<p>Da freut sich die Wanderin \u00fcber ein k\u00fchlendes Fussbad:<\/p>\n<p>&nbsp;<\/p>\n<p><img loading=\"lazy\" decoding=\"async\" class=\"size-full wp-image-7521\" src=\"https:\/\/jessel.de\/365-tage-sylt\/wp-content\/uploads\/2020\/09\/00676B6D-D246-4FE3-9AB8-B81773B5CB00.jpeg\" alt=\"\" width=\"1896\" height=\"1422\" srcset=\"https:\/\/jessel.de\/365-tage-sylt\/wp-content\/uploads\/2020\/09\/00676B6D-D246-4FE3-9AB8-B81773B5CB00.jpeg 1896w, https:\/\/jessel.de\/365-tage-sylt\/wp-content\/uploads\/2020\/09\/00676B6D-D246-4FE3-9AB8-B81773B5CB00-300x225.jpeg 300w, https:\/\/jessel.de\/365-tage-sylt\/wp-content\/uploads\/2020\/09\/00676B6D-D246-4FE3-9AB8-B81773B5CB00-1024x768.jpeg 1024w, https:\/\/jessel.de\/365-tage-sylt\/wp-content\/uploads\/2020\/09\/00676B6D-D246-4FE3-9AB8-B81773B5CB00-768x576.jpeg 768w, https:\/\/jessel.de\/365-tage-sylt\/wp-content\/uploads\/2020\/09\/00676B6D-D246-4FE3-9AB8-B81773B5CB00-1536x1152.jpeg 1536w\" sizes=\"auto, (max-width: 1896px) 100vw, 1896px\" \/><\/p>\n<p>Auf H\u00f6he des Ortes mit dem sch\u00f6nen Namen \u201eKarl\u201c verlassen wir am 4. Wandertag die Lieser und wechseln zum Salmtal:<\/p>\n<p><img loading=\"lazy\" decoding=\"async\" class=\"alignnone size-full wp-image-7522\" src=\"https:\/\/jessel.de\/365-tage-sylt\/wp-content\/uploads\/2020\/09\/E94415F4-7317-4285-8259-97388396A148.jpeg\" alt=\"\" width=\"1896\" height=\"1422\" srcset=\"https:\/\/jessel.de\/365-tage-sylt\/wp-content\/uploads\/2020\/09\/E94415F4-7317-4285-8259-97388396A148.jpeg 1896w, https:\/\/jessel.de\/365-tage-sylt\/wp-content\/uploads\/2020\/09\/E94415F4-7317-4285-8259-97388396A148-300x225.jpeg 300w, https:\/\/jessel.de\/365-tage-sylt\/wp-content\/uploads\/2020\/09\/E94415F4-7317-4285-8259-97388396A148-1024x768.jpeg 1024w, https:\/\/jessel.de\/365-tage-sylt\/wp-content\/uploads\/2020\/09\/E94415F4-7317-4285-8259-97388396A148-768x576.jpeg 768w, https:\/\/jessel.de\/365-tage-sylt\/wp-content\/uploads\/2020\/09\/E94415F4-7317-4285-8259-97388396A148-1536x1152.jpeg 1536w\" sizes=\"auto, (max-width: 1896px) 100vw, 1896px\" \/><\/p>\n<p>Dazu geh\u00f6rt die Querung des 50. Breitengrades&#8230;:<\/p>\n<p><img loading=\"lazy\" decoding=\"async\" class=\"size-full wp-image-7518\" src=\"https:\/\/jessel.de\/365-tage-sylt\/wp-content\/uploads\/2020\/09\/A0BABC65-2B50-42AD-8D79-7C7665DC8E6D.jpeg\" alt=\"\" width=\"1896\" height=\"1422\" srcset=\"https:\/\/jessel.de\/365-tage-sylt\/wp-content\/uploads\/2020\/09\/A0BABC65-2B50-42AD-8D79-7C7665DC8E6D.jpeg 1896w, https:\/\/jessel.de\/365-tage-sylt\/wp-content\/uploads\/2020\/09\/A0BABC65-2B50-42AD-8D79-7C7665DC8E6D-300x225.jpeg 300w, https:\/\/jessel.de\/365-tage-sylt\/wp-content\/uploads\/2020\/09\/A0BABC65-2B50-42AD-8D79-7C7665DC8E6D-1024x768.jpeg 1024w, https:\/\/jessel.de\/365-tage-sylt\/wp-content\/uploads\/2020\/09\/A0BABC65-2B50-42AD-8D79-7C7665DC8E6D-768x576.jpeg 768w, https:\/\/jessel.de\/365-tage-sylt\/wp-content\/uploads\/2020\/09\/A0BABC65-2B50-42AD-8D79-7C7665DC8E6D-1536x1152.jpeg 1536w\" sizes=\"auto, (max-width: 1896px) 100vw, 1896px\" \/><\/p>\n<p>&#8230; und so manche Herausforderung am Wegesrand:<\/p>\n<p><img loading=\"lazy\" decoding=\"async\" class=\"alignnone size-full wp-image-7545\" src=\"https:\/\/jessel.de\/365-tage-sylt\/wp-content\/uploads\/2020\/09\/40916A15-37FC-4365-8CA7-2FDF16E1E238.jpeg\" alt=\"\" width=\"1716\" height=\"1287\" srcset=\"https:\/\/jessel.de\/365-tage-sylt\/wp-content\/uploads\/2020\/09\/40916A15-37FC-4365-8CA7-2FDF16E1E238.jpeg 1716w, https:\/\/jessel.de\/365-tage-sylt\/wp-content\/uploads\/2020\/09\/40916A15-37FC-4365-8CA7-2FDF16E1E238-300x225.jpeg 300w, https:\/\/jessel.de\/365-tage-sylt\/wp-content\/uploads\/2020\/09\/40916A15-37FC-4365-8CA7-2FDF16E1E238-1024x768.jpeg 1024w, https:\/\/jessel.de\/365-tage-sylt\/wp-content\/uploads\/2020\/09\/40916A15-37FC-4365-8CA7-2FDF16E1E238-768x576.jpeg 768w, https:\/\/jessel.de\/365-tage-sylt\/wp-content\/uploads\/2020\/09\/40916A15-37FC-4365-8CA7-2FDF16E1E238-1536x1152.jpeg 1536w\" sizes=\"auto, (max-width: 1716px) 100vw, 1716px\" \/><\/p>\n<p>Am 6. Tag erreichen wir Trier und g\u00f6nnen uns ein Hotelzimmer mit Domblick:<br \/>\n<img loading=\"lazy\" decoding=\"async\" class=\"alignnone size-full wp-image-7544\" src=\"https:\/\/jessel.de\/365-tage-sylt\/wp-content\/uploads\/2020\/09\/2773BA25-EA6A-4590-AA02-3C3F73D05724.jpeg\" alt=\"\" width=\"612\" height=\"407\" srcset=\"https:\/\/jessel.de\/365-tage-sylt\/wp-content\/uploads\/2020\/09\/2773BA25-EA6A-4590-AA02-3C3F73D05724.jpeg 612w, https:\/\/jessel.de\/365-tage-sylt\/wp-content\/uploads\/2020\/09\/2773BA25-EA6A-4590-AA02-3C3F73D05724-300x200.jpeg 300w\" sizes=\"auto, (max-width: 612px) 100vw, 612px\" \/><\/p>\n<p>Herrlich:<\/p>\n<p><img loading=\"lazy\" decoding=\"async\" class=\"alignnone size-full wp-image-7546\" src=\"https:\/\/jessel.de\/365-tage-sylt\/wp-content\/uploads\/2020\/09\/992AFBF8-68E7-495A-BCEE-81B94C08BCE2.jpeg\" alt=\"\" width=\"1715\" height=\"803\" srcset=\"https:\/\/jessel.de\/365-tage-sylt\/wp-content\/uploads\/2020\/09\/992AFBF8-68E7-495A-BCEE-81B94C08BCE2.jpeg 1715w, https:\/\/jessel.de\/365-tage-sylt\/wp-content\/uploads\/2020\/09\/992AFBF8-68E7-495A-BCEE-81B94C08BCE2-300x140.jpeg 300w, https:\/\/jessel.de\/365-tage-sylt\/wp-content\/uploads\/2020\/09\/992AFBF8-68E7-495A-BCEE-81B94C08BCE2-1024x479.jpeg 1024w, https:\/\/jessel.de\/365-tage-sylt\/wp-content\/uploads\/2020\/09\/992AFBF8-68E7-495A-BCEE-81B94C08BCE2-768x360.jpeg 768w, https:\/\/jessel.de\/365-tage-sylt\/wp-content\/uploads\/2020\/09\/992AFBF8-68E7-495A-BCEE-81B94C08BCE2-1536x719.jpeg 1536w\" sizes=\"auto, (max-width: 1715px) 100vw, 1715px\" \/><\/p>\n","protected":false},"excerpt":{"rendered":"<p>Vor guter Jahresfrist stie\u00df ich auf einen putzigen Bericht im FAZ &#8211; Reiseteil, vom leitenden Redakteur Freddy Langer h\u00f6chstselbst erlebt und verfasst: Die Beschreibung einer Wanderung auf einem Teilst\u00fcck des Eifelsteigs, und zwar an den hei\u00dfesten Tagen des Sommers 2019&#8230; bis zum \u201eSchmelzen der Schuhsohlen\u201c&#8230; Der Clou: 10 Jahre vorher war der gleiche Schreiber schon einmal auf der gleichen Strecke unterwegs gewesen, allerdings in umgekehrter Richtung&#8230; und im tiefsten Winter.&hellip;<\/p>\n","protected":false},"author":2,"featured_media":7517,"comment_status":"open","ping_status":"open","sticky":false,"template":"","format":"standard","meta":{"footnotes":""},"categories":[27,3,46,4,2,33],"tags":[],"class_list":["post-7506","post","type-post","status-publish","format-standard","has-post-thumbnail","hentry","category-alle-bilder","category-menschen","category-sommer","category-spuren","category-tourismus","category-woanders"],"jetpack_featured_media_url":"https:\/\/jessel.de\/365-tage-sylt\/wp-content\/uploads\/2020\/09\/B1C49473-4A30-4F3E-A64E-6EA8F2A54DD3.jpeg","_links":{"self":[{"href":"https:\/\/jessel.de\/365-tage-sylt\/wp-json\/wp\/v2\/posts\/7506","targetHints":{"allow":["GET"]}}],"collection":[{"href":"https:\/\/jessel.de\/365-tage-sylt\/wp-json\/wp\/v2\/posts"}],"about":[{"href":"https:\/\/jessel.de\/365-tage-sylt\/wp-json\/wp\/v2\/types\/post"}],"author":[{"embeddable":true,"href":"https:\/\/jessel.de\/365-tage-sylt\/wp-json\/wp\/v2\/users\/2"}],"replies":[{"embeddable":true,"href":"https:\/\/jessel.de\/365-tage-sylt\/wp-json\/wp\/v2\/comments?post=7506"}],"version-history":[{"count":14,"href":"https:\/\/jessel.de\/365-tage-sylt\/wp-json\/wp\/v2\/posts\/7506\/revisions"}],"predecessor-version":[{"id":7547,"href":"https:\/\/jessel.de\/365-tage-sylt\/wp-json\/wp\/v2\/posts\/7506\/revisions\/7547"}],"wp:featuredmedia":[{"embeddable":true,"href":"https:\/\/jessel.de\/365-tage-sylt\/wp-json\/wp\/v2\/media\/7517"}],"wp:attachment":[{"href":"https:\/\/jessel.de\/365-tage-sylt\/wp-json\/wp\/v2\/media?parent=7506"}],"wp:term":[{"taxonomy":"category","embeddable":true,"href":"https:\/\/jessel.de\/365-tage-sylt\/wp-json\/wp\/v2\/categories?post=7506"},{"taxonomy":"post_tag","embeddable":true,"href":"https:\/\/jessel.de\/365-tage-sylt\/wp-json\/wp\/v2\/tags?post=7506"}],"curies":[{"name":"wp","href":"https:\/\/api.w.org\/{rel}","templated":true}]}}