{"id":7599,"date":"2020-10-05T17:01:46","date_gmt":"2020-10-05T17:01:46","guid":{"rendered":"https:\/\/jessel.de\/365-tage-sylt\/?p=7599"},"modified":"2020-10-06T04:48:34","modified_gmt":"2020-10-06T04:48:34","slug":"5-oktober-ein-ausflug-ins-bergell","status":"publish","type":"post","link":"https:\/\/jessel.de\/365-tage-sylt\/5-oktober-ein-ausflug-ins-bergell\/","title":{"rendered":"5. Oktober: Ein spontaner Ausflug ins Bergell"},"content":{"rendered":"<p>Es hat in der Nacht geschneit, bis ins Tal hinein! Damit ist die eigentlich geplante Tour zum Stazer See und in den Arvenwald gestrichen&#8230;.:<br \/>\n<img loading=\"lazy\" decoding=\"async\" class=\"alignnone size-full wp-image-7610\" src=\"https:\/\/jessel.de\/365-tage-sylt\/wp-content\/uploads\/2020\/10\/DDC16708-4561-474F-B2FB-35E6A3506DC0.jpeg\" alt=\"\" width=\"1070\" height=\"803\" srcset=\"https:\/\/jessel.de\/365-tage-sylt\/wp-content\/uploads\/2020\/10\/DDC16708-4561-474F-B2FB-35E6A3506DC0.jpeg 1070w, https:\/\/jessel.de\/365-tage-sylt\/wp-content\/uploads\/2020\/10\/DDC16708-4561-474F-B2FB-35E6A3506DC0-300x225.jpeg 300w, https:\/\/jessel.de\/365-tage-sylt\/wp-content\/uploads\/2020\/10\/DDC16708-4561-474F-B2FB-35E6A3506DC0-1024x768.jpeg 1024w, https:\/\/jessel.de\/365-tage-sylt\/wp-content\/uploads\/2020\/10\/DDC16708-4561-474F-B2FB-35E6A3506DC0-768x576.jpeg 768w\" sizes=\"auto, (max-width: 1070px) 100vw, 1070px\" \/><\/p>\n<p>&#8230; aber Regula hat nat\u00fcrlich schnell eine Alternative zur Hand: Wir fahren ins Bergell! \u00dcber die zun\u00e4chst verschneite Maloja &#8211; Passstra\u00dfe geht es einige hundert H\u00f6henmeter weiter nach unten&#8230; und schnell ist die weisse Pracht verschwunden. Unser Ziel ist das traumhaft an einem Seitenhang des Tales gelegene Dorf Soglio, wo wir im herrlich warmen Sonnenschein von Aussichtspunkt zu Aussichtspunkt wandern, mit einem fast surrealen Blick auf die Wolken- und Nebelstimmungen der im Schatten gelegenen Talseite:<\/p>\n<p><img loading=\"lazy\" decoding=\"async\" class=\"alignnone size-full wp-image-7604\" src=\"https:\/\/jessel.de\/365-tage-sylt\/wp-content\/uploads\/2020\/10\/9F3EFEAC-E18C-43D4-94C3-1665F2EBE8B5.jpeg\" alt=\"\" width=\"1070\" height=\"803\" srcset=\"https:\/\/jessel.de\/365-tage-sylt\/wp-content\/uploads\/2020\/10\/9F3EFEAC-E18C-43D4-94C3-1665F2EBE8B5.jpeg 1070w, https:\/\/jessel.de\/365-tage-sylt\/wp-content\/uploads\/2020\/10\/9F3EFEAC-E18C-43D4-94C3-1665F2EBE8B5-300x225.jpeg 300w, https:\/\/jessel.de\/365-tage-sylt\/wp-content\/uploads\/2020\/10\/9F3EFEAC-E18C-43D4-94C3-1665F2EBE8B5-1024x768.jpeg 1024w, https:\/\/jessel.de\/365-tage-sylt\/wp-content\/uploads\/2020\/10\/9F3EFEAC-E18C-43D4-94C3-1665F2EBE8B5-768x576.jpeg 768w\" sizes=\"auto, (max-width: 1070px) 100vw, 1070px\" \/><\/p>\n<p>Tief gestaffelt pr\u00e4sentieren sich die Berge \u00fcber dem Bondasca-Gletscher, und die Wolkenformationen \u00e4ndern min\u00fctlich ihr Antlitz &#8211; fantastisch:<\/p>\n<p><img loading=\"lazy\" decoding=\"async\" class=\"alignnone size-full wp-image-7602\" src=\"https:\/\/jessel.de\/365-tage-sylt\/wp-content\/uploads\/2020\/10\/1F433A9F-6F9B-49BF-B2D8-341B67A88C12.jpeg\" alt=\"\" width=\"1070\" height=\"764\" srcset=\"https:\/\/jessel.de\/365-tage-sylt\/wp-content\/uploads\/2020\/10\/1F433A9F-6F9B-49BF-B2D8-341B67A88C12.jpeg 1070w, https:\/\/jessel.de\/365-tage-sylt\/wp-content\/uploads\/2020\/10\/1F433A9F-6F9B-49BF-B2D8-341B67A88C12-300x214.jpeg 300w, https:\/\/jessel.de\/365-tage-sylt\/wp-content\/uploads\/2020\/10\/1F433A9F-6F9B-49BF-B2D8-341B67A88C12-1024x731.jpeg 1024w, https:\/\/jessel.de\/365-tage-sylt\/wp-content\/uploads\/2020\/10\/1F433A9F-6F9B-49BF-B2D8-341B67A88C12-768x548.jpeg 768w\" sizes=\"auto, (max-width: 1070px) 100vw, 1070px\" \/><\/p>\n<p>Als wir ca. 100 m oberhalb des pittoresken Ortes einmal mehr stehen bleiben, um das Schauspiel von erhabener Landschaft und atmosph\u00e4rischem Tanz zu lauschen, setzt die Turmuhr von Soglio zum 12 Uhr &#8211; Gebimmel an. Mehr geht nun wirklich nicht!<\/p>\n<p>Wir w\u00e4hlen die sch\u00f6nste Aussichtsbank f\u00fcr unseren &#8211; nat\u00fcrlich streng vegetarischen &#8211; Mittags-Snack und \u201egn\u00fc\u00fc\u00fc\u00fc\u00fcsset\u2018s\u201c, wie es auf Schwiitzert\u00fc\u00fctsch heisst:<\/p>\n<p><img loading=\"lazy\" decoding=\"async\" class=\"alignnone size-full wp-image-7611\" src=\"https:\/\/jessel.de\/365-tage-sylt\/wp-content\/uploads\/2020\/10\/FC61E08C-D4AA-478D-A2ED-1F3D84913881.jpeg\" alt=\"\" width=\"1075\" height=\"807\" srcset=\"https:\/\/jessel.de\/365-tage-sylt\/wp-content\/uploads\/2020\/10\/FC61E08C-D4AA-478D-A2ED-1F3D84913881.jpeg 1075w, https:\/\/jessel.de\/365-tage-sylt\/wp-content\/uploads\/2020\/10\/FC61E08C-D4AA-478D-A2ED-1F3D84913881-300x225.jpeg 300w, https:\/\/jessel.de\/365-tage-sylt\/wp-content\/uploads\/2020\/10\/FC61E08C-D4AA-478D-A2ED-1F3D84913881-1024x769.jpeg 1024w, https:\/\/jessel.de\/365-tage-sylt\/wp-content\/uploads\/2020\/10\/FC61E08C-D4AA-478D-A2ED-1F3D84913881-768x577.jpeg 768w\" sizes=\"auto, (max-width: 1075px) 100vw, 1075px\" \/><\/p>\n<p>Dann bezieht sich der Himmel innerhalb weniger Minuten. Wir trinken noch einen Kaffee im nahen Ort Castasegna direkt an der Grenze zu Italien und fahren dann zur\u00fcck ins Engadin, um eine etwa einst\u00fcndige Wanderung um die Halbinsel Chast\u00e8 im Silser See zu unternehmen&#8230;<\/p>\n<p><img loading=\"lazy\" decoding=\"async\" class=\"alignnone size-full wp-image-7603\" src=\"https:\/\/jessel.de\/365-tage-sylt\/wp-content\/uploads\/2020\/10\/54592A4A-80C0-4969-9A5D-E256319D353F.jpeg\" alt=\"\" width=\"1070\" height=\"803\" srcset=\"https:\/\/jessel.de\/365-tage-sylt\/wp-content\/uploads\/2020\/10\/54592A4A-80C0-4969-9A5D-E256319D353F.jpeg 1070w, https:\/\/jessel.de\/365-tage-sylt\/wp-content\/uploads\/2020\/10\/54592A4A-80C0-4969-9A5D-E256319D353F-300x225.jpeg 300w, https:\/\/jessel.de\/365-tage-sylt\/wp-content\/uploads\/2020\/10\/54592A4A-80C0-4969-9A5D-E256319D353F-1024x768.jpeg 1024w, https:\/\/jessel.de\/365-tage-sylt\/wp-content\/uploads\/2020\/10\/54592A4A-80C0-4969-9A5D-E256319D353F-768x576.jpeg 768w\" sizes=\"auto, (max-width: 1070px) 100vw, 1070px\" \/><\/p>\n<p>Hier lustwandelte bereits Freund Friedrich Nietzsche. Grund genug, einmal kurz einige Verse aus dem uns allen bekannten Zarathustra zu rezitieren, dessen Grundlagen hier ersonnen wurden&#8230; angeblich:<\/p>\n<p><img loading=\"lazy\" decoding=\"async\" class=\"alignnone size-full wp-image-7605\" src=\"https:\/\/jessel.de\/365-tage-sylt\/wp-content\/uploads\/2020\/10\/0CA24666-5A4D-4984-BFBB-C7FD8909934E.jpeg\" alt=\"\" width=\"1070\" height=\"696\" srcset=\"https:\/\/jessel.de\/365-tage-sylt\/wp-content\/uploads\/2020\/10\/0CA24666-5A4D-4984-BFBB-C7FD8909934E.jpeg 1070w, https:\/\/jessel.de\/365-tage-sylt\/wp-content\/uploads\/2020\/10\/0CA24666-5A4D-4984-BFBB-C7FD8909934E-300x195.jpeg 300w, https:\/\/jessel.de\/365-tage-sylt\/wp-content\/uploads\/2020\/10\/0CA24666-5A4D-4984-BFBB-C7FD8909934E-1024x666.jpeg 1024w, https:\/\/jessel.de\/365-tage-sylt\/wp-content\/uploads\/2020\/10\/0CA24666-5A4D-4984-BFBB-C7FD8909934E-768x500.jpeg 768w\" sizes=\"auto, (max-width: 1070px) 100vw, 1070px\" \/><\/p>\n<p>Das zwar nicht gerade zahlreich angetretene, daf\u00fcr aber umso reizendere Auditorium zeigt sich sichtlich erheitert in Angesicht dieser existenzialphilosphischen Einlage:<\/p>\n<p><img loading=\"lazy\" decoding=\"async\" class=\"alignnone size-full wp-image-7613\" src=\"https:\/\/jessel.de\/365-tage-sylt\/wp-content\/uploads\/2020\/10\/40CC6E44-E199-4C97-87E3-F5B83C386336.jpeg\" alt=\"\" width=\"1067\" height=\"801\" srcset=\"https:\/\/jessel.de\/365-tage-sylt\/wp-content\/uploads\/2020\/10\/40CC6E44-E199-4C97-87E3-F5B83C386336.jpeg 1067w, https:\/\/jessel.de\/365-tage-sylt\/wp-content\/uploads\/2020\/10\/40CC6E44-E199-4C97-87E3-F5B83C386336-300x225.jpeg 300w, https:\/\/jessel.de\/365-tage-sylt\/wp-content\/uploads\/2020\/10\/40CC6E44-E199-4C97-87E3-F5B83C386336-1024x769.jpeg 1024w, https:\/\/jessel.de\/365-tage-sylt\/wp-content\/uploads\/2020\/10\/40CC6E44-E199-4C97-87E3-F5B83C386336-768x577.jpeg 768w\" sizes=\"auto, (max-width: 1067px) 100vw, 1067px\" \/><\/p>\n<p>Aus gegebenem Anlass &#8211; sozusagen witterungsbedingt &#8211; musste der versprochene kulinarische Gschwellti-Beitrag verschoben werden. Dazu morgen\/\u00fcbermorgen mehr!<\/p>\n<p>&nbsp;<\/p>\n<p>&nbsp;<\/p>\n","protected":false},"excerpt":{"rendered":"<p>Es hat in der Nacht geschneit, bis ins Tal hinein! Damit ist die eigentlich geplante Tour zum Stazer See und in den Arvenwald gestrichen&#8230;.: &#8230; aber Regula hat nat\u00fcrlich schnell eine Alternative zur Hand: Wir fahren ins Bergell! \u00dcber die zun\u00e4chst verschneite Maloja &#8211; Passstra\u00dfe geht es einige hundert H\u00f6henmeter weiter nach unten&#8230; und schnell ist die weisse Pracht verschwunden. Unser Ziel ist das traumhaft an einem Seitenhang des Tales&hellip;<\/p>\n","protected":false},"author":2,"featured_media":7601,"comment_status":"open","ping_status":"open","sticky":false,"template":"","format":"standard","meta":{"footnotes":""},"categories":[27,28,48,2,30,33],"tags":[],"class_list":["post-7599","post","type-post","status-publish","format-standard","has-post-thumbnail","hentry","category-alle-bilder","category-haeuser","category-herbst","category-tourismus","category-tradition","category-woanders"],"jetpack_featured_media_url":"https:\/\/jessel.de\/365-tage-sylt\/wp-content\/uploads\/2020\/10\/463011AB-2A48-4728-9C4C-8872FD19F68D.jpeg","_links":{"self":[{"href":"https:\/\/jessel.de\/365-tage-sylt\/wp-json\/wp\/v2\/posts\/7599","targetHints":{"allow":["GET"]}}],"collection":[{"href":"https:\/\/jessel.de\/365-tage-sylt\/wp-json\/wp\/v2\/posts"}],"about":[{"href":"https:\/\/jessel.de\/365-tage-sylt\/wp-json\/wp\/v2\/types\/post"}],"author":[{"embeddable":true,"href":"https:\/\/jessel.de\/365-tage-sylt\/wp-json\/wp\/v2\/users\/2"}],"replies":[{"embeddable":true,"href":"https:\/\/jessel.de\/365-tage-sylt\/wp-json\/wp\/v2\/comments?post=7599"}],"version-history":[{"count":8,"href":"https:\/\/jessel.de\/365-tage-sylt\/wp-json\/wp\/v2\/posts\/7599\/revisions"}],"predecessor-version":[{"id":7618,"href":"https:\/\/jessel.de\/365-tage-sylt\/wp-json\/wp\/v2\/posts\/7599\/revisions\/7618"}],"wp:featuredmedia":[{"embeddable":true,"href":"https:\/\/jessel.de\/365-tage-sylt\/wp-json\/wp\/v2\/media\/7601"}],"wp:attachment":[{"href":"https:\/\/jessel.de\/365-tage-sylt\/wp-json\/wp\/v2\/media?parent=7599"}],"wp:term":[{"taxonomy":"category","embeddable":true,"href":"https:\/\/jessel.de\/365-tage-sylt\/wp-json\/wp\/v2\/categories?post=7599"},{"taxonomy":"post_tag","embeddable":true,"href":"https:\/\/jessel.de\/365-tage-sylt\/wp-json\/wp\/v2\/tags?post=7599"}],"curies":[{"name":"wp","href":"https:\/\/api.w.org\/{rel}","templated":true}]}}