{"id":7636,"date":"2020-10-07T16:08:20","date_gmt":"2020-10-07T16:08:20","guid":{"rendered":"https:\/\/jessel.de\/365-tage-sylt\/?p=7636"},"modified":"2020-10-07T16:13:47","modified_gmt":"2020-10-07T16:13:47","slug":"nachschlag-6-oktober-die-maloja-schlange","status":"publish","type":"post","link":"https:\/\/jessel.de\/365-tage-sylt\/nachschlag-6-oktober-die-maloja-schlange\/","title":{"rendered":"Nachschlag 6. Oktober: Die Maloja &#8211; Schlange"},"content":{"rendered":"<p>Seit unserem Hiersein in Pontresina spielt sich ein ganz entz\u00fcckendes Wetter-Ph\u00e4nomen direkt vor unseren Augen ab. Die sogenannte Maloja-Schlange, eine gurkenartige Wolkenformation, die sich meist am Vormittag, vom Maloja-Pass kommend, von links vor die gegen\u00fcberliegenden Berge schiebt, und zwar mindestens in Radfahrergeschwindigkeit. Irgendwo ist dann aber Schluss: Zwar schieben sich stetig weitere Wolken heran, an der Spitze jedoch l\u00f6sen diese sich mit gleicher Geschwindigkeit auf. Ein Natur-\u00c4quilibrium ist erreicht, das je nach St\u00e4rke des Malojawindes sowie dem Wasserdampfgehalt der Luft an unterschiedlichen Stellen stoppt&#8230; und sich nach Minuten oder auch erst Stunden von selbst aufl\u00f6st.<\/p>\n<p>Heute hat jedoch der Wind gedreht. Kein S\u00fcdwestwind mehr, der die feuchten Luftmassen vom Bergell herauf ins Oberengadin dr\u00fcckt, sondern Nordwestwind, der kalt vom Alpenhauptkamm herunterweht. Somit ist die Maloja-Schlange nun erstmal schlafen gegangen&#8230; schade eigentlich!<\/p>\n","protected":false},"excerpt":{"rendered":"<p>Seit unserem Hiersein in Pontresina spielt sich ein ganz entz\u00fcckendes Wetter-Ph\u00e4nomen direkt vor unseren Augen ab. Die sogenannte Maloja-Schlange, eine gurkenartige Wolkenformation, die sich meist am Vormittag, vom Maloja-Pass kommend, von links vor die gegen\u00fcberliegenden Berge schiebt, und zwar mindestens in Radfahrergeschwindigkeit. Irgendwo ist dann aber Schluss: Zwar schieben sich stetig weitere Wolken heran, an der Spitze jedoch l\u00f6sen diese sich mit gleicher Geschwindigkeit auf. Ein Natur-\u00c4quilibrium ist erreicht, das&hellip;<\/p>\n","protected":false},"author":2,"featured_media":7637,"comment_status":"open","ping_status":"open","sticky":false,"template":"","format":"standard","meta":{"footnotes":""},"categories":[27,28,48,30,33],"tags":[],"class_list":["post-7636","post","type-post","status-publish","format-standard","has-post-thumbnail","hentry","category-alle-bilder","category-haeuser","category-herbst","category-tradition","category-woanders"],"jetpack_featured_media_url":"https:\/\/jessel.de\/365-tage-sylt\/wp-content\/uploads\/2020\/10\/B2B7C4A4-36C6-4DCD-8927-25D075217E95.jpeg","_links":{"self":[{"href":"https:\/\/jessel.de\/365-tage-sylt\/wp-json\/wp\/v2\/posts\/7636","targetHints":{"allow":["GET"]}}],"collection":[{"href":"https:\/\/jessel.de\/365-tage-sylt\/wp-json\/wp\/v2\/posts"}],"about":[{"href":"https:\/\/jessel.de\/365-tage-sylt\/wp-json\/wp\/v2\/types\/post"}],"author":[{"embeddable":true,"href":"https:\/\/jessel.de\/365-tage-sylt\/wp-json\/wp\/v2\/users\/2"}],"replies":[{"embeddable":true,"href":"https:\/\/jessel.de\/365-tage-sylt\/wp-json\/wp\/v2\/comments?post=7636"}],"version-history":[{"count":2,"href":"https:\/\/jessel.de\/365-tage-sylt\/wp-json\/wp\/v2\/posts\/7636\/revisions"}],"predecessor-version":[{"id":7652,"href":"https:\/\/jessel.de\/365-tage-sylt\/wp-json\/wp\/v2\/posts\/7636\/revisions\/7652"}],"wp:featuredmedia":[{"embeddable":true,"href":"https:\/\/jessel.de\/365-tage-sylt\/wp-json\/wp\/v2\/media\/7637"}],"wp:attachment":[{"href":"https:\/\/jessel.de\/365-tage-sylt\/wp-json\/wp\/v2\/media?parent=7636"}],"wp:term":[{"taxonomy":"category","embeddable":true,"href":"https:\/\/jessel.de\/365-tage-sylt\/wp-json\/wp\/v2\/categories?post=7636"},{"taxonomy":"post_tag","embeddable":true,"href":"https:\/\/jessel.de\/365-tage-sylt\/wp-json\/wp\/v2\/tags?post=7636"}],"curies":[{"name":"wp","href":"https:\/\/api.w.org\/{rel}","templated":true}]}}