{"id":7667,"date":"2020-10-08T05:03:32","date_gmt":"2020-10-08T05:03:32","guid":{"rendered":"https:\/\/jessel.de\/365-tage-sylt\/?p=7667"},"modified":"2020-10-08T05:21:43","modified_gmt":"2020-10-08T05:21:43","slug":"8-oktober-hatte-ich-schon-vom-muottas-muragl-erzaehlt","status":"publish","type":"post","link":"https:\/\/jessel.de\/365-tage-sylt\/8-oktober-hatte-ich-schon-vom-muottas-muragl-erzaehlt\/","title":{"rendered":"8. Oktober: Hatte ich schon vom Muottas Muragl erz\u00e4hlt?"},"content":{"rendered":"<p>Dienstag nehmen wir am sp\u00e4ten Nachmittag die Bergbahn hinauf zur Muottas Muragl &#8211; dem Ort mit einem der spektakul\u00e4rsten Blicke \u00fcber das Oberengadin, mit langer touristischer Tradition, wie man\/frau an den antiken Plakaten in den Bergstationen sieht:<\/p>\n<p><img loading=\"lazy\" decoding=\"async\" class=\"alignnone size-full wp-image-7641\" src=\"https:\/\/jessel.de\/365-tage-sylt\/wp-content\/uploads\/2020\/10\/E213508E-1826-4A8C-964F-BED43087FF62.jpeg\" alt=\"\" width=\"1204\" height=\"854\" srcset=\"https:\/\/jessel.de\/365-tage-sylt\/wp-content\/uploads\/2020\/10\/E213508E-1826-4A8C-964F-BED43087FF62.jpeg 1204w, https:\/\/jessel.de\/365-tage-sylt\/wp-content\/uploads\/2020\/10\/E213508E-1826-4A8C-964F-BED43087FF62-300x213.jpeg 300w, https:\/\/jessel.de\/365-tage-sylt\/wp-content\/uploads\/2020\/10\/E213508E-1826-4A8C-964F-BED43087FF62-1024x726.jpeg 1024w, https:\/\/jessel.de\/365-tage-sylt\/wp-content\/uploads\/2020\/10\/E213508E-1826-4A8C-964F-BED43087FF62-768x545.jpeg 768w\" sizes=\"auto, (max-width: 1204px) 100vw, 1204px\" \/><\/p>\n<p>Die Bergbahn (rechts unten im Bild) sieht noch exakt so aus wie vor 100 Jahren (O-Ton Hans: \u201eDie f\u00e4hrt ja verkehrt \u02cbrum!\u201c Regula kann es nicht fassen&#8230; ), \u00a0auch der Ausblick hat sich nur unwesentlich ver\u00e4ndert:<\/p>\n<p><img loading=\"lazy\" decoding=\"async\" class=\"alignnone size-full wp-image-7642\" src=\"https:\/\/jessel.de\/365-tage-sylt\/wp-content\/uploads\/2020\/10\/E84520FC-55D7-4BD1-9019-C2A26D15ABE1.jpeg\" alt=\"\" width=\"1204\" height=\"457\" srcset=\"https:\/\/jessel.de\/365-tage-sylt\/wp-content\/uploads\/2020\/10\/E84520FC-55D7-4BD1-9019-C2A26D15ABE1.jpeg 1204w, https:\/\/jessel.de\/365-tage-sylt\/wp-content\/uploads\/2020\/10\/E84520FC-55D7-4BD1-9019-C2A26D15ABE1-300x114.jpeg 300w, https:\/\/jessel.de\/365-tage-sylt\/wp-content\/uploads\/2020\/10\/E84520FC-55D7-4BD1-9019-C2A26D15ABE1-1024x389.jpeg 1024w, https:\/\/jessel.de\/365-tage-sylt\/wp-content\/uploads\/2020\/10\/E84520FC-55D7-4BD1-9019-C2A26D15ABE1-768x292.jpeg 768w\" sizes=\"auto, (max-width: 1204px) 100vw, 1204px\" \/><\/p>\n<p>Direkt unter uns liegt St. Moritz, mittig in die Bildtiefe sehen wir bis zum Malojapass, und das tiefe Tal ganz links, das steht auf der Tagesplanung f\u00fcr heute! Wir wollen es von der anderen Bergseite \u00fcber die Fuorcla Surlej erreichen &#8211; wenn der Schnee uns denn l\u00e4sst.<\/p>\n<p>Am Dienstagabend f\u00e4llt es uns in der D\u00e4mmerung schwer, uns auf das vorz\u00fcgliche(!) Essen im Muragl-Restaurant zu konzentrieren, so \u00fcberw\u00e4ltigend ist der Blick. Immer wieder steigen Wolkenfelder auf, die aber die gute Sicht nur f\u00fcr Minuten tr\u00fcben, dann reisst der Himmel unter uns wieder auf &#8211; ein Fest f\u00fcr die Augen jedes Landschafts-Begeisterten.<\/p>\n<p>Es gibt \u00fcbrigens Hirschragout! Jedes Jahr im September werden ca. 5.000 Hirsche im Kanton Graub\u00fcnden geschossen (Sonst g\u00e4be es hier wohl \u00fcberhaupt keinen Baum mehr&#8230;), weshalb es zur Zeit in nahezu jedem Restaurant Hirschfleisch gibt &#8211; das wirklich vorz\u00fcglich mundet. Und der Petite Arvine &#8211; Wein aus dem Wallis erst!<\/p>\n<p>Nachtrag: Der linke kleine See ist \u00fcbrigens der Stazer See, in dem wir gestern morgen gebadet haben. Rechts daneben der St. Moritz See.<\/p>\n<p>Hier noch ein Foto von Regula:<\/p>\n<p><img loading=\"lazy\" decoding=\"async\" class=\"alignnone size-full wp-image-7672\" src=\"https:\/\/jessel.de\/365-tage-sylt\/wp-content\/uploads\/2020\/10\/569D2B65-A081-4DF5-88BB-3786531C7DA1.jpeg\" alt=\"\" width=\"1073\" height=\"805\" srcset=\"https:\/\/jessel.de\/365-tage-sylt\/wp-content\/uploads\/2020\/10\/569D2B65-A081-4DF5-88BB-3786531C7DA1.jpeg 1073w, https:\/\/jessel.de\/365-tage-sylt\/wp-content\/uploads\/2020\/10\/569D2B65-A081-4DF5-88BB-3786531C7DA1-300x225.jpeg 300w, https:\/\/jessel.de\/365-tage-sylt\/wp-content\/uploads\/2020\/10\/569D2B65-A081-4DF5-88BB-3786531C7DA1-1024x768.jpeg 1024w, https:\/\/jessel.de\/365-tage-sylt\/wp-content\/uploads\/2020\/10\/569D2B65-A081-4DF5-88BB-3786531C7DA1-768x576.jpeg 768w\" sizes=\"auto, (max-width: 1073px) 100vw, 1073px\" \/><\/p>\n<p>Hammer, oder?<\/p>\n","protected":false},"excerpt":{"rendered":"<p>Dienstag nehmen wir am sp\u00e4ten Nachmittag die Bergbahn hinauf zur Muottas Muragl &#8211; dem Ort mit einem der spektakul\u00e4rsten Blicke \u00fcber das Oberengadin, mit langer touristischer Tradition, wie man\/frau an den antiken Plakaten in den Bergstationen sieht: Die Bergbahn (rechts unten im Bild) sieht noch exakt so aus wie vor 100 Jahren (O-Ton Hans: \u201eDie f\u00e4hrt ja verkehrt \u02cbrum!\u201c Regula kann es nicht fassen&#8230; ), \u00a0auch der Ausblick hat sich&hellip;<\/p>\n","protected":false},"author":2,"featured_media":7643,"comment_status":"open","ping_status":"open","sticky":false,"template":"","format":"standard","meta":{"footnotes":""},"categories":[27,28,48,43,2,30,33],"tags":[],"class_list":["post-7667","post","type-post","status-publish","format-standard","has-post-thumbnail","hentry","category-alle-bilder","category-haeuser","category-herbst","category-kulinarik","category-tourismus","category-tradition","category-woanders"],"jetpack_featured_media_url":"https:\/\/jessel.de\/365-tage-sylt\/wp-content\/uploads\/2020\/10\/F655DA5E-5FBF-4C38-9886-B157190E00D9.jpeg","_links":{"self":[{"href":"https:\/\/jessel.de\/365-tage-sylt\/wp-json\/wp\/v2\/posts\/7667","targetHints":{"allow":["GET"]}}],"collection":[{"href":"https:\/\/jessel.de\/365-tage-sylt\/wp-json\/wp\/v2\/posts"}],"about":[{"href":"https:\/\/jessel.de\/365-tage-sylt\/wp-json\/wp\/v2\/types\/post"}],"author":[{"embeddable":true,"href":"https:\/\/jessel.de\/365-tage-sylt\/wp-json\/wp\/v2\/users\/2"}],"replies":[{"embeddable":true,"href":"https:\/\/jessel.de\/365-tage-sylt\/wp-json\/wp\/v2\/comments?post=7667"}],"version-history":[{"count":6,"href":"https:\/\/jessel.de\/365-tage-sylt\/wp-json\/wp\/v2\/posts\/7667\/revisions"}],"predecessor-version":[{"id":7674,"href":"https:\/\/jessel.de\/365-tage-sylt\/wp-json\/wp\/v2\/posts\/7667\/revisions\/7674"}],"wp:featuredmedia":[{"embeddable":true,"href":"https:\/\/jessel.de\/365-tage-sylt\/wp-json\/wp\/v2\/media\/7643"}],"wp:attachment":[{"href":"https:\/\/jessel.de\/365-tage-sylt\/wp-json\/wp\/v2\/media?parent=7667"}],"wp:term":[{"taxonomy":"category","embeddable":true,"href":"https:\/\/jessel.de\/365-tage-sylt\/wp-json\/wp\/v2\/categories?post=7667"},{"taxonomy":"post_tag","embeddable":true,"href":"https:\/\/jessel.de\/365-tage-sylt\/wp-json\/wp\/v2\/tags?post=7667"}],"curies":[{"name":"wp","href":"https:\/\/api.w.org\/{rel}","templated":true}]}}