{"id":7675,"date":"2020-10-08T20:13:57","date_gmt":"2020-10-08T20:13:57","guid":{"rendered":"https:\/\/jessel.de\/365-tage-sylt\/?p=7675"},"modified":"2020-10-09T05:14:05","modified_gmt":"2020-10-09T05:14:05","slug":"8-oktober-the-final-countdown","status":"publish","type":"post","link":"https:\/\/jessel.de\/365-tage-sylt\/8-oktober-the-final-countdown\/","title":{"rendered":"8. Oktober: The final Count-down&#8230;"},"content":{"rendered":"<p>Willkommen im Winter, liebe Freunde der Gebirgswelt. Heute geht es bergab, und zwar vom Feinsten! Wunderbares klares Frostwetter beim Start mit dem Bus nach Surlej um 8:30 Uhr, dann mit der Gondel hoch auf 2.700m zur mittleren Station \u201eMurt\u00e8l am Corvatsch-Gletscher.<\/p>\n<p>Los geht\u2019s:<\/p>\n<p><img loading=\"lazy\" decoding=\"async\" class=\"alignnone size-full wp-image-7677\" src=\"https:\/\/jessel.de\/365-tage-sylt\/wp-content\/uploads\/2020\/10\/C9088075-7858-4E12-905E-FC7DE1FD8598.jpeg\" alt=\"\" width=\"1411\" height=\"1002\" srcset=\"https:\/\/jessel.de\/365-tage-sylt\/wp-content\/uploads\/2020\/10\/C9088075-7858-4E12-905E-FC7DE1FD8598.jpeg 1411w, https:\/\/jessel.de\/365-tage-sylt\/wp-content\/uploads\/2020\/10\/C9088075-7858-4E12-905E-FC7DE1FD8598-300x213.jpeg 300w, https:\/\/jessel.de\/365-tage-sylt\/wp-content\/uploads\/2020\/10\/C9088075-7858-4E12-905E-FC7DE1FD8598-1024x727.jpeg 1024w, https:\/\/jessel.de\/365-tage-sylt\/wp-content\/uploads\/2020\/10\/C9088075-7858-4E12-905E-FC7DE1FD8598-768x545.jpeg 768w\" sizes=\"auto, (max-width: 1411px) 100vw, 1411px\" \/><\/p>\n<p>Es ist meine erste(!) Ber\u00fchrung mit der hochalpinen Bergwelt im Wintergewand. Regula, die perfekte und superumsichtige Bergf\u00fchrerin&#8230;:<\/p>\n<p><img loading=\"lazy\" decoding=\"async\" class=\"alignnone size-full wp-image-7685\" src=\"https:\/\/jessel.de\/365-tage-sylt\/wp-content\/uploads\/2020\/10\/ABA512E7-9E08-48AE-BB95-3AEAC3D1041C.jpeg\" alt=\"\" width=\"1411\" height=\"1882\" srcset=\"https:\/\/jessel.de\/365-tage-sylt\/wp-content\/uploads\/2020\/10\/ABA512E7-9E08-48AE-BB95-3AEAC3D1041C.jpeg 1411w, https:\/\/jessel.de\/365-tage-sylt\/wp-content\/uploads\/2020\/10\/ABA512E7-9E08-48AE-BB95-3AEAC3D1041C-225x300.jpeg 225w, https:\/\/jessel.de\/365-tage-sylt\/wp-content\/uploads\/2020\/10\/ABA512E7-9E08-48AE-BB95-3AEAC3D1041C-768x1024.jpeg 768w, https:\/\/jessel.de\/365-tage-sylt\/wp-content\/uploads\/2020\/10\/ABA512E7-9E08-48AE-BB95-3AEAC3D1041C-1152x1536.jpeg 1152w\" sizes=\"auto, (max-width: 1411px) 100vw, 1411px\" \/><\/p>\n<p><img loading=\"lazy\" decoding=\"async\" class=\"alignnone size-full wp-image-7688\" src=\"https:\/\/jessel.de\/365-tage-sylt\/wp-content\/uploads\/2020\/10\/54C79C6C-7AD7-46E3-94E7-65F157EE9B35.jpeg\" alt=\"\" width=\"1411\" height=\"1883\" srcset=\"https:\/\/jessel.de\/365-tage-sylt\/wp-content\/uploads\/2020\/10\/54C79C6C-7AD7-46E3-94E7-65F157EE9B35.jpeg 1411w, https:\/\/jessel.de\/365-tage-sylt\/wp-content\/uploads\/2020\/10\/54C79C6C-7AD7-46E3-94E7-65F157EE9B35-225x300.jpeg 225w, https:\/\/jessel.de\/365-tage-sylt\/wp-content\/uploads\/2020\/10\/54C79C6C-7AD7-46E3-94E7-65F157EE9B35-767x1024.jpeg 767w, https:\/\/jessel.de\/365-tage-sylt\/wp-content\/uploads\/2020\/10\/54C79C6C-7AD7-46E3-94E7-65F157EE9B35-768x1025.jpeg 768w, https:\/\/jessel.de\/365-tage-sylt\/wp-content\/uploads\/2020\/10\/54C79C6C-7AD7-46E3-94E7-65F157EE9B35-1151x1536.jpeg 1151w\" sizes=\"auto, (max-width: 1411px) 100vw, 1411px\" \/><\/p>\n<p>&#8230;hat mir zwei Walking-Sticks verordnet, die sich als \u00e4u\u00dferst praktikabel erweisen. An einigen Stellen gibt\u2019s Schneeverwehungen und damit eine ziemliche Trittunsicherheit, au\u00dferdem ist an diesem Morgen scheinbar erst eine Person vor uns durch den Schnee gewandert, womit wir immerhin ohne Orientierungsschwierigkeiten gehen k\u00f6nnen. Zur Fuorcla Surlej-H\u00fctte geht es In Serpentinen bergan, da merkt man\/frau die H\u00f6he schon ziemlich:<\/p>\n<p><img loading=\"lazy\" decoding=\"async\" class=\"alignnone size-full wp-image-7689\" src=\"https:\/\/jessel.de\/365-tage-sylt\/wp-content\/uploads\/2020\/10\/482931B6-2C2C-4EC7-8A08-A9AD95775C68.jpeg\" alt=\"\" width=\"1411\" height=\"803\" srcset=\"https:\/\/jessel.de\/365-tage-sylt\/wp-content\/uploads\/2020\/10\/482931B6-2C2C-4EC7-8A08-A9AD95775C68.jpeg 1411w, https:\/\/jessel.de\/365-tage-sylt\/wp-content\/uploads\/2020\/10\/482931B6-2C2C-4EC7-8A08-A9AD95775C68-300x171.jpeg 300w, https:\/\/jessel.de\/365-tage-sylt\/wp-content\/uploads\/2020\/10\/482931B6-2C2C-4EC7-8A08-A9AD95775C68-1024x583.jpeg 1024w, https:\/\/jessel.de\/365-tage-sylt\/wp-content\/uploads\/2020\/10\/482931B6-2C2C-4EC7-8A08-A9AD95775C68-768x437.jpeg 768w\" sizes=\"auto, (max-width: 1411px) 100vw, 1411px\" \/><\/p>\n<p>An der H\u00fctte angekommen&#8230;:<\/p>\n<p>&nbsp;<\/p>\n<p><img loading=\"lazy\" decoding=\"async\" class=\"size-full wp-image-7679\" src=\"https:\/\/jessel.de\/365-tage-sylt\/wp-content\/uploads\/2020\/10\/14B1E3EE-85B7-4C84-80D9-4412CB880618.jpeg\" alt=\"\" width=\"1411\" height=\"1882\" srcset=\"https:\/\/jessel.de\/365-tage-sylt\/wp-content\/uploads\/2020\/10\/14B1E3EE-85B7-4C84-80D9-4412CB880618.jpeg 1411w, https:\/\/jessel.de\/365-tage-sylt\/wp-content\/uploads\/2020\/10\/14B1E3EE-85B7-4C84-80D9-4412CB880618-225x300.jpeg 225w, https:\/\/jessel.de\/365-tage-sylt\/wp-content\/uploads\/2020\/10\/14B1E3EE-85B7-4C84-80D9-4412CB880618-768x1024.jpeg 768w, https:\/\/jessel.de\/365-tage-sylt\/wp-content\/uploads\/2020\/10\/14B1E3EE-85B7-4C84-80D9-4412CB880618-1152x1536.jpeg 1152w\" sizes=\"auto, (max-width: 1411px) 100vw, 1411px\" \/><\/p>\n<p>&#8230; geniessen wir bei einem Heissgetr\u00e4nk den Ausblick auf den nahen Piz Bernina, der sich &#8211; logo &#8211; erst Minuten vor unserer Ankunft abermals in Wolken h\u00fcllt:<\/p>\n<p><img loading=\"lazy\" decoding=\"async\" class=\"alignnone size-full wp-image-7686\" src=\"https:\/\/jessel.de\/365-tage-sylt\/wp-content\/uploads\/2020\/10\/5FD36755-937C-4394-BB62-BA2E009FB42A.jpeg\" alt=\"\" width=\"1411\" height=\"1059\" srcset=\"https:\/\/jessel.de\/365-tage-sylt\/wp-content\/uploads\/2020\/10\/5FD36755-937C-4394-BB62-BA2E009FB42A.jpeg 1411w, https:\/\/jessel.de\/365-tage-sylt\/wp-content\/uploads\/2020\/10\/5FD36755-937C-4394-BB62-BA2E009FB42A-300x225.jpeg 300w, https:\/\/jessel.de\/365-tage-sylt\/wp-content\/uploads\/2020\/10\/5FD36755-937C-4394-BB62-BA2E009FB42A-1024x769.jpeg 1024w, https:\/\/jessel.de\/365-tage-sylt\/wp-content\/uploads\/2020\/10\/5FD36755-937C-4394-BB62-BA2E009FB42A-768x576.jpeg 768w\" sizes=\"auto, (max-width: 1411px) 100vw, 1411px\" \/><\/p>\n<p>Daf\u00fcr entsch\u00e4digt der Ausblick auf unsere Wanderroute, die uns nun \u00fcber 1.100 H\u00f6henmeter ins Roseg-Tal f\u00fchren wird:<\/p>\n<p><img loading=\"lazy\" decoding=\"async\" class=\"alignnone size-full wp-image-7676\" src=\"https:\/\/jessel.de\/365-tage-sylt\/wp-content\/uploads\/2020\/10\/3D20DAF7-FADE-43A6-A9CF-8305779DDBF9.jpeg\" alt=\"\" width=\"1411\" height=\"1059\" srcset=\"https:\/\/jessel.de\/365-tage-sylt\/wp-content\/uploads\/2020\/10\/3D20DAF7-FADE-43A6-A9CF-8305779DDBF9.jpeg 1411w, https:\/\/jessel.de\/365-tage-sylt\/wp-content\/uploads\/2020\/10\/3D20DAF7-FADE-43A6-A9CF-8305779DDBF9-300x225.jpeg 300w, https:\/\/jessel.de\/365-tage-sylt\/wp-content\/uploads\/2020\/10\/3D20DAF7-FADE-43A6-A9CF-8305779DDBF9-1024x769.jpeg 1024w, https:\/\/jessel.de\/365-tage-sylt\/wp-content\/uploads\/2020\/10\/3D20DAF7-FADE-43A6-A9CF-8305779DDBF9-768x576.jpeg 768w\" sizes=\"auto, (max-width: 1411px) 100vw, 1411px\" \/>Foto: Regula<\/p>\n<p>Zun\u00e4chst gibt es einige schwierige Passagen durch dickeren Schnee und \u00fcber Eisfl\u00e4chen zu \u00fcberwinden, und hier sind wir nun die ersten, die diese Strecke bewandern, bis zur Baumgrenze:<\/p>\n<p><img loading=\"lazy\" decoding=\"async\" class=\"alignnone size-full wp-image-7681\" src=\"https:\/\/jessel.de\/365-tage-sylt\/wp-content\/uploads\/2020\/10\/B1BF8CA4-D7CE-4229-95C2-283192CC0C96.jpeg\" alt=\"\" width=\"1411\" height=\"1059\" srcset=\"https:\/\/jessel.de\/365-tage-sylt\/wp-content\/uploads\/2020\/10\/B1BF8CA4-D7CE-4229-95C2-283192CC0C96.jpeg 1411w, https:\/\/jessel.de\/365-tage-sylt\/wp-content\/uploads\/2020\/10\/B1BF8CA4-D7CE-4229-95C2-283192CC0C96-300x225.jpeg 300w, https:\/\/jessel.de\/365-tage-sylt\/wp-content\/uploads\/2020\/10\/B1BF8CA4-D7CE-4229-95C2-283192CC0C96-1024x769.jpeg 1024w, https:\/\/jessel.de\/365-tage-sylt\/wp-content\/uploads\/2020\/10\/B1BF8CA4-D7CE-4229-95C2-283192CC0C96-768x576.jpeg 768w\" sizes=\"auto, (max-width: 1411px) 100vw, 1411px\" \/><\/p>\n<p>&#8230; von wo aus wir fasziniert auf die m\u00e4chtigen Seitenmor\u00e4nen des Tschierva-Gletschers schauen:<\/p>\n<p><img loading=\"lazy\" decoding=\"async\" class=\"alignnone size-full wp-image-7680\" src=\"https:\/\/jessel.de\/365-tage-sylt\/wp-content\/uploads\/2020\/10\/D8E3FC13-F44F-466B-883E-4FA12A0F9CA4.jpeg\" alt=\"\" width=\"1411\" height=\"1059\" srcset=\"https:\/\/jessel.de\/365-tage-sylt\/wp-content\/uploads\/2020\/10\/D8E3FC13-F44F-466B-883E-4FA12A0F9CA4.jpeg 1411w, https:\/\/jessel.de\/365-tage-sylt\/wp-content\/uploads\/2020\/10\/D8E3FC13-F44F-466B-883E-4FA12A0F9CA4-300x225.jpeg 300w, https:\/\/jessel.de\/365-tage-sylt\/wp-content\/uploads\/2020\/10\/D8E3FC13-F44F-466B-883E-4FA12A0F9CA4-1024x769.jpeg 1024w, https:\/\/jessel.de\/365-tage-sylt\/wp-content\/uploads\/2020\/10\/D8E3FC13-F44F-466B-883E-4FA12A0F9CA4-768x576.jpeg 768w\" sizes=\"auto, (max-width: 1411px) 100vw, 1411px\" \/><\/p>\n<p>Urlandschaft in purestem Gewand! Nun wird es allerdings zunehmend strapazi\u00f6ser. Von der nun bereits mehr als zweist\u00fcndigen Abw\u00e4rts-Wanderei schmerzen uns die Knie, und das Wandern mit St\u00f6cken in diesem holprigen Gel\u00e4nde will auch gelernt sein:<\/p>\n<p><img loading=\"lazy\" decoding=\"async\" class=\"alignnone size-full wp-image-7684\" src=\"https:\/\/jessel.de\/365-tage-sylt\/wp-content\/uploads\/2020\/10\/18FD3510-4A4D-4D6E-BBA6-52EDDAD6D830.jpeg\" alt=\"\" width=\"1411\" height=\"1059\" srcset=\"https:\/\/jessel.de\/365-tage-sylt\/wp-content\/uploads\/2020\/10\/18FD3510-4A4D-4D6E-BBA6-52EDDAD6D830.jpeg 1411w, https:\/\/jessel.de\/365-tage-sylt\/wp-content\/uploads\/2020\/10\/18FD3510-4A4D-4D6E-BBA6-52EDDAD6D830-300x225.jpeg 300w, https:\/\/jessel.de\/365-tage-sylt\/wp-content\/uploads\/2020\/10\/18FD3510-4A4D-4D6E-BBA6-52EDDAD6D830-1024x769.jpeg 1024w, https:\/\/jessel.de\/365-tage-sylt\/wp-content\/uploads\/2020\/10\/18FD3510-4A4D-4D6E-BBA6-52EDDAD6D830-768x576.jpeg 768w\" sizes=\"auto, (max-width: 1411px) 100vw, 1411px\" \/><\/p>\n<p>Nach reichlich drei Stunden erreichen wir das Tal. Dort ist ein Picknick im warmen Sonnenlicht am Fluss angesagt&#8230;:<\/p>\n<p><img loading=\"lazy\" decoding=\"async\" class=\"alignnone size-full wp-image-7683\" src=\"https:\/\/jessel.de\/365-tage-sylt\/wp-content\/uploads\/2020\/10\/2C6842C4-7891-435E-89C1-35AAA0B55542.jpeg\" alt=\"\" width=\"1411\" height=\"1059\" srcset=\"https:\/\/jessel.de\/365-tage-sylt\/wp-content\/uploads\/2020\/10\/2C6842C4-7891-435E-89C1-35AAA0B55542.jpeg 1411w, https:\/\/jessel.de\/365-tage-sylt\/wp-content\/uploads\/2020\/10\/2C6842C4-7891-435E-89C1-35AAA0B55542-300x225.jpeg 300w, https:\/\/jessel.de\/365-tage-sylt\/wp-content\/uploads\/2020\/10\/2C6842C4-7891-435E-89C1-35AAA0B55542-1024x769.jpeg 1024w, https:\/\/jessel.de\/365-tage-sylt\/wp-content\/uploads\/2020\/10\/2C6842C4-7891-435E-89C1-35AAA0B55542-768x576.jpeg 768w\" sizes=\"auto, (max-width: 1411px) 100vw, 1411px\" \/><\/p>\n<p>Danach stehen noch zwei Wanderstunden zur\u00fcck nach Pontresina auf dem Programm, mit traumhaften R\u00fcckblicken in die verschneiten Berge:<\/p>\n<p><img loading=\"lazy\" decoding=\"async\" class=\"alignnone size-full wp-image-7682\" src=\"https:\/\/jessel.de\/365-tage-sylt\/wp-content\/uploads\/2020\/10\/E298A128-4716-4879-9A17-E3AF246D09A2.jpeg\" alt=\"\" width=\"1411\" height=\"815\" srcset=\"https:\/\/jessel.de\/365-tage-sylt\/wp-content\/uploads\/2020\/10\/E298A128-4716-4879-9A17-E3AF246D09A2.jpeg 1411w, https:\/\/jessel.de\/365-tage-sylt\/wp-content\/uploads\/2020\/10\/E298A128-4716-4879-9A17-E3AF246D09A2-300x173.jpeg 300w, https:\/\/jessel.de\/365-tage-sylt\/wp-content\/uploads\/2020\/10\/E298A128-4716-4879-9A17-E3AF246D09A2-1024x591.jpeg 1024w, https:\/\/jessel.de\/365-tage-sylt\/wp-content\/uploads\/2020\/10\/E298A128-4716-4879-9A17-E3AF246D09A2-768x444.jpeg 768w\" sizes=\"auto, (max-width: 1411px) 100vw, 1411px\" \/><\/p>\n<p>WAS f\u00fcr eine Wanderung! Zur Belohnung und auf Wunsch eines einzelnen Herren gibt\u02cbs am Abend nochmals Gschwellti mit Ch\u00e4\u00e4s (und verschiedenen anderen Schweizer Spezialit\u00e4ten&#8230;) &#8211; herrlich! Dazu einen Aigle Les Murailles &#8211; noch herrlicher:<\/p>\n<p><img loading=\"lazy\" decoding=\"async\" class=\"alignnone size-full wp-image-7694\" src=\"https:\/\/jessel.de\/365-tage-sylt\/wp-content\/uploads\/2020\/10\/B795646F-645D-4602-BA70-A83F3331C4C9.jpeg\" alt=\"\" width=\"800\" height=\"1067\" srcset=\"https:\/\/jessel.de\/365-tage-sylt\/wp-content\/uploads\/2020\/10\/B795646F-645D-4602-BA70-A83F3331C4C9.jpeg 800w, https:\/\/jessel.de\/365-tage-sylt\/wp-content\/uploads\/2020\/10\/B795646F-645D-4602-BA70-A83F3331C4C9-225x300.jpeg 225w, https:\/\/jessel.de\/365-tage-sylt\/wp-content\/uploads\/2020\/10\/B795646F-645D-4602-BA70-A83F3331C4C9-768x1024.jpeg 768w\" sizes=\"auto, (max-width: 800px) 100vw, 800px\" \/><\/p>\n","protected":false},"excerpt":{"rendered":"<p>Willkommen im Winter, liebe Freunde der Gebirgswelt. Heute geht es bergab, und zwar vom Feinsten! Wunderbares klares Frostwetter beim Start mit dem Bus nach Surlej um 8:30 Uhr, dann mit der Gondel hoch auf 2.700m zur mittleren Station \u201eMurt\u00e8l am Corvatsch-Gletscher. Los geht\u2019s: Es ist meine erste(!) Ber\u00fchrung mit der hochalpinen Bergwelt im Wintergewand. Regula, die perfekte und superumsichtige Bergf\u00fchrerin&#8230;: &#8230;hat mir zwei Walking-Sticks verordnet, die sich als \u00e4u\u00dferst praktikabel&hellip;<\/p>\n","protected":false},"author":2,"featured_media":7678,"comment_status":"open","ping_status":"open","sticky":false,"template":"","format":"standard","meta":{"footnotes":""},"categories":[27,39,48,3,4,2,30,33],"tags":[],"class_list":["post-7675","post","type-post","status-publish","format-standard","has-post-thumbnail","hentry","category-alle-bilder","category-arbeit","category-herbst","category-menschen","category-spuren","category-tourismus","category-tradition","category-woanders"],"jetpack_featured_media_url":"https:\/\/jessel.de\/365-tage-sylt\/wp-content\/uploads\/2020\/10\/049B1E77-17CE-48A5-8E73-934F2A11FC3F.jpeg","_links":{"self":[{"href":"https:\/\/jessel.de\/365-tage-sylt\/wp-json\/wp\/v2\/posts\/7675","targetHints":{"allow":["GET"]}}],"collection":[{"href":"https:\/\/jessel.de\/365-tage-sylt\/wp-json\/wp\/v2\/posts"}],"about":[{"href":"https:\/\/jessel.de\/365-tage-sylt\/wp-json\/wp\/v2\/types\/post"}],"author":[{"embeddable":true,"href":"https:\/\/jessel.de\/365-tage-sylt\/wp-json\/wp\/v2\/users\/2"}],"replies":[{"embeddable":true,"href":"https:\/\/jessel.de\/365-tage-sylt\/wp-json\/wp\/v2\/comments?post=7675"}],"version-history":[{"count":13,"href":"https:\/\/jessel.de\/365-tage-sylt\/wp-json\/wp\/v2\/posts\/7675\/revisions"}],"predecessor-version":[{"id":7703,"href":"https:\/\/jessel.de\/365-tage-sylt\/wp-json\/wp\/v2\/posts\/7675\/revisions\/7703"}],"wp:featuredmedia":[{"embeddable":true,"href":"https:\/\/jessel.de\/365-tage-sylt\/wp-json\/wp\/v2\/media\/7678"}],"wp:attachment":[{"href":"https:\/\/jessel.de\/365-tage-sylt\/wp-json\/wp\/v2\/media?parent=7675"}],"wp:term":[{"taxonomy":"category","embeddable":true,"href":"https:\/\/jessel.de\/365-tage-sylt\/wp-json\/wp\/v2\/categories?post=7675"},{"taxonomy":"post_tag","embeddable":true,"href":"https:\/\/jessel.de\/365-tage-sylt\/wp-json\/wp\/v2\/tags?post=7675"}],"curies":[{"name":"wp","href":"https:\/\/api.w.org\/{rel}","templated":true}]}}