{"id":7748,"date":"2020-10-13T17:38:23","date_gmt":"2020-10-13T17:38:23","guid":{"rendered":"https:\/\/jessel.de\/365-tage-sylt\/?p=7748"},"modified":"2020-10-13T17:38:23","modified_gmt":"2020-10-13T17:38:23","slug":"13-oktober-ist-sylt-graesslich","status":"publish","type":"post","link":"https:\/\/jessel.de\/365-tage-sylt\/13-oktober-ist-sylt-graesslich\/","title":{"rendered":"13. Oktober: Ist Sylt gr\u00e4sslich?"},"content":{"rendered":"<p>Ich f\u00fchle mich nicht wohl nach meiner R\u00fcckkehr auf die Heimatinsel. Wie erwartet, ist es noch voller geworden. Gedr\u00e4nge, Schlangen, protziges \u201eIch first\u201c &#8211; Gehabe, \u00fcberall zuviele Menschen, die einfach nur nerven. Ich werde eines guten Tages zu denjenigen geh\u00f6ren, die Sylt verlassen, denn DAS, was sich in diesen Herbstwochen 2020 hier abspielt, ist nicht mehr mein Sylt. Dieses Sylt wird hier gerade zu Grabe getragen.<\/p>\n<p><img loading=\"lazy\" decoding=\"async\" class=\"alignnone size-full wp-image-7750\" src=\"https:\/\/jessel.de\/365-tage-sylt\/wp-content\/uploads\/2020\/10\/B51E3CB0-DF31-4D54-A3AC-AA32EE61D0FF.jpeg\" alt=\"\" width=\"1199\" height=\"800\" srcset=\"https:\/\/jessel.de\/365-tage-sylt\/wp-content\/uploads\/2020\/10\/B51E3CB0-DF31-4D54-A3AC-AA32EE61D0FF.jpeg 1199w, https:\/\/jessel.de\/365-tage-sylt\/wp-content\/uploads\/2020\/10\/B51E3CB0-DF31-4D54-A3AC-AA32EE61D0FF-300x200.jpeg 300w, https:\/\/jessel.de\/365-tage-sylt\/wp-content\/uploads\/2020\/10\/B51E3CB0-DF31-4D54-A3AC-AA32EE61D0FF-1024x683.jpeg 1024w, https:\/\/jessel.de\/365-tage-sylt\/wp-content\/uploads\/2020\/10\/B51E3CB0-DF31-4D54-A3AC-AA32EE61D0FF-768x512.jpeg 768w\" sizes=\"auto, (max-width: 1199px) 100vw, 1199px\" \/><\/p>\n","protected":false},"excerpt":{"rendered":"<p>Ich f\u00fchle mich nicht wohl nach meiner R\u00fcckkehr auf die Heimatinsel. Wie erwartet, ist es noch voller geworden. Gedr\u00e4nge, Schlangen, protziges \u201eIch first\u201c &#8211; Gehabe, \u00fcberall zuviele Menschen, die einfach nur nerven. Ich werde eines guten Tages zu denjenigen geh\u00f6ren, die Sylt verlassen, denn DAS, was sich in diesen Herbstwochen 2020 hier abspielt, ist nicht mehr mein Sylt. Dieses Sylt wird hier gerade zu Grabe getragen.<\/p>\n","protected":false},"author":2,"featured_media":7749,"comment_status":"open","ping_status":"open","sticky":false,"template":"","format":"standard","meta":{"footnotes":""},"categories":[27,28,48,43,3,2,7],"tags":[],"class_list":["post-7748","post","type-post","status-publish","format-standard","has-post-thumbnail","hentry","category-alle-bilder","category-haeuser","category-herbst","category-kulinarik","category-menschen","category-tourismus","category-westerland"],"jetpack_featured_media_url":"https:\/\/jessel.de\/365-tage-sylt\/wp-content\/uploads\/2020\/10\/54F2A5F0-21D5-4206-95E3-D11E40785F9B.jpeg","_links":{"self":[{"href":"https:\/\/jessel.de\/365-tage-sylt\/wp-json\/wp\/v2\/posts\/7748","targetHints":{"allow":["GET"]}}],"collection":[{"href":"https:\/\/jessel.de\/365-tage-sylt\/wp-json\/wp\/v2\/posts"}],"about":[{"href":"https:\/\/jessel.de\/365-tage-sylt\/wp-json\/wp\/v2\/types\/post"}],"author":[{"embeddable":true,"href":"https:\/\/jessel.de\/365-tage-sylt\/wp-json\/wp\/v2\/users\/2"}],"replies":[{"embeddable":true,"href":"https:\/\/jessel.de\/365-tage-sylt\/wp-json\/wp\/v2\/comments?post=7748"}],"version-history":[{"count":1,"href":"https:\/\/jessel.de\/365-tage-sylt\/wp-json\/wp\/v2\/posts\/7748\/revisions"}],"predecessor-version":[{"id":7751,"href":"https:\/\/jessel.de\/365-tage-sylt\/wp-json\/wp\/v2\/posts\/7748\/revisions\/7751"}],"wp:featuredmedia":[{"embeddable":true,"href":"https:\/\/jessel.de\/365-tage-sylt\/wp-json\/wp\/v2\/media\/7749"}],"wp:attachment":[{"href":"https:\/\/jessel.de\/365-tage-sylt\/wp-json\/wp\/v2\/media?parent=7748"}],"wp:term":[{"taxonomy":"category","embeddable":true,"href":"https:\/\/jessel.de\/365-tage-sylt\/wp-json\/wp\/v2\/categories?post=7748"},{"taxonomy":"post_tag","embeddable":true,"href":"https:\/\/jessel.de\/365-tage-sylt\/wp-json\/wp\/v2\/tags?post=7748"}],"curies":[{"name":"wp","href":"https:\/\/api.w.org\/{rel}","templated":true}]}}