{"id":7862,"date":"2020-11-04T19:50:41","date_gmt":"2020-11-04T19:50:41","guid":{"rendered":"https:\/\/jessel.de\/365-tage-sylt\/?p=7862"},"modified":"2020-11-04T19:50:41","modified_gmt":"2020-11-04T19:50:41","slug":"4-november-breaking-news-agenten-des-mossad","status":"publish","type":"post","link":"https:\/\/jessel.de\/365-tage-sylt\/4-november-breaking-news-agenten-des-mossad\/","title":{"rendered":"4. November: Breaking News: Agenten des Mossad&#8230;,"},"content":{"rendered":"<p>&#8230; verkleidet als \u201eAborigines of the island of Sylt\u201c \u00fcberqueren im Morgengrauen den Hindenburgdamm und verteilen sich im N\u00f6ssekoog. Land und Leute liegen noch in tiefem Corona-Schlummer&#8230;:<\/p>\n<p><img loading=\"lazy\" decoding=\"async\" class=\"alignnone size-full wp-image-7871\" src=\"https:\/\/jessel.de\/365-tage-sylt\/wp-content\/uploads\/2020\/11\/54E1004D-7A47-4EAA-97CD-E59E740CC766.jpeg\" alt=\"\" width=\"1512\" height=\"800\" srcset=\"https:\/\/jessel.de\/365-tage-sylt\/wp-content\/uploads\/2020\/11\/54E1004D-7A47-4EAA-97CD-E59E740CC766.jpeg 1512w, https:\/\/jessel.de\/365-tage-sylt\/wp-content\/uploads\/2020\/11\/54E1004D-7A47-4EAA-97CD-E59E740CC766-300x159.jpeg 300w, https:\/\/jessel.de\/365-tage-sylt\/wp-content\/uploads\/2020\/11\/54E1004D-7A47-4EAA-97CD-E59E740CC766-1024x542.jpeg 1024w, https:\/\/jessel.de\/365-tage-sylt\/wp-content\/uploads\/2020\/11\/54E1004D-7A47-4EAA-97CD-E59E740CC766-768x406.jpeg 768w\" sizes=\"auto, (max-width: 1512px) 100vw, 1512px\" \/><\/p>\n<p>&#8230; als sich die Israelische Elite-Einheit bereits durch un\u00fcbersichtliche Schilffl\u00e4chen k\u00e4mpft&#8230;:<\/p>\n<p><img loading=\"lazy\" decoding=\"async\" class=\"alignnone size-full wp-image-7868\" src=\"https:\/\/jessel.de\/365-tage-sylt\/wp-content\/uploads\/2020\/11\/55A0D6FF-5039-44FF-9D43-5FE3F75F3BF2.jpeg\" alt=\"\" width=\"1605\" height=\"800\" srcset=\"https:\/\/jessel.de\/365-tage-sylt\/wp-content\/uploads\/2020\/11\/55A0D6FF-5039-44FF-9D43-5FE3F75F3BF2.jpeg 1605w, https:\/\/jessel.de\/365-tage-sylt\/wp-content\/uploads\/2020\/11\/55A0D6FF-5039-44FF-9D43-5FE3F75F3BF2-300x150.jpeg 300w, https:\/\/jessel.de\/365-tage-sylt\/wp-content\/uploads\/2020\/11\/55A0D6FF-5039-44FF-9D43-5FE3F75F3BF2-1024x510.jpeg 1024w, https:\/\/jessel.de\/365-tage-sylt\/wp-content\/uploads\/2020\/11\/55A0D6FF-5039-44FF-9D43-5FE3F75F3BF2-768x383.jpeg 768w, https:\/\/jessel.de\/365-tage-sylt\/wp-content\/uploads\/2020\/11\/55A0D6FF-5039-44FF-9D43-5FE3F75F3BF2-1536x766.jpeg 1536w\" sizes=\"auto, (max-width: 1605px) 100vw, 1605px\" \/><\/p>\n<p>&#8230; auf der Suche nach dem nun leerstehenden 5-Sterne &#8211; Hotel hoch oben \u00fcber dem Morsum Kliff, das nach dem Willen des alten (und neuen) US Pr\u00e4sidenten zu einem Guantanamo- Ableger entwickelt werden soll.<\/p>\n<p>Seit dem 7-Tage-Krieg geschult, teilt sich das 4-k\u00f6pfige Mossad-Vorkommando bald in Corona-gerechte Zweiergruppen auf&#8230;:<\/p>\n<p><img loading=\"lazy\" decoding=\"async\" class=\"alignnone size-full wp-image-7867\" src=\"https:\/\/jessel.de\/365-tage-sylt\/wp-content\/uploads\/2020\/11\/BCD32549-8C2A-4CC5-9D5D-42AF674AC278.jpeg\" alt=\"\" width=\"1202\" height=\"800\" srcset=\"https:\/\/jessel.de\/365-tage-sylt\/wp-content\/uploads\/2020\/11\/BCD32549-8C2A-4CC5-9D5D-42AF674AC278.jpeg 1202w, https:\/\/jessel.de\/365-tage-sylt\/wp-content\/uploads\/2020\/11\/BCD32549-8C2A-4CC5-9D5D-42AF674AC278-300x200.jpeg 300w, https:\/\/jessel.de\/365-tage-sylt\/wp-content\/uploads\/2020\/11\/BCD32549-8C2A-4CC5-9D5D-42AF674AC278-1024x682.jpeg 1024w, https:\/\/jessel.de\/365-tage-sylt\/wp-content\/uploads\/2020\/11\/BCD32549-8C2A-4CC5-9D5D-42AF674AC278-768x511.jpeg 768w\" sizes=\"auto, (max-width: 1202px) 100vw, 1202px\" \/><\/p>\n<p>&#8230; bestaunt von den diesbez\u00fcglich weniger bewanderten Bewohnern der Deiche, die dem Treiben gerne zuschauen:<\/p>\n<p><img loading=\"lazy\" decoding=\"async\" class=\"alignnone size-full wp-image-7870\" src=\"https:\/\/jessel.de\/365-tage-sylt\/wp-content\/uploads\/2020\/11\/78D4A7DB-8F43-4F5C-B1C0-32DF588A502B.jpeg\" alt=\"\" width=\"1534\" height=\"800\" srcset=\"https:\/\/jessel.de\/365-tage-sylt\/wp-content\/uploads\/2020\/11\/78D4A7DB-8F43-4F5C-B1C0-32DF588A502B.jpeg 1534w, https:\/\/jessel.de\/365-tage-sylt\/wp-content\/uploads\/2020\/11\/78D4A7DB-8F43-4F5C-B1C0-32DF588A502B-300x156.jpeg 300w, https:\/\/jessel.de\/365-tage-sylt\/wp-content\/uploads\/2020\/11\/78D4A7DB-8F43-4F5C-B1C0-32DF588A502B-1024x534.jpeg 1024w, https:\/\/jessel.de\/365-tage-sylt\/wp-content\/uploads\/2020\/11\/78D4A7DB-8F43-4F5C-B1C0-32DF588A502B-768x401.jpeg 768w\" sizes=\"auto, (max-width: 1534px) 100vw, 1534px\" \/><\/p>\n<p>Gut, dass es einen Blogger gibt&#8230;:<\/p>\n<p><img loading=\"lazy\" decoding=\"async\" class=\"alignnone size-full wp-image-7858\" src=\"https:\/\/jessel.de\/365-tage-sylt\/wp-content\/uploads\/2020\/11\/639CA04A-72BF-4FEA-8212-FC2E70373582.jpeg\" alt=\"\" width=\"600\" height=\"800\" srcset=\"https:\/\/jessel.de\/365-tage-sylt\/wp-content\/uploads\/2020\/11\/639CA04A-72BF-4FEA-8212-FC2E70373582.jpeg 600w, https:\/\/jessel.de\/365-tage-sylt\/wp-content\/uploads\/2020\/11\/639CA04A-72BF-4FEA-8212-FC2E70373582-225x300.jpeg 225w\" sizes=\"auto, (max-width: 600px) 100vw, 600px\" \/><\/p>\n<p>&#8230; der sich pers\u00f6nlich an den Anf\u00fchrer der Truppe, Mr. Moshe L. Kogh, wendet, um n\u00e4here Informationen \u00fcber den Einsatz zu erfahren. Allerdings ist Herr Kogh sehr fotoscheu und die Jungs und M\u00e4dels flinker als gedacht, so dass das Foto leider nicht zustande kommt:<\/p>\n<p><img loading=\"lazy\" decoding=\"async\" class=\"alignnone size-full wp-image-7866\" src=\"https:\/\/jessel.de\/365-tage-sylt\/wp-content\/uploads\/2020\/11\/538AA77C-7039-42A9-A478-F1609776E2CF.jpeg\" alt=\"\" width=\"1202\" height=\"800\" srcset=\"https:\/\/jessel.de\/365-tage-sylt\/wp-content\/uploads\/2020\/11\/538AA77C-7039-42A9-A478-F1609776E2CF.jpeg 1202w, https:\/\/jessel.de\/365-tage-sylt\/wp-content\/uploads\/2020\/11\/538AA77C-7039-42A9-A478-F1609776E2CF-300x200.jpeg 300w, https:\/\/jessel.de\/365-tage-sylt\/wp-content\/uploads\/2020\/11\/538AA77C-7039-42A9-A478-F1609776E2CF-1024x682.jpeg 1024w, https:\/\/jessel.de\/365-tage-sylt\/wp-content\/uploads\/2020\/11\/538AA77C-7039-42A9-A478-F1609776E2CF-768x511.jpeg 768w\" sizes=\"auto, (max-width: 1202px) 100vw, 1202px\" \/><\/p>\n<p>Immerhin erfahre ich, dass \u00fcber Nacht weitere Elite-K\u00e4mpfer auf die Insel kommen sollen, um die Unternehmung zu einem raschen Erfolg zu f\u00fchren.<\/p>\n<p><img loading=\"lazy\" decoding=\"async\" class=\"size-full wp-image-7865\" src=\"https:\/\/jessel.de\/365-tage-sylt\/wp-content\/uploads\/2020\/11\/80AEBEB7-ED1B-4931-9D39-F3F3C2FC425D.jpeg\" alt=\"\" width=\"1067\" height=\"800\" srcset=\"https:\/\/jessel.de\/365-tage-sylt\/wp-content\/uploads\/2020\/11\/80AEBEB7-ED1B-4931-9D39-F3F3C2FC425D.jpeg 1067w, https:\/\/jessel.de\/365-tage-sylt\/wp-content\/uploads\/2020\/11\/80AEBEB7-ED1B-4931-9D39-F3F3C2FC425D-300x225.jpeg 300w, https:\/\/jessel.de\/365-tage-sylt\/wp-content\/uploads\/2020\/11\/80AEBEB7-ED1B-4931-9D39-F3F3C2FC425D-1024x768.jpeg 1024w, https:\/\/jessel.de\/365-tage-sylt\/wp-content\/uploads\/2020\/11\/80AEBEB7-ED1B-4931-9D39-F3F3C2FC425D-768x576.jpeg 768w\" sizes=\"auto, (max-width: 1067px) 100vw, 1067px\" \/><\/p>\n<p>Das Basislager wird in der Inselmetropole eingerichtet. Dort fallen die etwas komisch sprechenden Geheimdienstmitarbeiter nicht so auf:<\/p>\n<p><img loading=\"lazy\" decoding=\"async\" class=\"size-full wp-image-7863\" src=\"https:\/\/jessel.de\/365-tage-sylt\/wp-content\/uploads\/2020\/11\/C09EFC25-0610-4CBE-8A60-E666C9A4495A.jpeg\" alt=\"\" width=\"1067\" height=\"800\" srcset=\"https:\/\/jessel.de\/365-tage-sylt\/wp-content\/uploads\/2020\/11\/C09EFC25-0610-4CBE-8A60-E666C9A4495A.jpeg 1067w, https:\/\/jessel.de\/365-tage-sylt\/wp-content\/uploads\/2020\/11\/C09EFC25-0610-4CBE-8A60-E666C9A4495A-300x225.jpeg 300w, https:\/\/jessel.de\/365-tage-sylt\/wp-content\/uploads\/2020\/11\/C09EFC25-0610-4CBE-8A60-E666C9A4495A-1024x768.jpeg 1024w, https:\/\/jessel.de\/365-tage-sylt\/wp-content\/uploads\/2020\/11\/C09EFC25-0610-4CBE-8A60-E666C9A4495A-768x576.jpeg 768w\" sizes=\"auto, (max-width: 1067px) 100vw, 1067px\" \/><\/p>\n<p>NEWS: Mittlerweile sind die Inselpolitiker hellh\u00f6rig geworden. In Zeiten schw\u00e4chelnder Touristenzahlen k\u00e4me eine praxisgerechte Umnutzung der leerstehenden Bettenkapazit\u00e4ten doch gerade recht, vernehmen wir&#8230;. und bleiben dran. Versprochen!<\/p>\n","protected":false},"excerpt":{"rendered":"<p>&#8230; verkleidet als \u201eAborigines of the island of Sylt\u201c \u00fcberqueren im Morgengrauen den Hindenburgdamm und verteilen sich im N\u00f6ssekoog. Land und Leute liegen noch in tiefem Corona-Schlummer&#8230;: &#8230; als sich die Israelische Elite-Einheit bereits durch un\u00fcbersichtliche Schilffl\u00e4chen k\u00e4mpft&#8230;: &#8230; auf der Suche nach dem nun leerstehenden 5-Sterne &#8211; Hotel hoch oben \u00fcber dem Morsum Kliff, das nach dem Willen des alten (und neuen) US Pr\u00e4sidenten zu einem Guantanamo- Ableger entwickelt&hellip;<\/p>\n","protected":false},"author":2,"featured_media":7864,"comment_status":"open","ping_status":"open","sticky":false,"template":"","format":"standard","meta":{"footnotes":""},"categories":[27,45,48,3,22,29],"tags":[],"class_list":["post-7862","post","type-post","status-publish","format-standard","has-post-thumbnail","hentry","category-alle-bilder","category-fake-news","category-herbst","category-menschen","category-morsum","category-verkehr"],"jetpack_featured_media_url":"https:\/\/jessel.de\/365-tage-sylt\/wp-content\/uploads\/2020\/11\/6FB3080E-4E16-4C96-A992-11BB52474EE7.jpeg","_links":{"self":[{"href":"https:\/\/jessel.de\/365-tage-sylt\/wp-json\/wp\/v2\/posts\/7862","targetHints":{"allow":["GET"]}}],"collection":[{"href":"https:\/\/jessel.de\/365-tage-sylt\/wp-json\/wp\/v2\/posts"}],"about":[{"href":"https:\/\/jessel.de\/365-tage-sylt\/wp-json\/wp\/v2\/types\/post"}],"author":[{"embeddable":true,"href":"https:\/\/jessel.de\/365-tage-sylt\/wp-json\/wp\/v2\/users\/2"}],"replies":[{"embeddable":true,"href":"https:\/\/jessel.de\/365-tage-sylt\/wp-json\/wp\/v2\/comments?post=7862"}],"version-history":[{"count":1,"href":"https:\/\/jessel.de\/365-tage-sylt\/wp-json\/wp\/v2\/posts\/7862\/revisions"}],"predecessor-version":[{"id":7872,"href":"https:\/\/jessel.de\/365-tage-sylt\/wp-json\/wp\/v2\/posts\/7862\/revisions\/7872"}],"wp:featuredmedia":[{"embeddable":true,"href":"https:\/\/jessel.de\/365-tage-sylt\/wp-json\/wp\/v2\/media\/7864"}],"wp:attachment":[{"href":"https:\/\/jessel.de\/365-tage-sylt\/wp-json\/wp\/v2\/media?parent=7862"}],"wp:term":[{"taxonomy":"category","embeddable":true,"href":"https:\/\/jessel.de\/365-tage-sylt\/wp-json\/wp\/v2\/categories?post=7862"},{"taxonomy":"post_tag","embeddable":true,"href":"https:\/\/jessel.de\/365-tage-sylt\/wp-json\/wp\/v2\/tags?post=7862"}],"curies":[{"name":"wp","href":"https:\/\/api.w.org\/{rel}","templated":true}]}}