{"id":7892,"date":"2020-11-10T17:02:13","date_gmt":"2020-11-10T17:02:13","guid":{"rendered":"https:\/\/jessel.de\/365-tage-sylt\/?p=7892"},"modified":"2020-11-10T17:04:25","modified_gmt":"2020-11-10T17:04:25","slug":"9-november-ausstellungsaufbau-in-hamburg","status":"publish","type":"post","link":"https:\/\/jessel.de\/365-tage-sylt\/9-november-ausstellungsaufbau-in-hamburg\/","title":{"rendered":"9. November: Ausstellungsaufbau in Hamburg"},"content":{"rendered":"<p>Punkt 9 Uhr fahre ich am Haupteingang der Elbschloss Residenz vor:<\/p>\n<p><img loading=\"lazy\" decoding=\"async\" class=\"alignnone size-full wp-image-7894\" src=\"https:\/\/jessel.de\/365-tage-sylt\/wp-content\/uploads\/2020\/11\/4240A3C6-1094-44A2-A192-285AA49D07AB.jpeg\" alt=\"\" width=\"1077\" height=\"808\" srcset=\"https:\/\/jessel.de\/365-tage-sylt\/wp-content\/uploads\/2020\/11\/4240A3C6-1094-44A2-A192-285AA49D07AB.jpeg 1077w, https:\/\/jessel.de\/365-tage-sylt\/wp-content\/uploads\/2020\/11\/4240A3C6-1094-44A2-A192-285AA49D07AB-300x225.jpeg 300w, https:\/\/jessel.de\/365-tage-sylt\/wp-content\/uploads\/2020\/11\/4240A3C6-1094-44A2-A192-285AA49D07AB-1024x768.jpeg 1024w, https:\/\/jessel.de\/365-tage-sylt\/wp-content\/uploads\/2020\/11\/4240A3C6-1094-44A2-A192-285AA49D07AB-768x576.jpeg 768w\" sizes=\"auto, (max-width: 1077px) 100vw, 1077px\" \/><\/p>\n<p>Nur wenige Minuten sp\u00e4ter erscheint Lars auf der Matte, der f\u00fcr die Fotos des heutigen Blogs verantwortlich zeichnet.<\/p>\n<p>Das H\u00e4ngen meiner Fotos geht echt flott, und da Lars mich um Hauptesh\u00f6he \u00fcberragt, und somit auch ohne Trittleiter bis zu den Galerieschienen hochfingern kann, f\u00fchrt er passgerecht meine Regieanweisungen aus &#8211; ohne zu murren. Sch\u00f6nes Arbeiten! \ud83d\ude09<\/p>\n<p>Die Feinarbeiten, sprich die Nummerierung der Bilder, \u00fcbernehme ich dann h\u00f6chstselbst:<\/p>\n<p><img loading=\"lazy\" decoding=\"async\" class=\"alignnone size-full wp-image-7893\" src=\"https:\/\/jessel.de\/365-tage-sylt\/wp-content\/uploads\/2020\/11\/DE683C75-194E-4C28-8A7A-6A02F95C2099.jpeg\" alt=\"\" width=\"1077\" height=\"808\" srcset=\"https:\/\/jessel.de\/365-tage-sylt\/wp-content\/uploads\/2020\/11\/DE683C75-194E-4C28-8A7A-6A02F95C2099.jpeg 1077w, https:\/\/jessel.de\/365-tage-sylt\/wp-content\/uploads\/2020\/11\/DE683C75-194E-4C28-8A7A-6A02F95C2099-300x225.jpeg 300w, https:\/\/jessel.de\/365-tage-sylt\/wp-content\/uploads\/2020\/11\/DE683C75-194E-4C28-8A7A-6A02F95C2099-1024x768.jpeg 1024w, https:\/\/jessel.de\/365-tage-sylt\/wp-content\/uploads\/2020\/11\/DE683C75-194E-4C28-8A7A-6A02F95C2099-768x576.jpeg 768w\" sizes=\"auto, (max-width: 1077px) 100vw, 1077px\" \/><\/p>\n<p>Unser Ausstellungsgang ist sage und schreibe 190 Meter lang. Wir h\u00e4ngen heute ca. 80 Meter mit meinen Fotografien sowie einen Teil der \u201eGemischten Zone\u201c (30 Meter), in der wir einige Highlights unserer Westerl\u00e4nder Ausstellung als Bildpaarungen gegen\u00fcber stellen. Am Mittwoch dann kommen Lars\u02cb Gem\u00e4lde im hinteren Teil des Ganges an die Wand.<\/p>\n<p>Um 12:45 Uhr sind wir bereits fertig &#8211; f\u00fcr heute. Tadaaaa:<\/p>\n<p><img loading=\"lazy\" decoding=\"async\" class=\"alignnone size-full wp-image-7895\" src=\"https:\/\/jessel.de\/365-tage-sylt\/wp-content\/uploads\/2020\/11\/45167217-5C2C-4A63-8BB7-05BCAA121D6E.jpeg\" alt=\"\" width=\"1077\" height=\"808\" srcset=\"https:\/\/jessel.de\/365-tage-sylt\/wp-content\/uploads\/2020\/11\/45167217-5C2C-4A63-8BB7-05BCAA121D6E.jpeg 1077w, https:\/\/jessel.de\/365-tage-sylt\/wp-content\/uploads\/2020\/11\/45167217-5C2C-4A63-8BB7-05BCAA121D6E-300x225.jpeg 300w, https:\/\/jessel.de\/365-tage-sylt\/wp-content\/uploads\/2020\/11\/45167217-5C2C-4A63-8BB7-05BCAA121D6E-1024x768.jpeg 1024w, https:\/\/jessel.de\/365-tage-sylt\/wp-content\/uploads\/2020\/11\/45167217-5C2C-4A63-8BB7-05BCAA121D6E-768x576.jpeg 768w\" sizes=\"auto, (max-width: 1077px) 100vw, 1077px\" \/><\/p>\n<p>Ganz(!) erfreulich sind die Resonanzen der Residenz-Bewohner, die sich nicht nur als langj\u00e4hrige Sylt-Fans outen, sondern auch mit allerlei Fachwissen in Sachen Fotografie zu punkten wissen.<\/p>\n<p>Wir verlassen das gastliche Haus in der festen \u00dcberzeugung, hier einen gro\u00dfartigen Ausstellungsort gefunden zu haben. Als ich Lars anl\u00e4sslich seiner letzten, au\u00dferordentlich erfolgreichen Ausstellung an gleicher Stelle vor zwei Jahren besuchte, schmiedeten wir das erste Mal den Plan, hier etwas Gemeinsames auf die Beine zu stellen. Nun ist es, wenn auch unter erschwerten Bedingungen, endlich soweit.<\/p>\n<p>&nbsp;<\/p>\n","protected":false},"excerpt":{"rendered":"<p>Punkt 9 Uhr fahre ich am Haupteingang der Elbschloss Residenz vor: Nur wenige Minuten sp\u00e4ter erscheint Lars auf der Matte, der f\u00fcr die Fotos des heutigen Blogs verantwortlich zeichnet. Das H\u00e4ngen meiner Fotos geht echt flott, und da Lars mich um Hauptesh\u00f6he \u00fcberragt, und somit auch ohne Trittleiter bis zu den Galerieschienen hochfingern kann, f\u00fchrt er passgerecht meine Regieanweisungen aus &#8211; ohne zu murren. Sch\u00f6nes Arbeiten! \ud83d\ude09 Die Feinarbeiten, sprich&hellip;<\/p>\n","protected":false},"author":2,"featured_media":7896,"comment_status":"open","ping_status":"open","sticky":false,"template":"","format":"standard","meta":{"footnotes":""},"categories":[27,39,24,28,48,3,44,4,29,33],"tags":[],"class_list":["post-7892","post","type-post","status-publish","format-standard","has-post-thumbnail","hentry","category-alle-bilder","category-arbeit","category-duenen","category-haeuser","category-herbst","category-menschen","category-pflanzen","category-spuren","category-verkehr","category-woanders"],"jetpack_featured_media_url":"https:\/\/jessel.de\/365-tage-sylt\/wp-content\/uploads\/2020\/11\/860CAAED-DD5C-47C0-94B7-BD372457E77F.jpeg","_links":{"self":[{"href":"https:\/\/jessel.de\/365-tage-sylt\/wp-json\/wp\/v2\/posts\/7892","targetHints":{"allow":["GET"]}}],"collection":[{"href":"https:\/\/jessel.de\/365-tage-sylt\/wp-json\/wp\/v2\/posts"}],"about":[{"href":"https:\/\/jessel.de\/365-tage-sylt\/wp-json\/wp\/v2\/types\/post"}],"author":[{"embeddable":true,"href":"https:\/\/jessel.de\/365-tage-sylt\/wp-json\/wp\/v2\/users\/2"}],"replies":[{"embeddable":true,"href":"https:\/\/jessel.de\/365-tage-sylt\/wp-json\/wp\/v2\/comments?post=7892"}],"version-history":[{"count":1,"href":"https:\/\/jessel.de\/365-tage-sylt\/wp-json\/wp\/v2\/posts\/7892\/revisions"}],"predecessor-version":[{"id":7897,"href":"https:\/\/jessel.de\/365-tage-sylt\/wp-json\/wp\/v2\/posts\/7892\/revisions\/7897"}],"wp:featuredmedia":[{"embeddable":true,"href":"https:\/\/jessel.de\/365-tage-sylt\/wp-json\/wp\/v2\/media\/7896"}],"wp:attachment":[{"href":"https:\/\/jessel.de\/365-tage-sylt\/wp-json\/wp\/v2\/media?parent=7892"}],"wp:term":[{"taxonomy":"category","embeddable":true,"href":"https:\/\/jessel.de\/365-tage-sylt\/wp-json\/wp\/v2\/categories?post=7892"},{"taxonomy":"post_tag","embeddable":true,"href":"https:\/\/jessel.de\/365-tage-sylt\/wp-json\/wp\/v2\/tags?post=7892"}],"curies":[{"name":"wp","href":"https:\/\/api.w.org\/{rel}","templated":true}]}}