{"id":8284,"date":"2021-01-25T19:36:02","date_gmt":"2021-01-25T19:36:02","guid":{"rendered":"https:\/\/jessel.de\/365-tage-sylt\/?p=8284"},"modified":"2021-01-25T19:38:09","modified_gmt":"2021-01-25T19:38:09","slug":"25-januar-donnerlittchen","status":"publish","type":"post","link":"https:\/\/jessel.de\/365-tage-sylt\/25-januar-donnerlittchen\/","title":{"rendered":"25. Januar: Donnerlittchen!"},"content":{"rendered":"<p>Was f\u00fcr ein Tag! Dabei geht es verhalten los. Morgens schiebt sich eine stabile Wolkenfront p\u00fcnktlich zum Sonnenaufgang vors Firmament, und das ganze Drama kann sich erst zum Nachmittag entfalten&#8230; dann aber so richtig: Wundersch\u00f6ne Schnee-Vorh\u00e4nge ziehen in Fussg\u00e4ngertempo vor der Westk\u00fcste entlang&#8230;:<\/p>\n<p><img loading=\"lazy\" decoding=\"async\" class=\"alignnone size-full wp-image-8291\" src=\"https:\/\/jessel.de\/365-tage-sylt\/wp-content\/uploads\/2021\/01\/1B087BE8-D35B-499A-914A-B74DD6EAD030.jpeg\" alt=\"\" width=\"1204\" height=\"800\" srcset=\"https:\/\/jessel.de\/365-tage-sylt\/wp-content\/uploads\/2021\/01\/1B087BE8-D35B-499A-914A-B74DD6EAD030.jpeg 1204w, https:\/\/jessel.de\/365-tage-sylt\/wp-content\/uploads\/2021\/01\/1B087BE8-D35B-499A-914A-B74DD6EAD030-300x199.jpeg 300w, https:\/\/jessel.de\/365-tage-sylt\/wp-content\/uploads\/2021\/01\/1B087BE8-D35B-499A-914A-B74DD6EAD030-1024x680.jpeg 1024w, https:\/\/jessel.de\/365-tage-sylt\/wp-content\/uploads\/2021\/01\/1B087BE8-D35B-499A-914A-B74DD6EAD030-768x510.jpeg 768w\" sizes=\"auto, (max-width: 1204px) 100vw, 1204px\" \/><\/p>\n<p>&#8230; bei stechendklarer Sicht ein optischer Hochgenuss nach dem anderen:<\/p>\n<p><img loading=\"lazy\" decoding=\"async\" class=\"alignnone size-full wp-image-8287\" src=\"https:\/\/jessel.de\/365-tage-sylt\/wp-content\/uploads\/2021\/01\/6F408321-C5E9-402E-BF54-73B439CBEA62.jpeg\" alt=\"\" width=\"1204\" height=\"800\" srcset=\"https:\/\/jessel.de\/365-tage-sylt\/wp-content\/uploads\/2021\/01\/6F408321-C5E9-402E-BF54-73B439CBEA62.jpeg 1204w, https:\/\/jessel.de\/365-tage-sylt\/wp-content\/uploads\/2021\/01\/6F408321-C5E9-402E-BF54-73B439CBEA62-300x199.jpeg 300w, https:\/\/jessel.de\/365-tage-sylt\/wp-content\/uploads\/2021\/01\/6F408321-C5E9-402E-BF54-73B439CBEA62-1024x680.jpeg 1024w, https:\/\/jessel.de\/365-tage-sylt\/wp-content\/uploads\/2021\/01\/6F408321-C5E9-402E-BF54-73B439CBEA62-768x510.jpeg 768w\" sizes=\"auto, (max-width: 1204px) 100vw, 1204px\" \/><\/p>\n<p>Viele Menschen nutzen das bezaubernde Wetter f\u00fcr einen Strandspaziergang&#8230;:<\/p>\n<p><img loading=\"lazy\" decoding=\"async\" class=\"alignnone size-full wp-image-8289\" src=\"https:\/\/jessel.de\/365-tage-sylt\/wp-content\/uploads\/2021\/01\/88C3DC2A-D839-4B5F-A4C0-A6FC9BF6D32D.jpeg\" alt=\"\" width=\"1204\" height=\"800\" srcset=\"https:\/\/jessel.de\/365-tage-sylt\/wp-content\/uploads\/2021\/01\/88C3DC2A-D839-4B5F-A4C0-A6FC9BF6D32D.jpeg 1204w, https:\/\/jessel.de\/365-tage-sylt\/wp-content\/uploads\/2021\/01\/88C3DC2A-D839-4B5F-A4C0-A6FC9BF6D32D-300x199.jpeg 300w, https:\/\/jessel.de\/365-tage-sylt\/wp-content\/uploads\/2021\/01\/88C3DC2A-D839-4B5F-A4C0-A6FC9BF6D32D-1024x680.jpeg 1024w, https:\/\/jessel.de\/365-tage-sylt\/wp-content\/uploads\/2021\/01\/88C3DC2A-D839-4B5F-A4C0-A6FC9BF6D32D-768x510.jpeg 768w\" sizes=\"auto, (max-width: 1204px) 100vw, 1204px\" \/><\/p>\n<p>&#8230; und erst nach Sonnenuntergang bin ich (fast) alleine:<\/p>\n<p><img loading=\"lazy\" decoding=\"async\" class=\"alignnone size-full wp-image-8285\" src=\"https:\/\/jessel.de\/365-tage-sylt\/wp-content\/uploads\/2021\/01\/47E073BF-B2B2-4F89-8E1D-7C7C42C14C04.jpeg\" alt=\"\" width=\"1204\" height=\"800\" srcset=\"https:\/\/jessel.de\/365-tage-sylt\/wp-content\/uploads\/2021\/01\/47E073BF-B2B2-4F89-8E1D-7C7C42C14C04.jpeg 1204w, https:\/\/jessel.de\/365-tage-sylt\/wp-content\/uploads\/2021\/01\/47E073BF-B2B2-4F89-8E1D-7C7C42C14C04-300x199.jpeg 300w, https:\/\/jessel.de\/365-tage-sylt\/wp-content\/uploads\/2021\/01\/47E073BF-B2B2-4F89-8E1D-7C7C42C14C04-1024x680.jpeg 1024w, https:\/\/jessel.de\/365-tage-sylt\/wp-content\/uploads\/2021\/01\/47E073BF-B2B2-4F89-8E1D-7C7C42C14C04-768x510.jpeg 768w\" sizes=\"auto, (max-width: 1204px) 100vw, 1204px\" \/><\/p>\n<p>Das Tief vor der Westk\u00fcste zieht westlich an Sylt vorbei in Richtung S\u00fcdosten und wird ab heute Nacht besonders in Niedersachsen f\u00fcr Schneef\u00e4lle sorgen&#8230;:<\/p>\n<p><img loading=\"lazy\" decoding=\"async\" class=\"alignnone size-full wp-image-8286\" src=\"https:\/\/jessel.de\/365-tage-sylt\/wp-content\/uploads\/2021\/01\/893D8769-E6A1-4C20-9B00-95704E00ACC4.jpeg\" alt=\"\" width=\"1204\" height=\"800\" srcset=\"https:\/\/jessel.de\/365-tage-sylt\/wp-content\/uploads\/2021\/01\/893D8769-E6A1-4C20-9B00-95704E00ACC4.jpeg 1204w, https:\/\/jessel.de\/365-tage-sylt\/wp-content\/uploads\/2021\/01\/893D8769-E6A1-4C20-9B00-95704E00ACC4-300x199.jpeg 300w, https:\/\/jessel.de\/365-tage-sylt\/wp-content\/uploads\/2021\/01\/893D8769-E6A1-4C20-9B00-95704E00ACC4-1024x680.jpeg 1024w, https:\/\/jessel.de\/365-tage-sylt\/wp-content\/uploads\/2021\/01\/893D8769-E6A1-4C20-9B00-95704E00ACC4-768x510.jpeg 768w\" sizes=\"auto, (max-width: 1204px) 100vw, 1204px\" \/><\/p>\n<p>&#8230; und jede Menge spricht daf\u00fcr, dass es morgen nochmals einen gro\u00dfartigen Fototag gibt!<\/p>\n","protected":false},"excerpt":{"rendered":"<p>Was f\u00fcr ein Tag! Dabei geht es verhalten los. Morgens schiebt sich eine stabile Wolkenfront p\u00fcnktlich zum Sonnenaufgang vors Firmament, und das ganze Drama kann sich erst zum Nachmittag entfalten&#8230; dann aber so richtig: Wundersch\u00f6ne Schnee-Vorh\u00e4nge ziehen in Fussg\u00e4ngertempo vor der Westk\u00fcste entlang&#8230;: &#8230; bei stechendklarer Sicht ein optischer Hochgenuss nach dem anderen: Viele Menschen nutzen das bezaubernde Wetter f\u00fcr einen Strandspaziergang&#8230;: &#8230; und erst nach Sonnenuntergang bin ich (fast)&hellip;<\/p>\n","protected":false},"author":2,"featured_media":8288,"comment_status":"open","ping_status":"open","sticky":false,"template":"","format":"standard","meta":{"footnotes":""},"categories":[27,37,24,3,44,4,26,2,30,7,23],"tags":[],"class_list":["post-8284","post","type-post","status-publish","format-standard","has-post-thumbnail","hentry","category-alle-bilder","category-buhne","category-duenen","category-menschen","category-pflanzen","category-spuren","category-strand","category-tourismus","category-tradition","category-westerland","category-winter"],"jetpack_featured_media_url":"https:\/\/jessel.de\/365-tage-sylt\/wp-content\/uploads\/2021\/01\/77FAC2D9-8B2A-4C90-9CF0-728DBC9D318C.jpeg","_links":{"self":[{"href":"https:\/\/jessel.de\/365-tage-sylt\/wp-json\/wp\/v2\/posts\/8284","targetHints":{"allow":["GET"]}}],"collection":[{"href":"https:\/\/jessel.de\/365-tage-sylt\/wp-json\/wp\/v2\/posts"}],"about":[{"href":"https:\/\/jessel.de\/365-tage-sylt\/wp-json\/wp\/v2\/types\/post"}],"author":[{"embeddable":true,"href":"https:\/\/jessel.de\/365-tage-sylt\/wp-json\/wp\/v2\/users\/2"}],"replies":[{"embeddable":true,"href":"https:\/\/jessel.de\/365-tage-sylt\/wp-json\/wp\/v2\/comments?post=8284"}],"version-history":[{"count":3,"href":"https:\/\/jessel.de\/365-tage-sylt\/wp-json\/wp\/v2\/posts\/8284\/revisions"}],"predecessor-version":[{"id":8294,"href":"https:\/\/jessel.de\/365-tage-sylt\/wp-json\/wp\/v2\/posts\/8284\/revisions\/8294"}],"wp:featuredmedia":[{"embeddable":true,"href":"https:\/\/jessel.de\/365-tage-sylt\/wp-json\/wp\/v2\/media\/8288"}],"wp:attachment":[{"href":"https:\/\/jessel.de\/365-tage-sylt\/wp-json\/wp\/v2\/media?parent=8284"}],"wp:term":[{"taxonomy":"category","embeddable":true,"href":"https:\/\/jessel.de\/365-tage-sylt\/wp-json\/wp\/v2\/categories?post=8284"},{"taxonomy":"post_tag","embeddable":true,"href":"https:\/\/jessel.de\/365-tage-sylt\/wp-json\/wp\/v2\/tags?post=8284"}],"curies":[{"name":"wp","href":"https:\/\/api.w.org\/{rel}","templated":true}]}}