{"id":8353,"date":"2021-02-02T16:52:37","date_gmt":"2021-02-02T16:52:37","guid":{"rendered":"https:\/\/jessel.de\/365-tage-sylt\/?p=8353"},"modified":"2021-02-02T19:55:28","modified_gmt":"2021-02-02T19:55:28","slug":"2-februar-ueberraschungseinsatz","status":"publish","type":"post","link":"https:\/\/jessel.de\/365-tage-sylt\/2-februar-ueberraschungseinsatz\/","title":{"rendered":"2. Februar: \u00dcberraschungseinsatz"},"content":{"rendered":"<p>Geht sp\u00e4ter weiter&#8230; bin beim Kekse backen&#8230;<\/p>\n<p>Schooon Fertig! Schokoladen &#8211; Knusperlis nach einem Rezept von Annemarie Wildeisen:<\/p>\n<p><img loading=\"lazy\" decoding=\"async\" class=\"alignnone size-full wp-image-8364\" src=\"https:\/\/jessel.de\/365-tage-sylt\/wp-content\/uploads\/2021\/02\/14E9D0A7-6C7F-4E60-9416-6D149BCD1ECC.jpeg\" alt=\"\" width=\"1067\" height=\"800\" srcset=\"https:\/\/jessel.de\/365-tage-sylt\/wp-content\/uploads\/2021\/02\/14E9D0A7-6C7F-4E60-9416-6D149BCD1ECC.jpeg 1067w, https:\/\/jessel.de\/365-tage-sylt\/wp-content\/uploads\/2021\/02\/14E9D0A7-6C7F-4E60-9416-6D149BCD1ECC-300x225.jpeg 300w, https:\/\/jessel.de\/365-tage-sylt\/wp-content\/uploads\/2021\/02\/14E9D0A7-6C7F-4E60-9416-6D149BCD1ECC-1024x768.jpeg 1024w, https:\/\/jessel.de\/365-tage-sylt\/wp-content\/uploads\/2021\/02\/14E9D0A7-6C7F-4E60-9416-6D149BCD1ECC-768x576.jpeg 768w\" sizes=\"auto, (max-width: 1067px) 100vw, 1067px\" \/><\/p>\n<p>Was wollte ich erz\u00e4hlen? Ach ja&#8230; ein schalkiger Blogleser fragte bescheiden an, ob es bei den \u201eGrazien\u201c auch mal eine gegeben h\u00e4tte, die \u201edie Z\u00e4hne gezeigt habe\u201c&#8230; Hat es! Und zwar gibt es, auflaufendes Wasser vorausgesetzt, eine flinkere und stets gr\u00f6\u00dfere Grazien-Fraktion, die ihre Vorl\u00e4uferinnen von hinten attackieren&#8230;:<\/p>\n<p><img loading=\"lazy\" decoding=\"async\" class=\"alignnone size-full wp-image-8357\" src=\"https:\/\/jessel.de\/365-tage-sylt\/wp-content\/uploads\/2021\/02\/F3E3DFCE-BAA9-479A-8AA5-41D620B836E2.jpeg\" alt=\"\" width=\"1204\" height=\"800\" srcset=\"https:\/\/jessel.de\/365-tage-sylt\/wp-content\/uploads\/2021\/02\/F3E3DFCE-BAA9-479A-8AA5-41D620B836E2.jpeg 1204w, https:\/\/jessel.de\/365-tage-sylt\/wp-content\/uploads\/2021\/02\/F3E3DFCE-BAA9-479A-8AA5-41D620B836E2-300x199.jpeg 300w, https:\/\/jessel.de\/365-tage-sylt\/wp-content\/uploads\/2021\/02\/F3E3DFCE-BAA9-479A-8AA5-41D620B836E2-1024x680.jpeg 1024w, https:\/\/jessel.de\/365-tage-sylt\/wp-content\/uploads\/2021\/02\/F3E3DFCE-BAA9-479A-8AA5-41D620B836E2-768x510.jpeg 768w\" sizes=\"auto, (max-width: 1204px) 100vw, 1204px\" \/><\/p>\n<p>&#8230; und anschlie\u00dfend \u00fcberlaufen, was dann letztlich ziemlich \u00fcbel aussieht:<\/p>\n<p><img loading=\"lazy\" decoding=\"async\" class=\"alignnone size-full wp-image-8354\" src=\"https:\/\/jessel.de\/365-tage-sylt\/wp-content\/uploads\/2021\/02\/371FE6D9-0882-4188-809E-E6648D430C10.jpeg\" alt=\"\" width=\"1204\" height=\"800\" srcset=\"https:\/\/jessel.de\/365-tage-sylt\/wp-content\/uploads\/2021\/02\/371FE6D9-0882-4188-809E-E6648D430C10.jpeg 1204w, https:\/\/jessel.de\/365-tage-sylt\/wp-content\/uploads\/2021\/02\/371FE6D9-0882-4188-809E-E6648D430C10-300x199.jpeg 300w, https:\/\/jessel.de\/365-tage-sylt\/wp-content\/uploads\/2021\/02\/371FE6D9-0882-4188-809E-E6648D430C10-1024x680.jpeg 1024w, https:\/\/jessel.de\/365-tage-sylt\/wp-content\/uploads\/2021\/02\/371FE6D9-0882-4188-809E-E6648D430C10-768x510.jpeg 768w\" sizes=\"auto, (max-width: 1204px) 100vw, 1204px\" \/><\/p>\n<p>DAS w\u00fcrde ich mal als Frechheit bezeichnen, oder? SO geht das doch nicht!<\/p>\n<p>Heute fr\u00fch gab\u02cbs knackigen Frost. Minus 7 Grad, gef\u00fchlt Minus 11, sagt mein Handy. Zum Sonnenaufgang ziehen bereits Wolken aus dem S\u00fcdwesten auf, und der Fototag scheint gelaufen. Kaum habe ich mit dem Fr\u00fchst\u00fcck begonnen, schrillt die Sonne durch eine doch recht durchsichtige Wolkendecke. Schluss mit Fr\u00fchst\u00fcck! R\u00fcber an den Strand!<\/p>\n<p><img loading=\"lazy\" decoding=\"async\" class=\"alignnone size-full wp-image-8361\" src=\"https:\/\/jessel.de\/365-tage-sylt\/wp-content\/uploads\/2021\/02\/C0A7DC7B-C523-4F7F-B591-4182DD9E9F92.jpeg\" alt=\"\" width=\"1204\" height=\"800\" srcset=\"https:\/\/jessel.de\/365-tage-sylt\/wp-content\/uploads\/2021\/02\/C0A7DC7B-C523-4F7F-B591-4182DD9E9F92.jpeg 1204w, https:\/\/jessel.de\/365-tage-sylt\/wp-content\/uploads\/2021\/02\/C0A7DC7B-C523-4F7F-B591-4182DD9E9F92-300x199.jpeg 300w, https:\/\/jessel.de\/365-tage-sylt\/wp-content\/uploads\/2021\/02\/C0A7DC7B-C523-4F7F-B591-4182DD9E9F92-1024x680.jpeg 1024w, https:\/\/jessel.de\/365-tage-sylt\/wp-content\/uploads\/2021\/02\/C0A7DC7B-C523-4F7F-B591-4182DD9E9F92-768x510.jpeg 768w\" sizes=\"auto, (max-width: 1204px) 100vw, 1204px\" \/><\/p>\n<p>Auch um 9:30 Uhr immer noch Minus 4 Grad! Das ist sehr ungew\u00f6hnlich, wer sich allerdings mit dem Thema \u201ePolarwirbel-Split\u201c besch\u00e4ftigt hat, den wundert das gar nicht&#8230;<\/p>\n<p>Egal, jedenfalls ist der Strand vor Westerland wie leergefegt. Ist mir recht:<\/p>\n<p><img loading=\"lazy\" decoding=\"async\" class=\"alignnone size-full wp-image-8360\" src=\"https:\/\/jessel.de\/365-tage-sylt\/wp-content\/uploads\/2021\/02\/CE63D67A-B645-49C3-82F5-A33470D42078.jpeg\" alt=\"\" width=\"1204\" height=\"800\" srcset=\"https:\/\/jessel.de\/365-tage-sylt\/wp-content\/uploads\/2021\/02\/CE63D67A-B645-49C3-82F5-A33470D42078.jpeg 1204w, https:\/\/jessel.de\/365-tage-sylt\/wp-content\/uploads\/2021\/02\/CE63D67A-B645-49C3-82F5-A33470D42078-300x199.jpeg 300w, https:\/\/jessel.de\/365-tage-sylt\/wp-content\/uploads\/2021\/02\/CE63D67A-B645-49C3-82F5-A33470D42078-1024x680.jpeg 1024w, https:\/\/jessel.de\/365-tage-sylt\/wp-content\/uploads\/2021\/02\/CE63D67A-B645-49C3-82F5-A33470D42078-768x510.jpeg 768w\" sizes=\"auto, (max-width: 1204px) 100vw, 1204px\" \/><\/p>\n<p>Am breiten Niedrigwasserstrand sehe ich schon aus der Ferne etwas liegen&#8230;, und mache gro\u00dfe Augen. Offenbar ein Gru\u00df von Siegward Sprotte:<\/p>\n<p><img loading=\"lazy\" decoding=\"async\" class=\"alignnone size-full wp-image-8359\" src=\"https:\/\/jessel.de\/365-tage-sylt\/wp-content\/uploads\/2021\/02\/0D3C2B66-E7C1-41DC-A426-5FC8E59254B6.jpeg\" alt=\"\" width=\"1204\" height=\"800\" srcset=\"https:\/\/jessel.de\/365-tage-sylt\/wp-content\/uploads\/2021\/02\/0D3C2B66-E7C1-41DC-A426-5FC8E59254B6.jpeg 1204w, https:\/\/jessel.de\/365-tage-sylt\/wp-content\/uploads\/2021\/02\/0D3C2B66-E7C1-41DC-A426-5FC8E59254B6-300x199.jpeg 300w, https:\/\/jessel.de\/365-tage-sylt\/wp-content\/uploads\/2021\/02\/0D3C2B66-E7C1-41DC-A426-5FC8E59254B6-1024x680.jpeg 1024w, https:\/\/jessel.de\/365-tage-sylt\/wp-content\/uploads\/2021\/02\/0D3C2B66-E7C1-41DC-A426-5FC8E59254B6-768x510.jpeg 768w\" sizes=\"auto, (max-width: 1204px) 100vw, 1204px\" \/><\/p>\n<p>\u201eLars!? Wir sollten das in unsere Meeresausstellung integrieren, meine ich. Meinst Du, Du kriegst ein Pendant dazu hin? Mit Gr\u00fc\u00dfen in die Hansestadt, Hans\u201c<\/p>\n<p>Hatte ich eigentlich von gestern erz\u00e4hlt? Nein? Bin drei Stunden lang kreuz und quer durch die Landschaft geradelt und habe, trotz respektablen Wetters, nicht EIN Foto machen k\u00f6nnen, um dann schlie\u00dflich von einem Rantumer Strand\u00fcbergang aus den Sonnenuntergang abzulichten:<\/p>\n<p><img loading=\"lazy\" decoding=\"async\" class=\"alignnone size-full wp-image-8362\" src=\"https:\/\/jessel.de\/365-tage-sylt\/wp-content\/uploads\/2021\/02\/501287CA-34B7-4469-8350-11710B7B9C14.jpeg\" alt=\"\" width=\"1955\" height=\"800\" srcset=\"https:\/\/jessel.de\/365-tage-sylt\/wp-content\/uploads\/2021\/02\/501287CA-34B7-4469-8350-11710B7B9C14.jpeg 1955w, https:\/\/jessel.de\/365-tage-sylt\/wp-content\/uploads\/2021\/02\/501287CA-34B7-4469-8350-11710B7B9C14-300x123.jpeg 300w, https:\/\/jessel.de\/365-tage-sylt\/wp-content\/uploads\/2021\/02\/501287CA-34B7-4469-8350-11710B7B9C14-1024x419.jpeg 1024w, https:\/\/jessel.de\/365-tage-sylt\/wp-content\/uploads\/2021\/02\/501287CA-34B7-4469-8350-11710B7B9C14-768x314.jpeg 768w, https:\/\/jessel.de\/365-tage-sylt\/wp-content\/uploads\/2021\/02\/501287CA-34B7-4469-8350-11710B7B9C14-1536x629.jpeg 1536w\" sizes=\"auto, (max-width: 1955px) 100vw, 1955px\" \/><\/p>\n<p>DAS mache ich echt nur in Notfall-Fotofrust-Situationen, aber das war so eine&#8230;<\/p>\n<p>Heute endet meine Strandwanderung s\u00fcdlich des Westerl\u00e4nder Campingplatzes&#8230; die beiden quackeln sooo laut, dass ich lieber umdrehe:<\/p>\n<p><img loading=\"lazy\" decoding=\"async\" class=\"alignnone size-full wp-image-8355\" src=\"https:\/\/jessel.de\/365-tage-sylt\/wp-content\/uploads\/2021\/02\/2C5B2A8E-25CF-46D7-83A1-FFE1F3F6F2C7.jpeg\" alt=\"\" width=\"1204\" height=\"800\" srcset=\"https:\/\/jessel.de\/365-tage-sylt\/wp-content\/uploads\/2021\/02\/2C5B2A8E-25CF-46D7-83A1-FFE1F3F6F2C7.jpeg 1204w, https:\/\/jessel.de\/365-tage-sylt\/wp-content\/uploads\/2021\/02\/2C5B2A8E-25CF-46D7-83A1-FFE1F3F6F2C7-300x199.jpeg 300w, https:\/\/jessel.de\/365-tage-sylt\/wp-content\/uploads\/2021\/02\/2C5B2A8E-25CF-46D7-83A1-FFE1F3F6F2C7-1024x680.jpeg 1024w, https:\/\/jessel.de\/365-tage-sylt\/wp-content\/uploads\/2021\/02\/2C5B2A8E-25CF-46D7-83A1-FFE1F3F6F2C7-768x510.jpeg 768w\" sizes=\"auto, (max-width: 1204px) 100vw, 1204px\" \/><\/p>\n<p>Da werde ich kurz vor der Brandenburger Ecke noch von einer Grazie der besonders sch\u00f6nen Art herausgefordert&#8230;:<\/p>\n<p><img loading=\"lazy\" decoding=\"async\" class=\"alignnone size-full wp-image-8356\" src=\"https:\/\/jessel.de\/365-tage-sylt\/wp-content\/uploads\/2021\/02\/F186ABBC-DD75-42A8-A0E2-A72B7138D1EE.jpeg\" alt=\"\" width=\"1409\" height=\"800\" srcset=\"https:\/\/jessel.de\/365-tage-sylt\/wp-content\/uploads\/2021\/02\/F186ABBC-DD75-42A8-A0E2-A72B7138D1EE.jpeg 1409w, https:\/\/jessel.de\/365-tage-sylt\/wp-content\/uploads\/2021\/02\/F186ABBC-DD75-42A8-A0E2-A72B7138D1EE-300x170.jpeg 300w, https:\/\/jessel.de\/365-tage-sylt\/wp-content\/uploads\/2021\/02\/F186ABBC-DD75-42A8-A0E2-A72B7138D1EE-1024x581.jpeg 1024w, https:\/\/jessel.de\/365-tage-sylt\/wp-content\/uploads\/2021\/02\/F186ABBC-DD75-42A8-A0E2-A72B7138D1EE-768x436.jpeg 768w\" sizes=\"auto, (max-width: 1409px) 100vw, 1409px\" \/><\/p>\n<p>Perfekte Vorstellung! Das war\u2019s f\u00fcr heute.<\/p>\n","protected":false},"excerpt":{"rendered":"<p>Geht sp\u00e4ter weiter&#8230; bin beim Kekse backen&#8230; Schooon Fertig! Schokoladen &#8211; Knusperlis nach einem Rezept von Annemarie Wildeisen: Was wollte ich erz\u00e4hlen? Ach ja&#8230; ein schalkiger Blogleser fragte bescheiden an, ob es bei den \u201eGrazien\u201c auch mal eine gegeben h\u00e4tte, die \u201edie Z\u00e4hne gezeigt habe\u201c&#8230; Hat es! Und zwar gibt es, auflaufendes Wasser vorausgesetzt, eine flinkere und stets gr\u00f6\u00dfere Grazien-Fraktion, die ihre Vorl\u00e4uferinnen von hinten attackieren&#8230;: &#8230; und anschlie\u00dfend \u00fcberlaufen,&hellip;<\/p>\n","protected":false},"author":2,"featured_media":8358,"comment_status":"open","ping_status":"open","sticky":false,"template":"","format":"standard","meta":{"footnotes":""},"categories":[27,37,3,4,26,7,23],"tags":[],"class_list":["post-8353","post","type-post","status-publish","format-standard","has-post-thumbnail","hentry","category-alle-bilder","category-buhne","category-menschen","category-spuren","category-strand","category-westerland","category-winter"],"jetpack_featured_media_url":"https:\/\/jessel.de\/365-tage-sylt\/wp-content\/uploads\/2021\/02\/D54FB07D-7B76-4560-8E9E-338A881F76DC.jpeg","_links":{"self":[{"href":"https:\/\/jessel.de\/365-tage-sylt\/wp-json\/wp\/v2\/posts\/8353","targetHints":{"allow":["GET"]}}],"collection":[{"href":"https:\/\/jessel.de\/365-tage-sylt\/wp-json\/wp\/v2\/posts"}],"about":[{"href":"https:\/\/jessel.de\/365-tage-sylt\/wp-json\/wp\/v2\/types\/post"}],"author":[{"embeddable":true,"href":"https:\/\/jessel.de\/365-tage-sylt\/wp-json\/wp\/v2\/users\/2"}],"replies":[{"embeddable":true,"href":"https:\/\/jessel.de\/365-tage-sylt\/wp-json\/wp\/v2\/comments?post=8353"}],"version-history":[{"count":5,"href":"https:\/\/jessel.de\/365-tage-sylt\/wp-json\/wp\/v2\/posts\/8353\/revisions"}],"predecessor-version":[{"id":8368,"href":"https:\/\/jessel.de\/365-tage-sylt\/wp-json\/wp\/v2\/posts\/8353\/revisions\/8368"}],"wp:featuredmedia":[{"embeddable":true,"href":"https:\/\/jessel.de\/365-tage-sylt\/wp-json\/wp\/v2\/media\/8358"}],"wp:attachment":[{"href":"https:\/\/jessel.de\/365-tage-sylt\/wp-json\/wp\/v2\/media?parent=8353"}],"wp:term":[{"taxonomy":"category","embeddable":true,"href":"https:\/\/jessel.de\/365-tage-sylt\/wp-json\/wp\/v2\/categories?post=8353"},{"taxonomy":"post_tag","embeddable":true,"href":"https:\/\/jessel.de\/365-tage-sylt\/wp-json\/wp\/v2\/tags?post=8353"}],"curies":[{"name":"wp","href":"https:\/\/api.w.org\/{rel}","templated":true}]}}