{"id":8385,"date":"2021-02-04T19:18:38","date_gmt":"2021-02-04T19:18:38","guid":{"rendered":"https:\/\/jessel.de\/365-tage-sylt\/?p=8385"},"modified":"2021-02-05T18:00:11","modified_gmt":"2021-02-05T18:00:11","slug":"4-februar-der-wintereinbruch-part-2","status":"publish","type":"post","link":"https:\/\/jessel.de\/365-tage-sylt\/4-februar-der-wintereinbruch-part-2\/","title":{"rendered":"4. Februar: Der Wintereinbruch, Teil 2"},"content":{"rendered":"<p>Gro\u00dfes Drama in der Nordmarkstrasse: Unsere H\u00fchner haben den Schnee-Thrill! Wir bekommen nicht heraus, was es ist. Haben sie Angst vor der ver\u00e4nderten Umgebung? Sind sie schneeblind? Fest steht, dass sie auch am zweiten Tag ihren Verschlag nicht verlassen wollen. Mittels \u201esanfter Gewalt\u201c komplimentiere ich sie also hinaus, womit wir ein Problem mehr haben, denn die drei h\u00fchnern wie die Wilden durch den Schnee&#8230;<img loading=\"lazy\" decoding=\"async\" class=\"alignnone size-full wp-image-8398\" src=\"https:\/\/jessel.de\/365-tage-sylt\/wp-content\/uploads\/2021\/02\/F3B23CFE-E43C-4251-BD32-9A549199C94C.jpeg\" alt=\"\" width=\"1384\" height=\"800\" srcset=\"https:\/\/jessel.de\/365-tage-sylt\/wp-content\/uploads\/2021\/02\/F3B23CFE-E43C-4251-BD32-9A549199C94C.jpeg 1384w, https:\/\/jessel.de\/365-tage-sylt\/wp-content\/uploads\/2021\/02\/F3B23CFE-E43C-4251-BD32-9A549199C94C-300x173.jpeg 300w, https:\/\/jessel.de\/365-tage-sylt\/wp-content\/uploads\/2021\/02\/F3B23CFE-E43C-4251-BD32-9A549199C94C-1024x592.jpeg 1024w, https:\/\/jessel.de\/365-tage-sylt\/wp-content\/uploads\/2021\/02\/F3B23CFE-E43C-4251-BD32-9A549199C94C-768x444.jpeg 768w\" sizes=\"auto, (max-width: 1384px) 100vw, 1384px\" \/><\/p>\n<p>&#8230; und erst am sp\u00e4teren Nachmittag gelingt es Silke, sie mit einem beherzten k\u00f6rperlichen Einsatz wieder einzufangen:<\/p>\n<p><img loading=\"lazy\" decoding=\"async\" class=\"alignnone size-full wp-image-8397\" src=\"https:\/\/jessel.de\/365-tage-sylt\/wp-content\/uploads\/2021\/02\/EE054A49-B463-4A18-91D5-C9085373A764.jpeg\" alt=\"\" width=\"1179\" height=\"800\" srcset=\"https:\/\/jessel.de\/365-tage-sylt\/wp-content\/uploads\/2021\/02\/EE054A49-B463-4A18-91D5-C9085373A764.jpeg 1179w, https:\/\/jessel.de\/365-tage-sylt\/wp-content\/uploads\/2021\/02\/EE054A49-B463-4A18-91D5-C9085373A764-300x204.jpeg 300w, https:\/\/jessel.de\/365-tage-sylt\/wp-content\/uploads\/2021\/02\/EE054A49-B463-4A18-91D5-C9085373A764-1024x695.jpeg 1024w, https:\/\/jessel.de\/365-tage-sylt\/wp-content\/uploads\/2021\/02\/EE054A49-B463-4A18-91D5-C9085373A764-768x521.jpeg 768w\" sizes=\"auto, (max-width: 1179px) 100vw, 1179px\" \/><\/p>\n<p>Nach \u00fcberstandenem Schrecken fahre ich nochmal nach Kampen, und geniesse die Stille, die K\u00e4lte und den Rundumblick von der Uwe D\u00fcne in der Abendd\u00e4mmerung:<\/p>\n<p><img loading=\"lazy\" decoding=\"async\" class=\"alignnone size-full wp-image-8395\" src=\"https:\/\/jessel.de\/365-tage-sylt\/wp-content\/uploads\/2021\/02\/DE5F98FE-CCEC-4516-8E3C-E276E76A7B5B.jpeg\" alt=\"\" width=\"1204\" height=\"800\" srcset=\"https:\/\/jessel.de\/365-tage-sylt\/wp-content\/uploads\/2021\/02\/DE5F98FE-CCEC-4516-8E3C-E276E76A7B5B.jpeg 1204w, https:\/\/jessel.de\/365-tage-sylt\/wp-content\/uploads\/2021\/02\/DE5F98FE-CCEC-4516-8E3C-E276E76A7B5B-300x199.jpeg 300w, https:\/\/jessel.de\/365-tage-sylt\/wp-content\/uploads\/2021\/02\/DE5F98FE-CCEC-4516-8E3C-E276E76A7B5B-1024x680.jpeg 1024w, https:\/\/jessel.de\/365-tage-sylt\/wp-content\/uploads\/2021\/02\/DE5F98FE-CCEC-4516-8E3C-E276E76A7B5B-768x510.jpeg 768w\" sizes=\"auto, (max-width: 1204px) 100vw, 1204px\" \/><\/p>\n<p><img loading=\"lazy\" decoding=\"async\" class=\"alignnone size-full wp-image-8394\" src=\"https:\/\/jessel.de\/365-tage-sylt\/wp-content\/uploads\/2021\/02\/D8088B27-D7F7-412B-B582-25BF46CB71BB.jpeg\" alt=\"\" width=\"1204\" height=\"800\" srcset=\"https:\/\/jessel.de\/365-tage-sylt\/wp-content\/uploads\/2021\/02\/D8088B27-D7F7-412B-B582-25BF46CB71BB.jpeg 1204w, https:\/\/jessel.de\/365-tage-sylt\/wp-content\/uploads\/2021\/02\/D8088B27-D7F7-412B-B582-25BF46CB71BB-300x199.jpeg 300w, https:\/\/jessel.de\/365-tage-sylt\/wp-content\/uploads\/2021\/02\/D8088B27-D7F7-412B-B582-25BF46CB71BB-1024x680.jpeg 1024w, https:\/\/jessel.de\/365-tage-sylt\/wp-content\/uploads\/2021\/02\/D8088B27-D7F7-412B-B582-25BF46CB71BB-768x510.jpeg 768w\" sizes=\"auto, (max-width: 1204px) 100vw, 1204px\" \/><\/p>\n<p><img loading=\"lazy\" decoding=\"async\" class=\"alignnone size-full wp-image-8393\" src=\"https:\/\/jessel.de\/365-tage-sylt\/wp-content\/uploads\/2021\/02\/6364DF11-E005-40A9-80B5-2D4E950BDA04.jpeg\" alt=\"\" width=\"1379\" height=\"800\" srcset=\"https:\/\/jessel.de\/365-tage-sylt\/wp-content\/uploads\/2021\/02\/6364DF11-E005-40A9-80B5-2D4E950BDA04.jpeg 1379w, https:\/\/jessel.de\/365-tage-sylt\/wp-content\/uploads\/2021\/02\/6364DF11-E005-40A9-80B5-2D4E950BDA04-300x174.jpeg 300w, https:\/\/jessel.de\/365-tage-sylt\/wp-content\/uploads\/2021\/02\/6364DF11-E005-40A9-80B5-2D4E950BDA04-1024x594.jpeg 1024w, https:\/\/jessel.de\/365-tage-sylt\/wp-content\/uploads\/2021\/02\/6364DF11-E005-40A9-80B5-2D4E950BDA04-768x446.jpeg 768w\" sizes=\"auto, (max-width: 1379px) 100vw, 1379px\" \/><\/p>\n<p>Und sonst so? \u00dcberall Schneem\u00e4nner&#8230; und -frauen:<\/p>\n<p><img loading=\"lazy\" decoding=\"async\" class=\"alignnone size-full wp-image-8388\" src=\"https:\/\/jessel.de\/365-tage-sylt\/wp-content\/uploads\/2021\/02\/AE951389-3294-46C6-AA39-B30051A97F23.jpeg\" alt=\"\" width=\"1137\" height=\"800\" srcset=\"https:\/\/jessel.de\/365-tage-sylt\/wp-content\/uploads\/2021\/02\/AE951389-3294-46C6-AA39-B30051A97F23.jpeg 1137w, https:\/\/jessel.de\/365-tage-sylt\/wp-content\/uploads\/2021\/02\/AE951389-3294-46C6-AA39-B30051A97F23-300x211.jpeg 300w, https:\/\/jessel.de\/365-tage-sylt\/wp-content\/uploads\/2021\/02\/AE951389-3294-46C6-AA39-B30051A97F23-1024x720.jpeg 1024w, https:\/\/jessel.de\/365-tage-sylt\/wp-content\/uploads\/2021\/02\/AE951389-3294-46C6-AA39-B30051A97F23-768x540.jpeg 768w\" sizes=\"auto, (max-width: 1137px) 100vw, 1137px\" \/><\/p>\n<p>Hier der gr\u00f6\u00dfte, gut 2,5m hoch:<\/p>\n<p><img loading=\"lazy\" decoding=\"async\" class=\"alignnone size-full wp-image-8396\" src=\"https:\/\/jessel.de\/365-tage-sylt\/wp-content\/uploads\/2021\/02\/A046CC69-4824-4C9E-8973-F127838655CD.jpeg\" alt=\"\" width=\"1204\" height=\"800\" srcset=\"https:\/\/jessel.de\/365-tage-sylt\/wp-content\/uploads\/2021\/02\/A046CC69-4824-4C9E-8973-F127838655CD.jpeg 1204w, https:\/\/jessel.de\/365-tage-sylt\/wp-content\/uploads\/2021\/02\/A046CC69-4824-4C9E-8973-F127838655CD-300x199.jpeg 300w, https:\/\/jessel.de\/365-tage-sylt\/wp-content\/uploads\/2021\/02\/A046CC69-4824-4C9E-8973-F127838655CD-1024x680.jpeg 1024w, https:\/\/jessel.de\/365-tage-sylt\/wp-content\/uploads\/2021\/02\/A046CC69-4824-4C9E-8973-F127838655CD-768x510.jpeg 768w\" sizes=\"auto, (max-width: 1204px) 100vw, 1204px\" \/><\/p>\n<p>&nbsp;<\/p>\n","protected":false},"excerpt":{"rendered":"<p>Gro\u00dfes Drama in der Nordmarkstrasse: Unsere H\u00fchner haben den Schnee-Thrill! Wir bekommen nicht heraus, was es ist. Haben sie Angst vor der ver\u00e4nderten Umgebung? Sind sie schneeblind? Fest steht, dass sie auch am zweiten Tag ihren Verschlag nicht verlassen wollen. Mittels \u201esanfter Gewalt\u201c komplimentiere ich sie also hinaus, womit wir ein Problem mehr haben, denn die drei h\u00fchnern wie die Wilden durch den Schnee&#8230; &#8230; und erst am sp\u00e4teren Nachmittag&hellip;<\/p>\n","protected":false},"author":2,"featured_media":8386,"comment_status":"open","ping_status":"open","sticky":false,"template":"","format":"standard","meta":{"footnotes":""},"categories":[27,24,25,35,26,23],"tags":[],"class_list":["post-8385","post","type-post","status-publish","format-standard","has-post-thumbnail","hentry","category-alle-bilder","category-duenen","category-kampen","category-schlechtes-wetter","category-strand","category-winter"],"jetpack_featured_media_url":"https:\/\/jessel.de\/365-tage-sylt\/wp-content\/uploads\/2021\/02\/72FC989F-F33D-4715-A436-F2AA77126DE1.jpeg","_links":{"self":[{"href":"https:\/\/jessel.de\/365-tage-sylt\/wp-json\/wp\/v2\/posts\/8385","targetHints":{"allow":["GET"]}}],"collection":[{"href":"https:\/\/jessel.de\/365-tage-sylt\/wp-json\/wp\/v2\/posts"}],"about":[{"href":"https:\/\/jessel.de\/365-tage-sylt\/wp-json\/wp\/v2\/types\/post"}],"author":[{"embeddable":true,"href":"https:\/\/jessel.de\/365-tage-sylt\/wp-json\/wp\/v2\/users\/2"}],"replies":[{"embeddable":true,"href":"https:\/\/jessel.de\/365-tage-sylt\/wp-json\/wp\/v2\/comments?post=8385"}],"version-history":[{"count":6,"href":"https:\/\/jessel.de\/365-tage-sylt\/wp-json\/wp\/v2\/posts\/8385\/revisions"}],"predecessor-version":[{"id":8410,"href":"https:\/\/jessel.de\/365-tage-sylt\/wp-json\/wp\/v2\/posts\/8385\/revisions\/8410"}],"wp:featuredmedia":[{"embeddable":true,"href":"https:\/\/jessel.de\/365-tage-sylt\/wp-json\/wp\/v2\/media\/8386"}],"wp:attachment":[{"href":"https:\/\/jessel.de\/365-tage-sylt\/wp-json\/wp\/v2\/media?parent=8385"}],"wp:term":[{"taxonomy":"category","embeddable":true,"href":"https:\/\/jessel.de\/365-tage-sylt\/wp-json\/wp\/v2\/categories?post=8385"},{"taxonomy":"post_tag","embeddable":true,"href":"https:\/\/jessel.de\/365-tage-sylt\/wp-json\/wp\/v2\/tags?post=8385"}],"curies":[{"name":"wp","href":"https:\/\/api.w.org\/{rel}","templated":true}]}}