{"id":8499,"date":"2021-02-14T21:34:37","date_gmt":"2021-02-14T21:34:37","guid":{"rendered":"https:\/\/jessel.de\/365-tage-sylt\/?p=8499"},"modified":"2021-02-15T16:08:49","modified_gmt":"2021-02-15T16:08:49","slug":"14-februar-tschuess-wintereinbruch","status":"publish","type":"post","link":"https:\/\/jessel.de\/365-tage-sylt\/14-februar-tschuess-wintereinbruch\/","title":{"rendered":"14. Februar: Tsch\u00fcss Wintereinbruch!"},"content":{"rendered":"<p>Die K\u00e4lte zieht sich zur\u00fcck, macht Platz f\u00fcr milde M\u00e4chte aus dem Westen&#8230;<\/p>\n<p>Am Vormittag laufe ich gegen einen auffrischenden S\u00fcdwind zur Niedrigwasserzeit Richtung Oase. Schneidend kalt wirkt der Wind, obwohl das Thermometer nur noch knappe Minusgrade verspricht. Es ist die hohe Luftfeuchtigkeit im Vorfeld der anr\u00fcckenden Warmfront, die die gef\u00fchlte Temperatur glatt als -7 Grad erscheinen l\u00e4sst.<\/p>\n<p>Vor der Oase erklimme ich eine mit Raureif \u00fcberzogene Strandtreppe&#8230;:<\/p>\n<p><img loading=\"lazy\" decoding=\"async\" class=\"alignnone size-full wp-image-8504\" src=\"https:\/\/jessel.de\/365-tage-sylt\/wp-content\/uploads\/2021\/02\/949D3ED4-EFD0-4F6B-9465-F80F982C01CF.jpeg\" alt=\"\" width=\"1202\" height=\"800\" srcset=\"https:\/\/jessel.de\/365-tage-sylt\/wp-content\/uploads\/2021\/02\/949D3ED4-EFD0-4F6B-9465-F80F982C01CF.jpeg 1202w, https:\/\/jessel.de\/365-tage-sylt\/wp-content\/uploads\/2021\/02\/949D3ED4-EFD0-4F6B-9465-F80F982C01CF-300x200.jpeg 300w, https:\/\/jessel.de\/365-tage-sylt\/wp-content\/uploads\/2021\/02\/949D3ED4-EFD0-4F6B-9465-F80F982C01CF-1024x682.jpeg 1024w, https:\/\/jessel.de\/365-tage-sylt\/wp-content\/uploads\/2021\/02\/949D3ED4-EFD0-4F6B-9465-F80F982C01CF-768x511.jpeg 768w\" sizes=\"auto, (max-width: 1202px) 100vw, 1202px\" \/><\/p>\n<p>&#8230; die mich zum Westerl\u00e4nder Biikeplatz f\u00fchrt. Die ganzen letzten Jahre verfolgte ich auch hier im Blog die \u201eEntstehung\u201c der Biikebulte, die stets aus Bergen von Weihnachtsb\u00e4umen bestanden, die hier kostenlos abgelegt werden durften. Der sich mir heute darbietende Blick offenbart die ganze Skurrilit\u00e4t der Situation:<\/p>\n<p><img loading=\"lazy\" decoding=\"async\" class=\"alignnone size-full wp-image-8502\" src=\"https:\/\/jessel.de\/365-tage-sylt\/wp-content\/uploads\/2021\/02\/859962B7-DDAE-4F33-830F-8A49468F7F09.jpeg\" alt=\"\" width=\"1202\" height=\"800\" srcset=\"https:\/\/jessel.de\/365-tage-sylt\/wp-content\/uploads\/2021\/02\/859962B7-DDAE-4F33-830F-8A49468F7F09.jpeg 1202w, https:\/\/jessel.de\/365-tage-sylt\/wp-content\/uploads\/2021\/02\/859962B7-DDAE-4F33-830F-8A49468F7F09-300x200.jpeg 300w, https:\/\/jessel.de\/365-tage-sylt\/wp-content\/uploads\/2021\/02\/859962B7-DDAE-4F33-830F-8A49468F7F09-1024x682.jpeg 1024w, https:\/\/jessel.de\/365-tage-sylt\/wp-content\/uploads\/2021\/02\/859962B7-DDAE-4F33-830F-8A49468F7F09-768x511.jpeg 768w\" sizes=\"auto, (max-width: 1202px) 100vw, 1202px\" \/><\/p>\n<p>Zur Erkl\u00e4rung f\u00fcr Ausw\u00e4rtige: Aus Coronagr\u00fcnden sind s\u00e4mtliche Biikefeuer verboten. Nur in Tinnum wird ein Feuer entz\u00fcndet, ohne Publikum. Dieses kann man\/frau sich als Livestream anschauen und \u201e\u00dcs S\u00f6l\u02cbring L\u00f6nn\u201c mitsingen, wem danach ist.<\/p>\n<p>Etwas melancholisch wandere ich durchs Westerl\u00e4nder S\u00fcdw\u00e4ldchen&#8230;:<\/p>\n<p><img loading=\"lazy\" decoding=\"async\" class=\"alignnone size-full wp-image-8501\" src=\"https:\/\/jessel.de\/365-tage-sylt\/wp-content\/uploads\/2021\/02\/92300333-33CD-4E46-9D05-27BC88E9BCF6.jpeg\" alt=\"\" width=\"1202\" height=\"800\" srcset=\"https:\/\/jessel.de\/365-tage-sylt\/wp-content\/uploads\/2021\/02\/92300333-33CD-4E46-9D05-27BC88E9BCF6.jpeg 1202w, https:\/\/jessel.de\/365-tage-sylt\/wp-content\/uploads\/2021\/02\/92300333-33CD-4E46-9D05-27BC88E9BCF6-300x200.jpeg 300w, https:\/\/jessel.de\/365-tage-sylt\/wp-content\/uploads\/2021\/02\/92300333-33CD-4E46-9D05-27BC88E9BCF6-1024x682.jpeg 1024w, https:\/\/jessel.de\/365-tage-sylt\/wp-content\/uploads\/2021\/02\/92300333-33CD-4E46-9D05-27BC88E9BCF6-768x511.jpeg 768w\" sizes=\"auto, (max-width: 1202px) 100vw, 1202px\" \/><\/p>\n<p><span style=\"-webkit-tap-highlight-color: rgba(0, 0, 0, 0);\">&#8230; und lasse mich schlie\u00dfendlich vom zauberhaften 70er Jahre &#8211; Architekturstyle Westerlands in Anspruch nehmen:<\/span><\/p>\n<p><img loading=\"lazy\" decoding=\"async\" class=\"alignnone size-full wp-image-8500\" src=\"https:\/\/jessel.de\/365-tage-sylt\/wp-content\/uploads\/2021\/02\/387FCCC2-0396-40EB-BBEE-4F0638E9553C.jpeg\" alt=\"\" width=\"1202\" height=\"800\" srcset=\"https:\/\/jessel.de\/365-tage-sylt\/wp-content\/uploads\/2021\/02\/387FCCC2-0396-40EB-BBEE-4F0638E9553C.jpeg 1202w, https:\/\/jessel.de\/365-tage-sylt\/wp-content\/uploads\/2021\/02\/387FCCC2-0396-40EB-BBEE-4F0638E9553C-300x200.jpeg 300w, https:\/\/jessel.de\/365-tage-sylt\/wp-content\/uploads\/2021\/02\/387FCCC2-0396-40EB-BBEE-4F0638E9553C-1024x682.jpeg 1024w, https:\/\/jessel.de\/365-tage-sylt\/wp-content\/uploads\/2021\/02\/387FCCC2-0396-40EB-BBEE-4F0638E9553C-768x511.jpeg 768w\" sizes=\"auto, (max-width: 1202px) 100vw, 1202px\" \/><\/p>\n<p>Dieses Ambiente scheint melancholischen Empfindungen gegen\u00fcber durchaus f\u00f6rderlich zu sein, auch das Ende dieser traumhaften Wintertage stimmt irgendwie mit in diesen Kanon ein.<\/p>\n<p>Euer Blogger g\u00f6nnt sich nun (mindestens) einen Tag Ruhe &#8211; danach geht\u2019s weiter mit Plusgraden&#8230;<\/p>\n","protected":false},"excerpt":{"rendered":"<p>Die K\u00e4lte zieht sich zur\u00fcck, macht Platz f\u00fcr milde M\u00e4chte aus dem Westen&#8230; Am Vormittag laufe ich gegen einen auffrischenden S\u00fcdwind zur Niedrigwasserzeit Richtung Oase. Schneidend kalt wirkt der Wind, obwohl das Thermometer nur noch knappe Minusgrade verspricht. Es ist die hohe Luftfeuchtigkeit im Vorfeld der anr\u00fcckenden Warmfront, die die gef\u00fchlte Temperatur glatt als -7 Grad erscheinen l\u00e4sst. Vor der Oase erklimme ich eine mit Raureif \u00fcberzogene Strandtreppe&#8230;: &#8230; die&hellip;<\/p>\n","protected":false},"author":2,"featured_media":8503,"comment_status":"open","ping_status":"open","sticky":false,"template":"","format":"standard","meta":{"footnotes":""},"categories":[27,24,3,4,26,7,23],"tags":[],"class_list":["post-8499","post","type-post","status-publish","format-standard","has-post-thumbnail","hentry","category-alle-bilder","category-duenen","category-menschen","category-spuren","category-strand","category-westerland","category-winter"],"jetpack_featured_media_url":"https:\/\/jessel.de\/365-tage-sylt\/wp-content\/uploads\/2021\/02\/9351989A-196C-404A-A919-DC8EBCA2D7CA.jpeg","_links":{"self":[{"href":"https:\/\/jessel.de\/365-tage-sylt\/wp-json\/wp\/v2\/posts\/8499","targetHints":{"allow":["GET"]}}],"collection":[{"href":"https:\/\/jessel.de\/365-tage-sylt\/wp-json\/wp\/v2\/posts"}],"about":[{"href":"https:\/\/jessel.de\/365-tage-sylt\/wp-json\/wp\/v2\/types\/post"}],"author":[{"embeddable":true,"href":"https:\/\/jessel.de\/365-tage-sylt\/wp-json\/wp\/v2\/users\/2"}],"replies":[{"embeddable":true,"href":"https:\/\/jessel.de\/365-tage-sylt\/wp-json\/wp\/v2\/comments?post=8499"}],"version-history":[{"count":3,"href":"https:\/\/jessel.de\/365-tage-sylt\/wp-json\/wp\/v2\/posts\/8499\/revisions"}],"predecessor-version":[{"id":8507,"href":"https:\/\/jessel.de\/365-tage-sylt\/wp-json\/wp\/v2\/posts\/8499\/revisions\/8507"}],"wp:featuredmedia":[{"embeddable":true,"href":"https:\/\/jessel.de\/365-tage-sylt\/wp-json\/wp\/v2\/media\/8503"}],"wp:attachment":[{"href":"https:\/\/jessel.de\/365-tage-sylt\/wp-json\/wp\/v2\/media?parent=8499"}],"wp:term":[{"taxonomy":"category","embeddable":true,"href":"https:\/\/jessel.de\/365-tage-sylt\/wp-json\/wp\/v2\/categories?post=8499"},{"taxonomy":"post_tag","embeddable":true,"href":"https:\/\/jessel.de\/365-tage-sylt\/wp-json\/wp\/v2\/tags?post=8499"}],"curies":[{"name":"wp","href":"https:\/\/api.w.org\/{rel}","templated":true}]}}