{"id":8557,"date":"2021-02-20T19:42:10","date_gmt":"2021-02-20T19:42:10","guid":{"rendered":"https:\/\/jessel.de\/365-tage-sylt\/?p=8557"},"modified":"2021-02-20T20:32:15","modified_gmt":"2021-02-20T20:32:15","slug":"20-februar-der-sonne-entgegen","status":"publish","type":"post","link":"https:\/\/jessel.de\/365-tage-sylt\/20-februar-der-sonne-entgegen\/","title":{"rendered":"20. Februar: Der Sonne entgegen&#8230;"},"content":{"rendered":"<p>DAS Fr\u00fchst\u00fcck reicht bis morgen! Herrliche Br\u00f6tchen, Wildlachs, Bitterorangenmarmelade selfmade, und ein Rote Bete &#8211; Saft zum Niederknien, so geht\u2019s am Morgen los. Und nun spielt auch das Wetter besser mit, kalte F\u00fc\u00dfe d\u00fcrfte es heute nicht wieder geben. Los geht\u2019s im gnadenlosen Flensburger Virensturm&#8230;:<\/p>\n<p><img loading=\"lazy\" decoding=\"async\" class=\"alignnone size-full wp-image-8577\" src=\"https:\/\/jessel.de\/365-tage-sylt\/wp-content\/uploads\/2021\/02\/64D70CE9-0028-4F57-82CD-092C0F17931D.jpeg\" alt=\"\" width=\"1081\" height=\"811\" srcset=\"https:\/\/jessel.de\/365-tage-sylt\/wp-content\/uploads\/2021\/02\/64D70CE9-0028-4F57-82CD-092C0F17931D.jpeg 1081w, https:\/\/jessel.de\/365-tage-sylt\/wp-content\/uploads\/2021\/02\/64D70CE9-0028-4F57-82CD-092C0F17931D-300x225.jpeg 300w, https:\/\/jessel.de\/365-tage-sylt\/wp-content\/uploads\/2021\/02\/64D70CE9-0028-4F57-82CD-092C0F17931D-1024x768.jpeg 1024w, https:\/\/jessel.de\/365-tage-sylt\/wp-content\/uploads\/2021\/02\/64D70CE9-0028-4F57-82CD-092C0F17931D-768x576.jpeg 768w\" sizes=\"auto, (max-width: 1081px) 100vw, 1081px\" \/><\/p>\n<p>&#8230; durch die Reste der letztw\u00f6chigen Schneeverwehungen, hier vor Gro\u00dfsolt:<\/p>\n<p><img loading=\"lazy\" decoding=\"async\" class=\"alignnone size-full wp-image-8570\" src=\"https:\/\/jessel.de\/365-tage-sylt\/wp-content\/uploads\/2021\/02\/90D613DB-4FC7-4B41-8955-156014D1E6F1.jpeg\" alt=\"\" width=\"1158\" height=\"805\" srcset=\"https:\/\/jessel.de\/365-tage-sylt\/wp-content\/uploads\/2021\/02\/90D613DB-4FC7-4B41-8955-156014D1E6F1.jpeg 1158w, https:\/\/jessel.de\/365-tage-sylt\/wp-content\/uploads\/2021\/02\/90D613DB-4FC7-4B41-8955-156014D1E6F1-300x209.jpeg 300w, https:\/\/jessel.de\/365-tage-sylt\/wp-content\/uploads\/2021\/02\/90D613DB-4FC7-4B41-8955-156014D1E6F1-1024x712.jpeg 1024w, https:\/\/jessel.de\/365-tage-sylt\/wp-content\/uploads\/2021\/02\/90D613DB-4FC7-4B41-8955-156014D1E6F1-768x534.jpeg 768w\" sizes=\"auto, (max-width: 1158px) 100vw, 1158px\" \/><\/p>\n<p>Die Schlei \u00fcberquere ich mit der Missunder F\u00e4hre. Entschleunigung vom Feinsten&#8230;:<\/p>\n<p><img loading=\"lazy\" decoding=\"async\" class=\"alignnone size-full wp-image-8569\" src=\"https:\/\/jessel.de\/365-tage-sylt\/wp-content\/uploads\/2021\/02\/4D441AA0-3922-4ECE-BB4F-6D9F303FBFA3.jpeg\" alt=\"\" width=\"1158\" height=\"869\" srcset=\"https:\/\/jessel.de\/365-tage-sylt\/wp-content\/uploads\/2021\/02\/4D441AA0-3922-4ECE-BB4F-6D9F303FBFA3.jpeg 1158w, https:\/\/jessel.de\/365-tage-sylt\/wp-content\/uploads\/2021\/02\/4D441AA0-3922-4ECE-BB4F-6D9F303FBFA3-300x225.jpeg 300w, https:\/\/jessel.de\/365-tage-sylt\/wp-content\/uploads\/2021\/02\/4D441AA0-3922-4ECE-BB4F-6D9F303FBFA3-1024x768.jpeg 1024w, https:\/\/jessel.de\/365-tage-sylt\/wp-content\/uploads\/2021\/02\/4D441AA0-3922-4ECE-BB4F-6D9F303FBFA3-768x576.jpeg 768w\" sizes=\"auto, (max-width: 1158px) 100vw, 1158px\" \/><\/p>\n<p>&#8230; und sehe auch die Ostsee wieder in Eckernf\u00f6rde:<\/p>\n<p><img loading=\"lazy\" decoding=\"async\" class=\"alignnone size-full wp-image-8568\" src=\"https:\/\/jessel.de\/365-tage-sylt\/wp-content\/uploads\/2021\/02\/CF2FEE75-B17E-4948-9F1C-8812C785D954.jpeg\" alt=\"\" width=\"1158\" height=\"809\" srcset=\"https:\/\/jessel.de\/365-tage-sylt\/wp-content\/uploads\/2021\/02\/CF2FEE75-B17E-4948-9F1C-8812C785D954.jpeg 1158w, https:\/\/jessel.de\/365-tage-sylt\/wp-content\/uploads\/2021\/02\/CF2FEE75-B17E-4948-9F1C-8812C785D954-300x210.jpeg 300w, https:\/\/jessel.de\/365-tage-sylt\/wp-content\/uploads\/2021\/02\/CF2FEE75-B17E-4948-9F1C-8812C785D954-1024x715.jpeg 1024w, https:\/\/jessel.de\/365-tage-sylt\/wp-content\/uploads\/2021\/02\/CF2FEE75-B17E-4948-9F1C-8812C785D954-768x537.jpeg 768w\" sizes=\"auto, (max-width: 1158px) 100vw, 1158px\" \/><\/p>\n<p>Bis Gettorf der automobile Horror. Die ganze Nation scheint den Coronaviren in ihren Blechb\u00fcchsen davonfahren zu wollen. Es ist auf dem Radweg im Lee der B76 nicht auszuhalten vor Krach und Gestank, und ich bin froh, als ich diese in Richtung Landwehr endlich verlassen kann. Hier auf dem Nordostseekanal herrscht Ruhe:<\/p>\n<p><img loading=\"lazy\" decoding=\"async\" class=\"alignnone size-full wp-image-8567\" src=\"https:\/\/jessel.de\/365-tage-sylt\/wp-content\/uploads\/2021\/02\/EBA5835F-6850-4FA6-87E2-1DE62866F9C1.jpeg\" alt=\"\" width=\"1158\" height=\"869\" srcset=\"https:\/\/jessel.de\/365-tage-sylt\/wp-content\/uploads\/2021\/02\/EBA5835F-6850-4FA6-87E2-1DE62866F9C1.jpeg 1158w, https:\/\/jessel.de\/365-tage-sylt\/wp-content\/uploads\/2021\/02\/EBA5835F-6850-4FA6-87E2-1DE62866F9C1-300x225.jpeg 300w, https:\/\/jessel.de\/365-tage-sylt\/wp-content\/uploads\/2021\/02\/EBA5835F-6850-4FA6-87E2-1DE62866F9C1-1024x768.jpeg 1024w, https:\/\/jessel.de\/365-tage-sylt\/wp-content\/uploads\/2021\/02\/EBA5835F-6850-4FA6-87E2-1DE62866F9C1-768x576.jpeg 768w\" sizes=\"auto, (max-width: 1158px) 100vw, 1158px\" \/><\/p>\n<p>Jede Menge Rennradfahrer sind unterwegs. Hinter Achterwehr radel\u02cb ich lange auf dem holprigen Radweg neben dieser Gruppe mit, aber bei der n\u00e4chsten l\u00e4ngeren Abfahrt \u00a0ziehen sie mir davon:<\/p>\n<p><img loading=\"lazy\" decoding=\"async\" class=\"alignnone size-full wp-image-8566\" src=\"https:\/\/jessel.de\/365-tage-sylt\/wp-content\/uploads\/2021\/02\/4E7B36E4-BD0B-4E3E-A0A7-635435466FE1.jpeg\" alt=\"\" width=\"1158\" height=\"740\" srcset=\"https:\/\/jessel.de\/365-tage-sylt\/wp-content\/uploads\/2021\/02\/4E7B36E4-BD0B-4E3E-A0A7-635435466FE1.jpeg 1158w, https:\/\/jessel.de\/365-tage-sylt\/wp-content\/uploads\/2021\/02\/4E7B36E4-BD0B-4E3E-A0A7-635435466FE1-300x192.jpeg 300w, https:\/\/jessel.de\/365-tage-sylt\/wp-content\/uploads\/2021\/02\/4E7B36E4-BD0B-4E3E-A0A7-635435466FE1-1024x654.jpeg 1024w, https:\/\/jessel.de\/365-tage-sylt\/wp-content\/uploads\/2021\/02\/4E7B36E4-BD0B-4E3E-A0A7-635435466FE1-768x491.jpeg 768w\" sizes=\"auto, (max-width: 1158px) 100vw, 1158px\" \/><\/p>\n<p>Wenige Kilometer sp\u00e4ter werde ich in Rodenbek fr\u00f6hlich erwartet: Es gibt Galizische Mandeltorte, sogar mit Schlagsahne, dargereicht im Freien&#8230; immerhin komme ich auf direktem Wege aus einer Corona &#8211; Hochburg:<\/p>\n<p><img loading=\"lazy\" decoding=\"async\" class=\"alignnone size-full wp-image-8565\" src=\"https:\/\/jessel.de\/365-tage-sylt\/wp-content\/uploads\/2021\/02\/4D502F2B-4B89-4EF5-B426-F849C67AED2C.jpeg\" alt=\"\" width=\"1158\" height=\"869\" srcset=\"https:\/\/jessel.de\/365-tage-sylt\/wp-content\/uploads\/2021\/02\/4D502F2B-4B89-4EF5-B426-F849C67AED2C.jpeg 1158w, https:\/\/jessel.de\/365-tage-sylt\/wp-content\/uploads\/2021\/02\/4D502F2B-4B89-4EF5-B426-F849C67AED2C-300x225.jpeg 300w, https:\/\/jessel.de\/365-tage-sylt\/wp-content\/uploads\/2021\/02\/4D502F2B-4B89-4EF5-B426-F849C67AED2C-1024x768.jpeg 1024w, https:\/\/jessel.de\/365-tage-sylt\/wp-content\/uploads\/2021\/02\/4D502F2B-4B89-4EF5-B426-F849C67AED2C-768x576.jpeg 768w\" sizes=\"auto, (max-width: 1158px) 100vw, 1158px\" \/><\/p>\n<p>Die H\u00fchner (&#8230; und der Hahn) des Hauses zeigen heute ihre K\u00f6pfe mal nicht,&#8230; oder hat der Handy-Fotograf etwa nicht den \u201eentscheidenden Moment\u201c erwischt?<\/p>\n<p>Wohlgest\u00e4rkt geht die Reise weiter bis Bordesholm. Nach nunmehr 100 Asphalt-Kilometern bricht die D\u00e4mmerung herein &#8211; und auch ansonsten reicht es so langsam:<\/p>\n<p><img loading=\"lazy\" decoding=\"async\" class=\"alignnone size-full wp-image-8564\" src=\"https:\/\/jessel.de\/365-tage-sylt\/wp-content\/uploads\/2021\/02\/B186D766-1686-45AF-8F8D-6BB2F3173941.jpeg\" alt=\"\" width=\"1158\" height=\"869\" srcset=\"https:\/\/jessel.de\/365-tage-sylt\/wp-content\/uploads\/2021\/02\/B186D766-1686-45AF-8F8D-6BB2F3173941.jpeg 1158w, https:\/\/jessel.de\/365-tage-sylt\/wp-content\/uploads\/2021\/02\/B186D766-1686-45AF-8F8D-6BB2F3173941-300x225.jpeg 300w, https:\/\/jessel.de\/365-tage-sylt\/wp-content\/uploads\/2021\/02\/B186D766-1686-45AF-8F8D-6BB2F3173941-1024x768.jpeg 1024w, https:\/\/jessel.de\/365-tage-sylt\/wp-content\/uploads\/2021\/02\/B186D766-1686-45AF-8F8D-6BB2F3173941-768x576.jpeg 768w\" sizes=\"auto, (max-width: 1158px) 100vw, 1158px\" \/><\/p>\n<p>In Elmshorn wechsel\u02cb ich den Zug Richtung Altona, dort schnell ein paar Eink\u00e4ufe, dann gibt\u2019s Kohlenhydrate und Vitamine pur: Tomaten-Mozzarella-Tortellinis in Gem\u00fcsebr\u00fche &#8211; einfach das Beste nach Langstreckentouren:<\/p>\n<p><img loading=\"lazy\" decoding=\"async\" class=\"alignnone size-full wp-image-8563\" src=\"https:\/\/jessel.de\/365-tage-sylt\/wp-content\/uploads\/2021\/02\/B29F1FAA-BEDC-4DD6-8A86-A8928CC6F9A9.jpeg\" alt=\"\" width=\"1158\" height=\"869\" srcset=\"https:\/\/jessel.de\/365-tage-sylt\/wp-content\/uploads\/2021\/02\/B29F1FAA-BEDC-4DD6-8A86-A8928CC6F9A9.jpeg 1158w, https:\/\/jessel.de\/365-tage-sylt\/wp-content\/uploads\/2021\/02\/B29F1FAA-BEDC-4DD6-8A86-A8928CC6F9A9-300x225.jpeg 300w, https:\/\/jessel.de\/365-tage-sylt\/wp-content\/uploads\/2021\/02\/B29F1FAA-BEDC-4DD6-8A86-A8928CC6F9A9-1024x768.jpeg 1024w, https:\/\/jessel.de\/365-tage-sylt\/wp-content\/uploads\/2021\/02\/B29F1FAA-BEDC-4DD6-8A86-A8928CC6F9A9-768x576.jpeg 768w\" sizes=\"auto, (max-width: 1158px) 100vw, 1158px\" \/><\/p>\n","protected":false},"excerpt":{"rendered":"<p>DAS Fr\u00fchst\u00fcck reicht bis morgen! Herrliche Br\u00f6tchen, Wildlachs, Bitterorangenmarmelade selfmade, und ein Rote Bete &#8211; Saft zum Niederknien, so geht\u2019s am Morgen los. Und nun spielt auch das Wetter besser mit, kalte F\u00fc\u00dfe d\u00fcrfte es heute nicht wieder geben. Los geht\u2019s im gnadenlosen Flensburger Virensturm&#8230;: &#8230; durch die Reste der letztw\u00f6chigen Schneeverwehungen, hier vor Gro\u00dfsolt: Die Schlei \u00fcberquere ich mit der Missunder F\u00e4hre. Entschleunigung vom Feinsten&#8230;: &#8230; und sehe auch&hellip;<\/p>\n","protected":false},"author":2,"featured_media":8560,"comment_status":"open","ping_status":"open","sticky":false,"template":"","format":"standard","meta":{"footnotes":""},"categories":[1],"tags":[],"class_list":["post-8557","post","type-post","status-publish","format-standard","has-post-thumbnail","hentry","category-uncategorized"],"jetpack_featured_media_url":"https:\/\/jessel.de\/365-tage-sylt\/wp-content\/uploads\/2021\/02\/92E15B37-D7DD-4BAC-A6D5-D1F59E838E3E.jpeg","_links":{"self":[{"href":"https:\/\/jessel.de\/365-tage-sylt\/wp-json\/wp\/v2\/posts\/8557","targetHints":{"allow":["GET"]}}],"collection":[{"href":"https:\/\/jessel.de\/365-tage-sylt\/wp-json\/wp\/v2\/posts"}],"about":[{"href":"https:\/\/jessel.de\/365-tage-sylt\/wp-json\/wp\/v2\/types\/post"}],"author":[{"embeddable":true,"href":"https:\/\/jessel.de\/365-tage-sylt\/wp-json\/wp\/v2\/users\/2"}],"replies":[{"embeddable":true,"href":"https:\/\/jessel.de\/365-tage-sylt\/wp-json\/wp\/v2\/comments?post=8557"}],"version-history":[{"count":3,"href":"https:\/\/jessel.de\/365-tage-sylt\/wp-json\/wp\/v2\/posts\/8557\/revisions"}],"predecessor-version":[{"id":8578,"href":"https:\/\/jessel.de\/365-tage-sylt\/wp-json\/wp\/v2\/posts\/8557\/revisions\/8578"}],"wp:featuredmedia":[{"embeddable":true,"href":"https:\/\/jessel.de\/365-tage-sylt\/wp-json\/wp\/v2\/media\/8560"}],"wp:attachment":[{"href":"https:\/\/jessel.de\/365-tage-sylt\/wp-json\/wp\/v2\/media?parent=8557"}],"wp:term":[{"taxonomy":"category","embeddable":true,"href":"https:\/\/jessel.de\/365-tage-sylt\/wp-json\/wp\/v2\/categories?post=8557"},{"taxonomy":"post_tag","embeddable":true,"href":"https:\/\/jessel.de\/365-tage-sylt\/wp-json\/wp\/v2\/tags?post=8557"}],"curies":[{"name":"wp","href":"https:\/\/api.w.org\/{rel}","templated":true}]}}