{"id":8579,"date":"2021-02-21T20:20:57","date_gmt":"2021-02-21T20:20:57","guid":{"rendered":"https:\/\/jessel.de\/365-tage-sylt\/?p=8579"},"modified":"2021-02-21T20:25:02","modified_gmt":"2021-02-21T20:25:02","slug":"21-februar-der-grosse-toern","status":"publish","type":"post","link":"https:\/\/jessel.de\/365-tage-sylt\/21-februar-der-grosse-toern\/","title":{"rendered":"21. Februar: Der gro\u00dfe T\u00f6rn"},"content":{"rendered":"<p>Der zweitl\u00e4ngste Fahrrad-T\u00f6rn meiner Laufbahn steht an, von Hamburg-Ottensen nach Husum, so zeigt es mein Komoot-Navi im \u00dcberblick. 144 Kilometer, die sich letztlich bei 150 km einpendeln, denn manchmal gen\u00fcgt eine kleine Unaufmerksamkeit, und schon ist der Blogger auf dem falschen Abbieger:<\/p>\n<p><img loading=\"lazy\" decoding=\"async\" class=\"alignnone size-full wp-image-8592\" src=\"https:\/\/jessel.de\/365-tage-sylt\/wp-content\/uploads\/2021\/02\/3750884B-52C5-4C8E-B61C-DC71D1923F8E.jpeg\" alt=\"\" width=\"425\" height=\"800\" srcset=\"https:\/\/jessel.de\/365-tage-sylt\/wp-content\/uploads\/2021\/02\/3750884B-52C5-4C8E-B61C-DC71D1923F8E.jpeg 425w, https:\/\/jessel.de\/365-tage-sylt\/wp-content\/uploads\/2021\/02\/3750884B-52C5-4C8E-B61C-DC71D1923F8E-159x300.jpeg 159w\" sizes=\"auto, (max-width: 425px) 100vw, 425px\" \/><\/p>\n<p>Ich stehe um 6 Uhr auf und starte um 7:20 Uhr &#8211; damit steht ausreichend Zeit zur Verf\u00fcgung. Bis Itzehoe fahre ich knallhart auf Strecke, d. h. nahezu ohne Pause (deshalb auch keine Fotos&#8230;) und mit m\u00f6glichst 25 km\/h. Was das im Detail f\u00fcr eine Herumgurkerei bedeutet, wird allein daran deutlich, dass ich 7 (sieben) Mal die Westk\u00fcsten-Autobahn A 23 queren muss, unglaublich.<\/p>\n<p>Unmittelbar vor Itzehoe gibt\u2019s an einer Tankstelle endlich einen Kaffee, so dass ich fr\u00fchst\u00fccken kann. Rodenbeker Eier und den Rest vom Tortellini-Sch\u00fctzenfest:<\/p>\n<p><img loading=\"lazy\" decoding=\"async\" class=\"alignnone size-full wp-image-8581\" src=\"https:\/\/jessel.de\/365-tage-sylt\/wp-content\/uploads\/2021\/02\/337B0E2A-FAFD-4416-8A6E-F647853DDF10.jpeg\" alt=\"\" width=\"1067\" height=\"800\" srcset=\"https:\/\/jessel.de\/365-tage-sylt\/wp-content\/uploads\/2021\/02\/337B0E2A-FAFD-4416-8A6E-F647853DDF10.jpeg 1067w, https:\/\/jessel.de\/365-tage-sylt\/wp-content\/uploads\/2021\/02\/337B0E2A-FAFD-4416-8A6E-F647853DDF10-300x225.jpeg 300w, https:\/\/jessel.de\/365-tage-sylt\/wp-content\/uploads\/2021\/02\/337B0E2A-FAFD-4416-8A6E-F647853DDF10-1024x768.jpeg 1024w, https:\/\/jessel.de\/365-tage-sylt\/wp-content\/uploads\/2021\/02\/337B0E2A-FAFD-4416-8A6E-F647853DDF10-768x576.jpeg 768w\" sizes=\"auto, (max-width: 1067px) 100vw, 1067px\" \/><\/p>\n<p>Das Wetter ist blendend. Sanfter R\u00fcckenwind, und die Temperaturen steigen nun bereits \u00fcber die 10 Grad-Marke:<\/p>\n<p><img loading=\"lazy\" decoding=\"async\" class=\"size-full wp-image-8580\" src=\"https:\/\/jessel.de\/365-tage-sylt\/wp-content\/uploads\/2021\/02\/297C0C98-09EF-40F1-A5DD-10292B0204BD.jpeg\" alt=\"\" width=\"1067\" height=\"800\" srcset=\"https:\/\/jessel.de\/365-tage-sylt\/wp-content\/uploads\/2021\/02\/297C0C98-09EF-40F1-A5DD-10292B0204BD.jpeg 1067w, https:\/\/jessel.de\/365-tage-sylt\/wp-content\/uploads\/2021\/02\/297C0C98-09EF-40F1-A5DD-10292B0204BD-300x225.jpeg 300w, https:\/\/jessel.de\/365-tage-sylt\/wp-content\/uploads\/2021\/02\/297C0C98-09EF-40F1-A5DD-10292B0204BD-1024x768.jpeg 1024w, https:\/\/jessel.de\/365-tage-sylt\/wp-content\/uploads\/2021\/02\/297C0C98-09EF-40F1-A5DD-10292B0204BD-768x576.jpeg 768w\" sizes=\"auto, (max-width: 1067px) 100vw, 1067px\" \/><\/p>\n<p>Die Elbmarschen pr\u00e4sentieren sich mit pr\u00e4chtigen Weitsichten. Als ich die ersten Ausl\u00e4ufer der Steinburger Geest erreiche (wo ich noch nie gewesen bin), radel ich durch uralte Eichen-Alleen, wirklich traumhaft:<\/p>\n<p><img loading=\"lazy\" decoding=\"async\" class=\"size-full wp-image-8587\" src=\"https:\/\/jessel.de\/365-tage-sylt\/wp-content\/uploads\/2021\/02\/D295454A-E5F3-4AF7-93A9-7E8A2ABC4E7F.jpeg\" alt=\"\" width=\"632\" height=\"800\" srcset=\"https:\/\/jessel.de\/365-tage-sylt\/wp-content\/uploads\/2021\/02\/D295454A-E5F3-4AF7-93A9-7E8A2ABC4E7F.jpeg 632w, https:\/\/jessel.de\/365-tage-sylt\/wp-content\/uploads\/2021\/02\/D295454A-E5F3-4AF7-93A9-7E8A2ABC4E7F-237x300.jpeg 237w\" sizes=\"auto, (max-width: 632px) 100vw, 632px\" \/><\/p>\n<p>Nach ca. 90 Kilometern erreiche ich den NOK (Nordostsee-Kanal) bei Hochdonn, hier die gleichnamige Eisenbahnbr\u00fccke:<\/p>\n<p><img loading=\"lazy\" decoding=\"async\" class=\"alignnone size-full wp-image-8583\" src=\"https:\/\/jessel.de\/365-tage-sylt\/wp-content\/uploads\/2021\/02\/CF4E1C6B-4D52-41D6-BEA4-E5CCEBBC43D6.jpeg\" alt=\"\" width=\"1626\" height=\"800\" srcset=\"https:\/\/jessel.de\/365-tage-sylt\/wp-content\/uploads\/2021\/02\/CF4E1C6B-4D52-41D6-BEA4-E5CCEBBC43D6.jpeg 1626w, https:\/\/jessel.de\/365-tage-sylt\/wp-content\/uploads\/2021\/02\/CF4E1C6B-4D52-41D6-BEA4-E5CCEBBC43D6-300x148.jpeg 300w, https:\/\/jessel.de\/365-tage-sylt\/wp-content\/uploads\/2021\/02\/CF4E1C6B-4D52-41D6-BEA4-E5CCEBBC43D6-1024x504.jpeg 1024w, https:\/\/jessel.de\/365-tage-sylt\/wp-content\/uploads\/2021\/02\/CF4E1C6B-4D52-41D6-BEA4-E5CCEBBC43D6-768x378.jpeg 768w, https:\/\/jessel.de\/365-tage-sylt\/wp-content\/uploads\/2021\/02\/CF4E1C6B-4D52-41D6-BEA4-E5CCEBBC43D6-1536x756.jpeg 1536w\" sizes=\"auto, (max-width: 1626px) 100vw, 1626px\" \/><\/p>\n<p>Die F\u00e4hre nehme ich nicht&#8230;:<\/p>\n<div id=\"attachment_8584\" style=\"width: 1077px\" class=\"wp-caption alignnone\"><img loading=\"lazy\" decoding=\"async\" aria-describedby=\"caption-attachment-8584\" class=\"size-full wp-image-8584\" src=\"https:\/\/jessel.de\/365-tage-sylt\/wp-content\/uploads\/2021\/02\/A19FDB1B-E237-4C99-8591-6C3BFFC26C9B.jpeg\" alt=\"\" width=\"1067\" height=\"800\" srcset=\"https:\/\/jessel.de\/365-tage-sylt\/wp-content\/uploads\/2021\/02\/A19FDB1B-E237-4C99-8591-6C3BFFC26C9B.jpeg 1067w, https:\/\/jessel.de\/365-tage-sylt\/wp-content\/uploads\/2021\/02\/A19FDB1B-E237-4C99-8591-6C3BFFC26C9B-300x225.jpeg 300w, https:\/\/jessel.de\/365-tage-sylt\/wp-content\/uploads\/2021\/02\/A19FDB1B-E237-4C99-8591-6C3BFFC26C9B-1024x768.jpeg 1024w, https:\/\/jessel.de\/365-tage-sylt\/wp-content\/uploads\/2021\/02\/A19FDB1B-E237-4C99-8591-6C3BFFC26C9B-768x576.jpeg 768w\" sizes=\"auto, (max-width: 1067px) 100vw, 1067px\" \/><p id=\"caption-attachment-8584\" class=\"wp-caption-text\"><span style=\"color: #000000; font-size: 15px;\">&#8230;denn mein Navi empfiehlt die Weiterfahrt durch Dithmarschen einige Kilometer weiter \u00f6stlich. Damit durchfahre ich nochmal eine weitl\u00e4ufige Landschaft, die ich bislng nicht kannte. Ringsherum tr\u00e4llert und zwitschert es lautstark, die Vogelwelt ist au\u00dfer Rand und Band. Auch erste Storchenpaare bereiten ihre Nistpl\u00e4tze her:\u00a0<\/span><\/p><\/div>\n<p><img loading=\"lazy\" decoding=\"async\" class=\"alignnone size-full wp-image-8582\" src=\"https:\/\/jessel.de\/365-tage-sylt\/wp-content\/uploads\/2021\/02\/FC2D5719-97A4-407B-8D58-E4C9FA76BABD.jpeg\" alt=\"\" width=\"1067\" height=\"800\" srcset=\"https:\/\/jessel.de\/365-tage-sylt\/wp-content\/uploads\/2021\/02\/FC2D5719-97A4-407B-8D58-E4C9FA76BABD.jpeg 1067w, https:\/\/jessel.de\/365-tage-sylt\/wp-content\/uploads\/2021\/02\/FC2D5719-97A4-407B-8D58-E4C9FA76BABD-300x225.jpeg 300w, https:\/\/jessel.de\/365-tage-sylt\/wp-content\/uploads\/2021\/02\/FC2D5719-97A4-407B-8D58-E4C9FA76BABD-1024x768.jpeg 1024w, https:\/\/jessel.de\/365-tage-sylt\/wp-content\/uploads\/2021\/02\/FC2D5719-97A4-407B-8D58-E4C9FA76BABD-768x576.jpeg 768w\" sizes=\"auto, (max-width: 1067px) 100vw, 1067px\" \/><\/p>\n<p>&#8230; und die Bewohner der Dithmarscher Pampa verbl\u00fcffen mich mehrmals:<\/p>\n<p><img loading=\"lazy\" decoding=\"async\" class=\"alignnone size-full wp-image-8585\" src=\"https:\/\/jessel.de\/365-tage-sylt\/wp-content\/uploads\/2021\/02\/65360EF5-F8B3-4C3E-B0EC-381E7863ACA4.jpeg\" alt=\"\" width=\"1067\" height=\"800\" srcset=\"https:\/\/jessel.de\/365-tage-sylt\/wp-content\/uploads\/2021\/02\/65360EF5-F8B3-4C3E-B0EC-381E7863ACA4.jpeg 1067w, https:\/\/jessel.de\/365-tage-sylt\/wp-content\/uploads\/2021\/02\/65360EF5-F8B3-4C3E-B0EC-381E7863ACA4-300x225.jpeg 300w, https:\/\/jessel.de\/365-tage-sylt\/wp-content\/uploads\/2021\/02\/65360EF5-F8B3-4C3E-B0EC-381E7863ACA4-1024x768.jpeg 1024w, https:\/\/jessel.de\/365-tage-sylt\/wp-content\/uploads\/2021\/02\/65360EF5-F8B3-4C3E-B0EC-381E7863ACA4-768x576.jpeg 768w\" sizes=\"auto, (max-width: 1067px) 100vw, 1067px\" \/><\/p>\n<p>Irgendwo im Nirgendwo (bei einer Ortschaft namens S\u00fcderholm&#8230;) durchquere ich ein morastiges Niederungsgebiet &#8211; ich schaue morgen nochmal nach, wie das hei\u00dft:<\/p>\n<p><img loading=\"lazy\" decoding=\"async\" class=\"alignnone size-full wp-image-8586\" src=\"https:\/\/jessel.de\/365-tage-sylt\/wp-content\/uploads\/2021\/02\/885089F4-72E7-416D-8473-50359715F29D.jpeg\" alt=\"\" width=\"1067\" height=\"800\" srcset=\"https:\/\/jessel.de\/365-tage-sylt\/wp-content\/uploads\/2021\/02\/885089F4-72E7-416D-8473-50359715F29D.jpeg 1067w, https:\/\/jessel.de\/365-tage-sylt\/wp-content\/uploads\/2021\/02\/885089F4-72E7-416D-8473-50359715F29D-300x225.jpeg 300w, https:\/\/jessel.de\/365-tage-sylt\/wp-content\/uploads\/2021\/02\/885089F4-72E7-416D-8473-50359715F29D-1024x768.jpeg 1024w, https:\/\/jessel.de\/365-tage-sylt\/wp-content\/uploads\/2021\/02\/885089F4-72E7-416D-8473-50359715F29D-768x576.jpeg 768w\" sizes=\"auto, (max-width: 1067px) 100vw, 1067px\" \/><\/p>\n<p>Gro\u00dfer Kummer unmittelbar nach Querung der Eider, der Grenze zu Nordfriesland: Im idyllischen Friedrichstadt hat wirklich alles dicht, nix mit Kaffee und\/oder einem Eisbecher&#8230; erst im Dunstkreis von Koldenb\u00fcttel&#8230;:<\/p>\n<p><img loading=\"lazy\" decoding=\"async\" class=\"size-full wp-image-8588\" src=\"https:\/\/jessel.de\/365-tage-sylt\/wp-content\/uploads\/2021\/02\/E852B59B-11C9-4931-8028-D6698618CD6C.jpeg\" alt=\"\" width=\"1067\" height=\"800\" srcset=\"https:\/\/jessel.de\/365-tage-sylt\/wp-content\/uploads\/2021\/02\/E852B59B-11C9-4931-8028-D6698618CD6C.jpeg 1067w, https:\/\/jessel.de\/365-tage-sylt\/wp-content\/uploads\/2021\/02\/E852B59B-11C9-4931-8028-D6698618CD6C-300x225.jpeg 300w, https:\/\/jessel.de\/365-tage-sylt\/wp-content\/uploads\/2021\/02\/E852B59B-11C9-4931-8028-D6698618CD6C-1024x768.jpeg 1024w, https:\/\/jessel.de\/365-tage-sylt\/wp-content\/uploads\/2021\/02\/E852B59B-11C9-4931-8028-D6698618CD6C-768x576.jpeg 768w\" sizes=\"auto, (max-width: 1067px) 100vw, 1067px\" \/><\/p>\n<p>&#8230; erbarmt sich eine Caf\u00e9 &#8211; Besitzerin, mir meinen Reisebecher zu f\u00fcllen, japps! Die Erfahrungen eines Radlers im Autofahrerland Deutschland w\u00e4ren einen eigenen Blog wert. Der Zustand der Radwege changiert zwischen schlecht und katastrophal, insbesondere jetzt nach den Schneef\u00e4llen. Und ich habe noch nirgendwo ein Schild AUTOFAHRER AUSSTEIGEN gesehen:<\/p>\n<p><img loading=\"lazy\" decoding=\"async\" class=\"alignnone size-full wp-image-8589\" src=\"https:\/\/jessel.de\/365-tage-sylt\/wp-content\/uploads\/2021\/02\/42914328-E852-4804-B09B-1F6AFB65449E.jpeg\" alt=\"\" width=\"1067\" height=\"800\" srcset=\"https:\/\/jessel.de\/365-tage-sylt\/wp-content\/uploads\/2021\/02\/42914328-E852-4804-B09B-1F6AFB65449E.jpeg 1067w, https:\/\/jessel.de\/365-tage-sylt\/wp-content\/uploads\/2021\/02\/42914328-E852-4804-B09B-1F6AFB65449E-300x225.jpeg 300w, https:\/\/jessel.de\/365-tage-sylt\/wp-content\/uploads\/2021\/02\/42914328-E852-4804-B09B-1F6AFB65449E-1024x768.jpeg 1024w, https:\/\/jessel.de\/365-tage-sylt\/wp-content\/uploads\/2021\/02\/42914328-E852-4804-B09B-1F6AFB65449E-768x576.jpeg 768w\" sizes=\"auto, (max-width: 1067px) 100vw, 1067px\" \/><\/p>\n<p>Nach 10 Stunden Fahrt (incl. ca. 1,5 Stunden Pausen) erreiche ich gl\u00fccklich mein Fahrtziel Husum&#8230;:<\/p>\n<p><img loading=\"lazy\" decoding=\"async\" class=\"size-full wp-image-8593\" src=\"https:\/\/jessel.de\/365-tage-sylt\/wp-content\/uploads\/2021\/02\/190405F7-C46B-4F92-86CC-34A92DC415F2.jpeg\" alt=\"\" width=\"1067\" height=\"800\" srcset=\"https:\/\/jessel.de\/365-tage-sylt\/wp-content\/uploads\/2021\/02\/190405F7-C46B-4F92-86CC-34A92DC415F2.jpeg 1067w, https:\/\/jessel.de\/365-tage-sylt\/wp-content\/uploads\/2021\/02\/190405F7-C46B-4F92-86CC-34A92DC415F2-300x225.jpeg 300w, https:\/\/jessel.de\/365-tage-sylt\/wp-content\/uploads\/2021\/02\/190405F7-C46B-4F92-86CC-34A92DC415F2-1024x768.jpeg 1024w, https:\/\/jessel.de\/365-tage-sylt\/wp-content\/uploads\/2021\/02\/190405F7-C46B-4F92-86CC-34A92DC415F2-768x576.jpeg 768w\" sizes=\"auto, (max-width: 1067px) 100vw, 1067px\" \/><\/p>\n<p>&#8230; und geniesse den modrigen Schlickgeruch am Hafen, bevor es mit dem Zug heim auf die Insel geht:<\/p>\n<p><img loading=\"lazy\" decoding=\"async\" class=\"size-full wp-image-8591\" src=\"https:\/\/jessel.de\/365-tage-sylt\/wp-content\/uploads\/2021\/02\/ECE806FD-F271-4D1D-8F93-2E9D29ECE6D6.jpeg\" alt=\"\" width=\"1186\" height=\"800\" srcset=\"https:\/\/jessel.de\/365-tage-sylt\/wp-content\/uploads\/2021\/02\/ECE806FD-F271-4D1D-8F93-2E9D29ECE6D6.jpeg 1186w, https:\/\/jessel.de\/365-tage-sylt\/wp-content\/uploads\/2021\/02\/ECE806FD-F271-4D1D-8F93-2E9D29ECE6D6-300x202.jpeg 300w, https:\/\/jessel.de\/365-tage-sylt\/wp-content\/uploads\/2021\/02\/ECE806FD-F271-4D1D-8F93-2E9D29ECE6D6-1024x691.jpeg 1024w, https:\/\/jessel.de\/365-tage-sylt\/wp-content\/uploads\/2021\/02\/ECE806FD-F271-4D1D-8F93-2E9D29ECE6D6-768x518.jpeg 768w\" sizes=\"auto, (max-width: 1186px) 100vw, 1186px\" \/><\/p>\n<p>Ich denke mal, ich werde gut schlafen&#8230;<\/p>\n","protected":false},"excerpt":{"rendered":"<p>Der zweitl\u00e4ngste Fahrrad-T\u00f6rn meiner Laufbahn steht an, von Hamburg-Ottensen nach Husum, so zeigt es mein Komoot-Navi im \u00dcberblick. 144 Kilometer, die sich letztlich bei 150 km einpendeln, denn manchmal gen\u00fcgt eine kleine Unaufmerksamkeit, und schon ist der Blogger auf dem falschen Abbieger: Ich stehe um 6 Uhr auf und starte um 7:20 Uhr &#8211; damit steht ausreichend Zeit zur Verf\u00fcgung. Bis Itzehoe fahre ich knallhart auf Strecke, d. h. nahezu&hellip;<\/p>\n","protected":false},"author":2,"featured_media":8590,"comment_status":"open","ping_status":"open","sticky":false,"template":"","format":"standard","meta":{"footnotes":""},"categories":[27,39,28,3,2,30,29,23,33],"tags":[],"class_list":["post-8579","post","type-post","status-publish","format-standard","has-post-thumbnail","hentry","category-alle-bilder","category-arbeit","category-haeuser","category-menschen","category-tourismus","category-tradition","category-verkehr","category-winter","category-woanders"],"jetpack_featured_media_url":"https:\/\/jessel.de\/365-tage-sylt\/wp-content\/uploads\/2021\/02\/89BA2783-3786-4CCE-A66F-F28E945B5AFF.jpeg","_links":{"self":[{"href":"https:\/\/jessel.de\/365-tage-sylt\/wp-json\/wp\/v2\/posts\/8579","targetHints":{"allow":["GET"]}}],"collection":[{"href":"https:\/\/jessel.de\/365-tage-sylt\/wp-json\/wp\/v2\/posts"}],"about":[{"href":"https:\/\/jessel.de\/365-tage-sylt\/wp-json\/wp\/v2\/types\/post"}],"author":[{"embeddable":true,"href":"https:\/\/jessel.de\/365-tage-sylt\/wp-json\/wp\/v2\/users\/2"}],"replies":[{"embeddable":true,"href":"https:\/\/jessel.de\/365-tage-sylt\/wp-json\/wp\/v2\/comments?post=8579"}],"version-history":[{"count":5,"href":"https:\/\/jessel.de\/365-tage-sylt\/wp-json\/wp\/v2\/posts\/8579\/revisions"}],"predecessor-version":[{"id":8598,"href":"https:\/\/jessel.de\/365-tage-sylt\/wp-json\/wp\/v2\/posts\/8579\/revisions\/8598"}],"wp:featuredmedia":[{"embeddable":true,"href":"https:\/\/jessel.de\/365-tage-sylt\/wp-json\/wp\/v2\/media\/8590"}],"wp:attachment":[{"href":"https:\/\/jessel.de\/365-tage-sylt\/wp-json\/wp\/v2\/media?parent=8579"}],"wp:term":[{"taxonomy":"category","embeddable":true,"href":"https:\/\/jessel.de\/365-tage-sylt\/wp-json\/wp\/v2\/categories?post=8579"},{"taxonomy":"post_tag","embeddable":true,"href":"https:\/\/jessel.de\/365-tage-sylt\/wp-json\/wp\/v2\/tags?post=8579"}],"curies":[{"name":"wp","href":"https:\/\/api.w.org\/{rel}","templated":true}]}}