{"id":8651,"date":"2021-03-02T19:10:45","date_gmt":"2021-03-02T19:10:45","guid":{"rendered":"https:\/\/jessel.de\/365-tage-sylt\/?p=8651"},"modified":"2021-03-03T06:17:12","modified_gmt":"2021-03-03T06:17:12","slug":"2-maerz-abend-im-nebelmeer","status":"publish","type":"post","link":"https:\/\/jessel.de\/365-tage-sylt\/2-maerz-abend-im-nebelmeer\/","title":{"rendered":"2. M\u00e4rz: The Fog"},"content":{"rendered":"<p>Wie labil die fast ganztags sonnige Wetterlage ist, wird mir beim Verlassen des Hauses gegen 17 Uhr vor Augen gef\u00fchrt. Strahlender Sonnenschein l\u00e4sst mich \u00fcberlegen, an welchen Strand ich fahre, um das Licht der Abendsonne zu nutzen.<br \/>\nBei der Seenotstelle quellen bereits fette Nebelschwaden \u00fcber die D\u00fcnen. Ich f\u00fchle mich sehr an den Gruselschocker \u201eThe Fog\u201c erinnert&#8230;<\/p>\n<p>In Wenningstedt ist es zun\u00e4chst noch etwas lichter&#8230;:<\/p>\n<p><img loading=\"lazy\" decoding=\"async\" class=\"alignnone size-full wp-image-8657\" src=\"https:\/\/jessel.de\/365-tage-sylt\/wp-content\/uploads\/2021\/03\/6E388583-3E6E-414B-9468-3EE429A00890.jpeg\" alt=\"\" width=\"1204\" height=\"800\" srcset=\"https:\/\/jessel.de\/365-tage-sylt\/wp-content\/uploads\/2021\/03\/6E388583-3E6E-414B-9468-3EE429A00890.jpeg 1204w, https:\/\/jessel.de\/365-tage-sylt\/wp-content\/uploads\/2021\/03\/6E388583-3E6E-414B-9468-3EE429A00890-300x199.jpeg 300w, https:\/\/jessel.de\/365-tage-sylt\/wp-content\/uploads\/2021\/03\/6E388583-3E6E-414B-9468-3EE429A00890-1024x680.jpeg 1024w, https:\/\/jessel.de\/365-tage-sylt\/wp-content\/uploads\/2021\/03\/6E388583-3E6E-414B-9468-3EE429A00890-768x510.jpeg 768w\" sizes=\"auto, (max-width: 1204px) 100vw, 1204px\" \/><\/p>\n<p>&#8230; dann schmilzt die Sicht in Sekundenschnelle betr\u00e4chtlich:<\/p>\n<p><img loading=\"lazy\" decoding=\"async\" class=\"alignnone size-full wp-image-8658\" src=\"https:\/\/jessel.de\/365-tage-sylt\/wp-content\/uploads\/2021\/03\/DC8A3ACA-62AE-4B0D-A916-3E171EC9E8D1.jpeg\" alt=\"\" width=\"1204\" height=\"800\" srcset=\"https:\/\/jessel.de\/365-tage-sylt\/wp-content\/uploads\/2021\/03\/DC8A3ACA-62AE-4B0D-A916-3E171EC9E8D1.jpeg 1204w, https:\/\/jessel.de\/365-tage-sylt\/wp-content\/uploads\/2021\/03\/DC8A3ACA-62AE-4B0D-A916-3E171EC9E8D1-300x199.jpeg 300w, https:\/\/jessel.de\/365-tage-sylt\/wp-content\/uploads\/2021\/03\/DC8A3ACA-62AE-4B0D-A916-3E171EC9E8D1-1024x680.jpeg 1024w, https:\/\/jessel.de\/365-tage-sylt\/wp-content\/uploads\/2021\/03\/DC8A3ACA-62AE-4B0D-A916-3E171EC9E8D1-768x510.jpeg 768w\" sizes=\"auto, (max-width: 1204px) 100vw, 1204px\" \/><\/p>\n<p>Ich bleibe mal beim Fahrtziel Kampen, lassen sich dort aufgrund der h\u00f6heren Lage doch \u00dcberraschungen erwarten bei Seenebel-Wetterlagen. So radel\u02cb ich direkt in das heutige Titelbild hinein, mit der Uwe D\u00fcne im Hintergrund. Einige Kollegen sind schon dort:<\/p>\n<p><img loading=\"lazy\" decoding=\"async\" class=\"alignnone size-full wp-image-8659\" src=\"https:\/\/jessel.de\/365-tage-sylt\/wp-content\/uploads\/2021\/03\/F2BC5329-028F-45E9-96BB-A36CC30A9706.jpeg\" alt=\"\" width=\"1204\" height=\"800\" srcset=\"https:\/\/jessel.de\/365-tage-sylt\/wp-content\/uploads\/2021\/03\/F2BC5329-028F-45E9-96BB-A36CC30A9706.jpeg 1204w, https:\/\/jessel.de\/365-tage-sylt\/wp-content\/uploads\/2021\/03\/F2BC5329-028F-45E9-96BB-A36CC30A9706-300x199.jpeg 300w, https:\/\/jessel.de\/365-tage-sylt\/wp-content\/uploads\/2021\/03\/F2BC5329-028F-45E9-96BB-A36CC30A9706-1024x680.jpeg 1024w, https:\/\/jessel.de\/365-tage-sylt\/wp-content\/uploads\/2021\/03\/F2BC5329-028F-45E9-96BB-A36CC30A9706-768x510.jpeg 768w\" sizes=\"auto, (max-width: 1204px) 100vw, 1204px\" \/><\/p>\n<p>Es ist unbeschreibbar \u00fcberirdisch, der Blick von oben auf das rosa gef\u00e4rbte Nebelmeer Richtung Westen. Im Original sind am Horizont die Rotoren der Windr\u00e4der zu sehen&#8230;:<\/p>\n<p><img loading=\"lazy\" decoding=\"async\" class=\"alignnone size-full wp-image-8656\" src=\"https:\/\/jessel.de\/365-tage-sylt\/wp-content\/uploads\/2021\/03\/2269CE66-2EA1-4399-8C4B-94DEAC245D0D.jpeg\" alt=\"\" width=\"1204\" height=\"800\" srcset=\"https:\/\/jessel.de\/365-tage-sylt\/wp-content\/uploads\/2021\/03\/2269CE66-2EA1-4399-8C4B-94DEAC245D0D.jpeg 1204w, https:\/\/jessel.de\/365-tage-sylt\/wp-content\/uploads\/2021\/03\/2269CE66-2EA1-4399-8C4B-94DEAC245D0D-300x199.jpeg 300w, https:\/\/jessel.de\/365-tage-sylt\/wp-content\/uploads\/2021\/03\/2269CE66-2EA1-4399-8C4B-94DEAC245D0D-1024x680.jpeg 1024w, https:\/\/jessel.de\/365-tage-sylt\/wp-content\/uploads\/2021\/03\/2269CE66-2EA1-4399-8C4B-94DEAC245D0D-768x510.jpeg 768w\" sizes=\"auto, (max-width: 1204px) 100vw, 1204px\" \/><\/p>\n<p>&#8230; und zur dunkleren Ostseite, wo nur die Spitze des Leuchtturmes die fetten Schwaden \u00fcberragt:<\/p>\n<p><img loading=\"lazy\" decoding=\"async\" class=\"alignnone size-full wp-image-8654\" src=\"https:\/\/jessel.de\/365-tage-sylt\/wp-content\/uploads\/2021\/03\/433BB461-3666-4D27-875C-D9EA2D6AA4B3.jpeg\" alt=\"\" width=\"1204\" height=\"800\" srcset=\"https:\/\/jessel.de\/365-tage-sylt\/wp-content\/uploads\/2021\/03\/433BB461-3666-4D27-875C-D9EA2D6AA4B3.jpeg 1204w, https:\/\/jessel.de\/365-tage-sylt\/wp-content\/uploads\/2021\/03\/433BB461-3666-4D27-875C-D9EA2D6AA4B3-300x199.jpeg 300w, https:\/\/jessel.de\/365-tage-sylt\/wp-content\/uploads\/2021\/03\/433BB461-3666-4D27-875C-D9EA2D6AA4B3-1024x680.jpeg 1024w, https:\/\/jessel.de\/365-tage-sylt\/wp-content\/uploads\/2021\/03\/433BB461-3666-4D27-875C-D9EA2D6AA4B3-768x510.jpeg 768w\" sizes=\"auto, (max-width: 1204px) 100vw, 1204px\" \/><\/p>\n<p>Auf der Uwe D\u00fcne wird es mir schnell zu crowdy. Schnell nochmal runter zum D\u00fcnen\u00fcberweg, wo ich die Sonne das letzte Mal sehe:<\/p>\n<p><img loading=\"lazy\" decoding=\"async\" class=\"alignnone size-full wp-image-8653\" src=\"https:\/\/jessel.de\/365-tage-sylt\/wp-content\/uploads\/2021\/03\/EE55F191-757C-459B-BE3C-F0B3E8F418A8.jpeg\" alt=\"\" width=\"1204\" height=\"800\" srcset=\"https:\/\/jessel.de\/365-tage-sylt\/wp-content\/uploads\/2021\/03\/EE55F191-757C-459B-BE3C-F0B3E8F418A8.jpeg 1204w, https:\/\/jessel.de\/365-tage-sylt\/wp-content\/uploads\/2021\/03\/EE55F191-757C-459B-BE3C-F0B3E8F418A8-300x199.jpeg 300w, https:\/\/jessel.de\/365-tage-sylt\/wp-content\/uploads\/2021\/03\/EE55F191-757C-459B-BE3C-F0B3E8F418A8-1024x680.jpeg 1024w, https:\/\/jessel.de\/365-tage-sylt\/wp-content\/uploads\/2021\/03\/EE55F191-757C-459B-BE3C-F0B3E8F418A8-768x510.jpeg 768w\" sizes=\"auto, (max-width: 1204px) 100vw, 1204px\" \/><\/p>\n<p><span style=\"-webkit-tap-highlight-color: rgba(0, 0, 0, 0);\">Als ich Richtung Wenningstedt zur\u00fcckradle, dreht der Wind von Nordwest auf Nord, und innerhalb von Minuten ist der ganze Spuk davon geweht. Hier der abschlie\u00dfende Blick von der Wenningstedter Promenade:<\/span><\/p>\n<p><img loading=\"lazy\" decoding=\"async\" class=\"alignnone size-full wp-image-8652\" src=\"https:\/\/jessel.de\/365-tage-sylt\/wp-content\/uploads\/2021\/03\/8F7360C8-8AE5-49FD-9D60-128B38548133.jpeg\" alt=\"\" width=\"1204\" height=\"800\" srcset=\"https:\/\/jessel.de\/365-tage-sylt\/wp-content\/uploads\/2021\/03\/8F7360C8-8AE5-49FD-9D60-128B38548133.jpeg 1204w, https:\/\/jessel.de\/365-tage-sylt\/wp-content\/uploads\/2021\/03\/8F7360C8-8AE5-49FD-9D60-128B38548133-300x199.jpeg 300w, https:\/\/jessel.de\/365-tage-sylt\/wp-content\/uploads\/2021\/03\/8F7360C8-8AE5-49FD-9D60-128B38548133-1024x680.jpeg 1024w, https:\/\/jessel.de\/365-tage-sylt\/wp-content\/uploads\/2021\/03\/8F7360C8-8AE5-49FD-9D60-128B38548133-768x510.jpeg 768w\" sizes=\"auto, (max-width: 1204px) 100vw, 1204px\" \/><\/p>\n<p>&nbsp;<\/p>\n","protected":false},"excerpt":{"rendered":"<p>Wie labil die fast ganztags sonnige Wetterlage ist, wird mir beim Verlassen des Hauses gegen 17 Uhr vor Augen gef\u00fchrt. Strahlender Sonnenschein l\u00e4sst mich \u00fcberlegen, an welchen Strand ich fahre, um das Licht der Abendsonne zu nutzen. Bei der Seenotstelle quellen bereits fette Nebelschwaden \u00fcber die D\u00fcnen. Ich f\u00fchle mich sehr an den Gruselschocker \u201eThe Fog\u201c erinnert&#8230; In Wenningstedt ist es zun\u00e4chst noch etwas lichter&#8230;: &#8230; dann schmilzt die Sicht&hellip;<\/p>\n","protected":false},"author":2,"featured_media":8655,"comment_status":"open","ping_status":"open","sticky":false,"template":"","format":"standard","meta":{"footnotes":""},"categories":[27,24,25,3,35,2,23],"tags":[],"class_list":["post-8651","post","type-post","status-publish","format-standard","has-post-thumbnail","hentry","category-alle-bilder","category-duenen","category-kampen","category-menschen","category-schlechtes-wetter","category-tourismus","category-winter"],"jetpack_featured_media_url":"https:\/\/jessel.de\/365-tage-sylt\/wp-content\/uploads\/2021\/03\/50254500-5673-4AF5-9204-608709F48B5B.jpeg","_links":{"self":[{"href":"https:\/\/jessel.de\/365-tage-sylt\/wp-json\/wp\/v2\/posts\/8651","targetHints":{"allow":["GET"]}}],"collection":[{"href":"https:\/\/jessel.de\/365-tage-sylt\/wp-json\/wp\/v2\/posts"}],"about":[{"href":"https:\/\/jessel.de\/365-tage-sylt\/wp-json\/wp\/v2\/types\/post"}],"author":[{"embeddable":true,"href":"https:\/\/jessel.de\/365-tage-sylt\/wp-json\/wp\/v2\/users\/2"}],"replies":[{"embeddable":true,"href":"https:\/\/jessel.de\/365-tage-sylt\/wp-json\/wp\/v2\/comments?post=8651"}],"version-history":[{"count":4,"href":"https:\/\/jessel.de\/365-tage-sylt\/wp-json\/wp\/v2\/posts\/8651\/revisions"}],"predecessor-version":[{"id":8663,"href":"https:\/\/jessel.de\/365-tage-sylt\/wp-json\/wp\/v2\/posts\/8651\/revisions\/8663"}],"wp:featuredmedia":[{"embeddable":true,"href":"https:\/\/jessel.de\/365-tage-sylt\/wp-json\/wp\/v2\/media\/8655"}],"wp:attachment":[{"href":"https:\/\/jessel.de\/365-tage-sylt\/wp-json\/wp\/v2\/media?parent=8651"}],"wp:term":[{"taxonomy":"category","embeddable":true,"href":"https:\/\/jessel.de\/365-tage-sylt\/wp-json\/wp\/v2\/categories?post=8651"},{"taxonomy":"post_tag","embeddable":true,"href":"https:\/\/jessel.de\/365-tage-sylt\/wp-json\/wp\/v2\/tags?post=8651"}],"curies":[{"name":"wp","href":"https:\/\/api.w.org\/{rel}","templated":true}]}}