{"id":8664,"date":"2021-03-04T18:31:15","date_gmt":"2021-03-04T18:31:15","guid":{"rendered":"https:\/\/jessel.de\/365-tage-sylt\/?p=8664"},"modified":"2021-03-04T19:13:51","modified_gmt":"2021-03-04T19:13:51","slug":"4-maerz-kurzer-abend-am-strand","status":"publish","type":"post","link":"https:\/\/jessel.de\/365-tage-sylt\/4-maerz-kurzer-abend-am-strand\/","title":{"rendered":"4. M\u00e4rz: Kurzer Abend am Strand"},"content":{"rendered":"<p>Erst zum Nachmittag l\u00e4sst sich die Sonne sehen. Der Wind d\u00fcmpelt auf Nordost und zieht eine messerscharfe Sicht im Schlepptau hinter sich her:<\/p>\n<p><img loading=\"lazy\" decoding=\"async\" class=\"alignnone size-full wp-image-8667\" src=\"https:\/\/jessel.de\/365-tage-sylt\/wp-content\/uploads\/2021\/03\/60A35B65-9EA3-452D-9FFB-66C24C34187F.jpeg\" alt=\"\" width=\"1204\" height=\"800\" srcset=\"https:\/\/jessel.de\/365-tage-sylt\/wp-content\/uploads\/2021\/03\/60A35B65-9EA3-452D-9FFB-66C24C34187F.jpeg 1204w, https:\/\/jessel.de\/365-tage-sylt\/wp-content\/uploads\/2021\/03\/60A35B65-9EA3-452D-9FFB-66C24C34187F-300x199.jpeg 300w, https:\/\/jessel.de\/365-tage-sylt\/wp-content\/uploads\/2021\/03\/60A35B65-9EA3-452D-9FFB-66C24C34187F-1024x680.jpeg 1024w, https:\/\/jessel.de\/365-tage-sylt\/wp-content\/uploads\/2021\/03\/60A35B65-9EA3-452D-9FFB-66C24C34187F-768x510.jpeg 768w\" sizes=\"auto, (max-width: 1204px) 100vw, 1204px\" \/><\/p>\n<p>Es sind gewaltig viele Menschen am Strand. Bitte nicht irritiert sein wegen der wenigen Personen auf den Fotos&#8230; das liegt am Fotografen. Drei M\u00e4nner mit s\u00e4chsischem Einschlag fragen mich, ob die \u201eWindr\u00e4der da drau\u00dfen in England\u201c st\u00fcnden. Ich kann beruhigend auf sie einwirken.<\/p>\n<p><img loading=\"lazy\" decoding=\"async\" class=\"alignnone size-full wp-image-8666\" src=\"https:\/\/jessel.de\/365-tage-sylt\/wp-content\/uploads\/2021\/03\/9395A336-330F-460D-9855-0C713D466F91.jpeg\" alt=\"\" width=\"1204\" height=\"800\" srcset=\"https:\/\/jessel.de\/365-tage-sylt\/wp-content\/uploads\/2021\/03\/9395A336-330F-460D-9855-0C713D466F91.jpeg 1204w, https:\/\/jessel.de\/365-tage-sylt\/wp-content\/uploads\/2021\/03\/9395A336-330F-460D-9855-0C713D466F91-300x199.jpeg 300w, https:\/\/jessel.de\/365-tage-sylt\/wp-content\/uploads\/2021\/03\/9395A336-330F-460D-9855-0C713D466F91-1024x680.jpeg 1024w, https:\/\/jessel.de\/365-tage-sylt\/wp-content\/uploads\/2021\/03\/9395A336-330F-460D-9855-0C713D466F91-768x510.jpeg 768w\" sizes=\"auto, (max-width: 1204px) 100vw, 1204px\" \/><\/p>\n<p>Der Nachmittag endet gegen 18:10 Uhr mit dem langweiligsten Sonnenuntergang des Jahrhunderts:<\/p>\n<p><img loading=\"lazy\" decoding=\"async\" class=\"alignnone size-full wp-image-8665\" src=\"https:\/\/jessel.de\/365-tage-sylt\/wp-content\/uploads\/2021\/03\/F0928A62-C58A-4A64-ABC6-BA2811528004.jpeg\" alt=\"\" width=\"1204\" height=\"800\" srcset=\"https:\/\/jessel.de\/365-tage-sylt\/wp-content\/uploads\/2021\/03\/F0928A62-C58A-4A64-ABC6-BA2811528004.jpeg 1204w, https:\/\/jessel.de\/365-tage-sylt\/wp-content\/uploads\/2021\/03\/F0928A62-C58A-4A64-ABC6-BA2811528004-300x199.jpeg 300w, https:\/\/jessel.de\/365-tage-sylt\/wp-content\/uploads\/2021\/03\/F0928A62-C58A-4A64-ABC6-BA2811528004-1024x680.jpeg 1024w, https:\/\/jessel.de\/365-tage-sylt\/wp-content\/uploads\/2021\/03\/F0928A62-C58A-4A64-ABC6-BA2811528004-768x510.jpeg 768w\" sizes=\"auto, (max-width: 1204px) 100vw, 1204px\" \/><\/p>\n<p>Allerdings scheine ich der Einzige zu sein, der das so sieht.<\/p>\n","protected":false},"excerpt":{"rendered":"<p>Erst zum Nachmittag l\u00e4sst sich die Sonne sehen. Der Wind d\u00fcmpelt auf Nordost und zieht eine messerscharfe Sicht im Schlepptau hinter sich her: Es sind gewaltig viele Menschen am Strand. Bitte nicht irritiert sein wegen der wenigen Personen auf den Fotos&#8230; das liegt am Fotografen. Drei M\u00e4nner mit s\u00e4chsischem Einschlag fragen mich, ob die \u201eWindr\u00e4der da drau\u00dfen in England\u201c st\u00fcnden. Ich kann beruhigend auf sie einwirken. Der Nachmittag endet gegen&hellip;<\/p>\n","protected":false},"author":2,"featured_media":8668,"comment_status":"open","ping_status":"open","sticky":false,"template":"","format":"standard","meta":{"footnotes":""},"categories":[27,24,28,3,4,26,2,7,23],"tags":[],"class_list":["post-8664","post","type-post","status-publish","format-standard","has-post-thumbnail","hentry","category-alle-bilder","category-duenen","category-haeuser","category-menschen","category-spuren","category-strand","category-tourismus","category-westerland","category-winter"],"jetpack_featured_media_url":"https:\/\/jessel.de\/365-tage-sylt\/wp-content\/uploads\/2021\/03\/6F2F3F46-C79E-41EA-8A7A-22FD9E89B26D.jpeg","_links":{"self":[{"href":"https:\/\/jessel.de\/365-tage-sylt\/wp-json\/wp\/v2\/posts\/8664","targetHints":{"allow":["GET"]}}],"collection":[{"href":"https:\/\/jessel.de\/365-tage-sylt\/wp-json\/wp\/v2\/posts"}],"about":[{"href":"https:\/\/jessel.de\/365-tage-sylt\/wp-json\/wp\/v2\/types\/post"}],"author":[{"embeddable":true,"href":"https:\/\/jessel.de\/365-tage-sylt\/wp-json\/wp\/v2\/users\/2"}],"replies":[{"embeddable":true,"href":"https:\/\/jessel.de\/365-tage-sylt\/wp-json\/wp\/v2\/comments?post=8664"}],"version-history":[{"count":4,"href":"https:\/\/jessel.de\/365-tage-sylt\/wp-json\/wp\/v2\/posts\/8664\/revisions"}],"predecessor-version":[{"id":8672,"href":"https:\/\/jessel.de\/365-tage-sylt\/wp-json\/wp\/v2\/posts\/8664\/revisions\/8672"}],"wp:featuredmedia":[{"embeddable":true,"href":"https:\/\/jessel.de\/365-tage-sylt\/wp-json\/wp\/v2\/media\/8668"}],"wp:attachment":[{"href":"https:\/\/jessel.de\/365-tage-sylt\/wp-json\/wp\/v2\/media?parent=8664"}],"wp:term":[{"taxonomy":"category","embeddable":true,"href":"https:\/\/jessel.de\/365-tage-sylt\/wp-json\/wp\/v2\/categories?post=8664"},{"taxonomy":"post_tag","embeddable":true,"href":"https:\/\/jessel.de\/365-tage-sylt\/wp-json\/wp\/v2\/tags?post=8664"}],"curies":[{"name":"wp","href":"https:\/\/api.w.org\/{rel}","templated":true}]}}