{"id":8704,"date":"2021-03-10T15:30:31","date_gmt":"2021-03-10T15:30:31","guid":{"rendered":"https:\/\/jessel.de\/365-tage-sylt\/?p=8704"},"modified":"2021-03-11T05:12:16","modified_gmt":"2021-03-11T05:12:16","slug":"10-maerz-da-freut-sich-der-blogger","status":"publish","type":"post","link":"https:\/\/jessel.de\/365-tage-sylt\/10-maerz-da-freut-sich-der-blogger\/","title":{"rendered":"10. M\u00e4rz: Weite Watten &#8211; graues Gew\u00f6lk&#8230;"},"content":{"rendered":"<p>Glei\u00dfendes Gegenlicht, sperriges Schlickgras:<\/p>\n<p><img loading=\"lazy\" decoding=\"async\" class=\"alignnone size-full wp-image-8713\" src=\"https:\/\/jessel.de\/365-tage-sylt\/wp-content\/uploads\/2021\/03\/E38D7468-E96D-43E3-8E6E-042F3E62162A.jpeg\" alt=\"\" width=\"1204\" height=\"800\" srcset=\"https:\/\/jessel.de\/365-tage-sylt\/wp-content\/uploads\/2021\/03\/E38D7468-E96D-43E3-8E6E-042F3E62162A.jpeg 1204w, https:\/\/jessel.de\/365-tage-sylt\/wp-content\/uploads\/2021\/03\/E38D7468-E96D-43E3-8E6E-042F3E62162A-300x199.jpeg 300w, https:\/\/jessel.de\/365-tage-sylt\/wp-content\/uploads\/2021\/03\/E38D7468-E96D-43E3-8E6E-042F3E62162A-1024x680.jpeg 1024w, https:\/\/jessel.de\/365-tage-sylt\/wp-content\/uploads\/2021\/03\/E38D7468-E96D-43E3-8E6E-042F3E62162A-768x510.jpeg 768w\" sizes=\"auto, (max-width: 1204px) 100vw, 1204px\" \/><\/p>\n<p>Da! Ein Malermeister ohne Pinsel&#8230;:<\/p>\n<p><img loading=\"lazy\" decoding=\"async\" class=\"alignnone size-full wp-image-8711\" src=\"https:\/\/jessel.de\/365-tage-sylt\/wp-content\/uploads\/2021\/03\/87467A0C-1A04-4804-AD63-142427D215C2.jpeg\" alt=\"\" width=\"1274\" height=\"800\" srcset=\"https:\/\/jessel.de\/365-tage-sylt\/wp-content\/uploads\/2021\/03\/87467A0C-1A04-4804-AD63-142427D215C2.jpeg 1274w, https:\/\/jessel.de\/365-tage-sylt\/wp-content\/uploads\/2021\/03\/87467A0C-1A04-4804-AD63-142427D215C2-300x188.jpeg 300w, https:\/\/jessel.de\/365-tage-sylt\/wp-content\/uploads\/2021\/03\/87467A0C-1A04-4804-AD63-142427D215C2-1024x643.jpeg 1024w, https:\/\/jessel.de\/365-tage-sylt\/wp-content\/uploads\/2021\/03\/87467A0C-1A04-4804-AD63-142427D215C2-768x482.jpeg 768w\" sizes=\"auto, (max-width: 1274px) 100vw, 1274px\" \/><\/p>\n<p>&#8230; und ein Blogger ohne Blog:<\/p>\n<p><img loading=\"lazy\" decoding=\"async\" class=\"alignnone size-full wp-image-8706\" src=\"https:\/\/jessel.de\/365-tage-sylt\/wp-content\/uploads\/2021\/03\/B144144E-3E35-4D85-A223-98451DE352CF.jpeg\" alt=\"\" width=\"1067\" height=\"800\" srcset=\"https:\/\/jessel.de\/365-tage-sylt\/wp-content\/uploads\/2021\/03\/B144144E-3E35-4D85-A223-98451DE352CF.jpeg 1067w, https:\/\/jessel.de\/365-tage-sylt\/wp-content\/uploads\/2021\/03\/B144144E-3E35-4D85-A223-98451DE352CF-300x225.jpeg 300w, https:\/\/jessel.de\/365-tage-sylt\/wp-content\/uploads\/2021\/03\/B144144E-3E35-4D85-A223-98451DE352CF-1024x768.jpeg 1024w, https:\/\/jessel.de\/365-tage-sylt\/wp-content\/uploads\/2021\/03\/B144144E-3E35-4D85-A223-98451DE352CF-768x576.jpeg 768w\" sizes=\"auto, (max-width: 1067px) 100vw, 1067px\" \/><\/p>\n<p>Beide auf Siegward Sprottes Spuren. Natura naturans (Spinoza):<\/p>\n<p><img loading=\"lazy\" decoding=\"async\" class=\"alignnone size-full wp-image-8708\" src=\"https:\/\/jessel.de\/365-tage-sylt\/wp-content\/uploads\/2021\/03\/E9E01476-829E-4A42-A2B2-BA0F201A9EF9.jpeg\" alt=\"\" width=\"600\" height=\"800\" srcset=\"https:\/\/jessel.de\/365-tage-sylt\/wp-content\/uploads\/2021\/03\/E9E01476-829E-4A42-A2B2-BA0F201A9EF9.jpeg 600w, https:\/\/jessel.de\/365-tage-sylt\/wp-content\/uploads\/2021\/03\/E9E01476-829E-4A42-A2B2-BA0F201A9EF9-225x300.jpeg 225w\" sizes=\"auto, (max-width: 600px) 100vw, 600px\" \/><\/p>\n<p><img loading=\"lazy\" decoding=\"async\" class=\"alignnone size-full wp-image-8707\" src=\"https:\/\/jessel.de\/365-tage-sylt\/wp-content\/uploads\/2021\/03\/38BF4C65-5A30-4A87-AE76-A67A0C54F433.jpeg\" alt=\"\" width=\"640\" height=\"800\" srcset=\"https:\/\/jessel.de\/365-tage-sylt\/wp-content\/uploads\/2021\/03\/38BF4C65-5A30-4A87-AE76-A67A0C54F433.jpeg 640w, https:\/\/jessel.de\/365-tage-sylt\/wp-content\/uploads\/2021\/03\/38BF4C65-5A30-4A87-AE76-A67A0C54F433-240x300.jpeg 240w\" sizes=\"auto, (max-width: 640px) 100vw, 640px\" \/><\/p>\n<p>Rote Algen, dahin gegossen&#8230;:<\/p>\n<p><img loading=\"lazy\" decoding=\"async\" class=\"alignnone size-full wp-image-8712\" src=\"https:\/\/jessel.de\/365-tage-sylt\/wp-content\/uploads\/2021\/03\/05727CFD-AB30-4F37-99E3-739BB79F7DCA.jpeg\" alt=\"\" width=\"532\" height=\"800\" srcset=\"https:\/\/jessel.de\/365-tage-sylt\/wp-content\/uploads\/2021\/03\/05727CFD-AB30-4F37-99E3-739BB79F7DCA.jpeg 532w, https:\/\/jessel.de\/365-tage-sylt\/wp-content\/uploads\/2021\/03\/05727CFD-AB30-4F37-99E3-739BB79F7DCA-200x300.jpeg 200w\" sizes=\"auto, (max-width: 532px) 100vw, 532px\" \/><\/p>\n<p>&#8230; brauner Tang, im hellen Sand:<\/p>\n<p><img loading=\"lazy\" decoding=\"async\" class=\"alignnone size-full wp-image-8715\" src=\"https:\/\/jessel.de\/365-tage-sylt\/wp-content\/uploads\/2021\/03\/431BBB2C-A699-4651-92E5-1C17684C3D01.jpeg\" alt=\"\" width=\"1204\" height=\"800\" srcset=\"https:\/\/jessel.de\/365-tage-sylt\/wp-content\/uploads\/2021\/03\/431BBB2C-A699-4651-92E5-1C17684C3D01.jpeg 1204w, https:\/\/jessel.de\/365-tage-sylt\/wp-content\/uploads\/2021\/03\/431BBB2C-A699-4651-92E5-1C17684C3D01-300x199.jpeg 300w, https:\/\/jessel.de\/365-tage-sylt\/wp-content\/uploads\/2021\/03\/431BBB2C-A699-4651-92E5-1C17684C3D01-1024x680.jpeg 1024w, https:\/\/jessel.de\/365-tage-sylt\/wp-content\/uploads\/2021\/03\/431BBB2C-A699-4651-92E5-1C17684C3D01-768x510.jpeg 768w\" sizes=\"auto, (max-width: 1204px) 100vw, 1204px\" \/><\/p>\n<p>Die Sch\u00f6nheit des Augenblicklichen:<\/p>\n<p><img loading=\"lazy\" decoding=\"async\" class=\"alignnone size-full wp-image-8709\" src=\"https:\/\/jessel.de\/365-tage-sylt\/wp-content\/uploads\/2021\/03\/5B5C39E8-1DE1-418F-8CA6-6FB5D069A95C.jpeg\" alt=\"\" width=\"1199\" height=\"800\" srcset=\"https:\/\/jessel.de\/365-tage-sylt\/wp-content\/uploads\/2021\/03\/5B5C39E8-1DE1-418F-8CA6-6FB5D069A95C.jpeg 1199w, https:\/\/jessel.de\/365-tage-sylt\/wp-content\/uploads\/2021\/03\/5B5C39E8-1DE1-418F-8CA6-6FB5D069A95C-300x200.jpeg 300w, https:\/\/jessel.de\/365-tage-sylt\/wp-content\/uploads\/2021\/03\/5B5C39E8-1DE1-418F-8CA6-6FB5D069A95C-1024x683.jpeg 1024w, https:\/\/jessel.de\/365-tage-sylt\/wp-content\/uploads\/2021\/03\/5B5C39E8-1DE1-418F-8CA6-6FB5D069A95C-768x512.jpeg 768w\" sizes=\"auto, (max-width: 1199px) 100vw, 1199px\" \/><\/p>\n<p>Aug\u02cb in Auge (so lehrte uns der Meister) mit der Natur:<\/p>\n<p><img loading=\"lazy\" decoding=\"async\" class=\"alignnone size-full wp-image-8705\" src=\"https:\/\/jessel.de\/365-tage-sylt\/wp-content\/uploads\/2021\/03\/2D11819A-9149-475C-82AF-A7A66C6353A9.jpeg\" alt=\"\" width=\"600\" height=\"800\" srcset=\"https:\/\/jessel.de\/365-tage-sylt\/wp-content\/uploads\/2021\/03\/2D11819A-9149-475C-82AF-A7A66C6353A9.jpeg 600w, https:\/\/jessel.de\/365-tage-sylt\/wp-content\/uploads\/2021\/03\/2D11819A-9149-475C-82AF-A7A66C6353A9-225x300.jpeg 225w\" sizes=\"auto, (max-width: 600px) 100vw, 600px\" \/><\/p>\n","protected":false},"excerpt":{"rendered":"<p>Glei\u00dfendes Gegenlicht, sperriges Schlickgras: Da! Ein Malermeister ohne Pinsel&#8230;: &#8230; und ein Blogger ohne Blog: Beide auf Siegward Sprottes Spuren. Natura naturans (Spinoza): Rote Algen, dahin gegossen&#8230;: &#8230; brauner Tang, im hellen Sand: Die Sch\u00f6nheit des Augenblicklichen: Aug\u02cb in Auge (so lehrte uns der Meister) mit der Natur:<\/p>\n","protected":false},"author":2,"featured_media":8714,"comment_status":"open","ping_status":"open","sticky":false,"template":"","format":"standard","meta":{"footnotes":""},"categories":[27,39,24,1,35,4,42,23],"tags":[],"class_list":["post-8704","post","type-post","status-publish","format-standard","has-post-thumbnail","hentry","category-alle-bilder","category-arbeit","category-duenen","category-uncategorized","category-schlechtes-wetter","category-spuren","category-watt","category-winter"],"jetpack_featured_media_url":"https:\/\/jessel.de\/365-tage-sylt\/wp-content\/uploads\/2021\/03\/8816A1B0-B663-4B37-B7A8-9182069EC5AC.jpeg","_links":{"self":[{"href":"https:\/\/jessel.de\/365-tage-sylt\/wp-json\/wp\/v2\/posts\/8704","targetHints":{"allow":["GET"]}}],"collection":[{"href":"https:\/\/jessel.de\/365-tage-sylt\/wp-json\/wp\/v2\/posts"}],"about":[{"href":"https:\/\/jessel.de\/365-tage-sylt\/wp-json\/wp\/v2\/types\/post"}],"author":[{"embeddable":true,"href":"https:\/\/jessel.de\/365-tage-sylt\/wp-json\/wp\/v2\/users\/2"}],"replies":[{"embeddable":true,"href":"https:\/\/jessel.de\/365-tage-sylt\/wp-json\/wp\/v2\/comments?post=8704"}],"version-history":[{"count":4,"href":"https:\/\/jessel.de\/365-tage-sylt\/wp-json\/wp\/v2\/posts\/8704\/revisions"}],"predecessor-version":[{"id":8719,"href":"https:\/\/jessel.de\/365-tage-sylt\/wp-json\/wp\/v2\/posts\/8704\/revisions\/8719"}],"wp:featuredmedia":[{"embeddable":true,"href":"https:\/\/jessel.de\/365-tage-sylt\/wp-json\/wp\/v2\/media\/8714"}],"wp:attachment":[{"href":"https:\/\/jessel.de\/365-tage-sylt\/wp-json\/wp\/v2\/media?parent=8704"}],"wp:term":[{"taxonomy":"category","embeddable":true,"href":"https:\/\/jessel.de\/365-tage-sylt\/wp-json\/wp\/v2\/categories?post=8704"},{"taxonomy":"post_tag","embeddable":true,"href":"https:\/\/jessel.de\/365-tage-sylt\/wp-json\/wp\/v2\/tags?post=8704"}],"curies":[{"name":"wp","href":"https:\/\/api.w.org\/{rel}","templated":true}]}}