{"id":8720,"date":"2021-03-14T09:26:11","date_gmt":"2021-03-14T09:26:11","guid":{"rendered":"https:\/\/jessel.de\/365-tage-sylt\/?p=8720"},"modified":"2021-03-14T13:42:16","modified_gmt":"2021-03-14T13:42:16","slug":"11-14-maerz-in-quarantaene","status":"publish","type":"post","link":"https:\/\/jessel.de\/365-tage-sylt\/11-14-maerz-in-quarantaene\/","title":{"rendered":"11. &#8211; 14. M\u00e4rz: In Quarant\u00e4ne"},"content":{"rendered":"<p>Ich hab\u02cbs mal wieder \u00fcbertrieben. Die ausgesprochen anstrengende und stundenlange Objektivsuche in unwegsamem Gel\u00e4nde und Barfu\u00df-Strandl\u00e4ufe handelten mir eine Achillessehnen-Reizung ein &#8211; und da gibt\u2019s nur eins: Schooonung, eine meiner schwersten \u00dcbungen. So verbringe ich Stunden mit K\u00fchlmanschette auf den Sofa und lese ein eindr\u00fcckliches Buch \u00fcber Zeiten, die erheblich gruseliger waren als das, was wir seit einem Jahr erleben: Die Einkesselung St. Petersburgs durch die Deutsche Wehrmacht ab September 1941 &#8211; aus Sicht einiger Einheimischer. Und zwar die Ereignisse nur einer Woche, von insgesamt 900 Tagen, zu Jahresbeginn 1942&#8230;.<\/p>\n<p>Da wird mir gelegentlich ganz flau. Und wie gut habe ich es, dann einfach zum Herd zu gehen und mir etwas Sch\u00f6nes zu kochen. Zum Beispiel Frischen Skrei an Ofengem\u00fcse, und der gestrige Kartoffelsalat \u00e0 la Sansibar passt auch noch gut dazu:<\/p>\n<p><img loading=\"lazy\" decoding=\"async\" class=\"alignnone size-full wp-image-8724\" src=\"https:\/\/jessel.de\/365-tage-sylt\/wp-content\/uploads\/2021\/03\/1162ACDF-EC5B-4C0A-8F7E-E85B349BF4D8.jpeg\" alt=\"\" width=\"600\" height=\"800\" srcset=\"https:\/\/jessel.de\/365-tage-sylt\/wp-content\/uploads\/2021\/03\/1162ACDF-EC5B-4C0A-8F7E-E85B349BF4D8.jpeg 600w, https:\/\/jessel.de\/365-tage-sylt\/wp-content\/uploads\/2021\/03\/1162ACDF-EC5B-4C0A-8F7E-E85B349BF4D8-225x300.jpeg 225w\" sizes=\"auto, (max-width: 600px) 100vw, 600px\" \/><\/p>\n<p>Viel Regen f\u00e4llt diese Tage, erst heute l\u00e4sst sich die Sonne wieder l\u00e4nger sehen, und ich g\u00f6nne mir zumindest einen Kurzbesuch am Strand:<\/p>\n<p><img loading=\"lazy\" decoding=\"async\" class=\"alignnone size-full wp-image-8721\" src=\"https:\/\/jessel.de\/365-tage-sylt\/wp-content\/uploads\/2021\/03\/11D3D063-C22B-492D-AAD6-616D54626FBC.jpeg\" alt=\"\" width=\"1204\" height=\"800\" srcset=\"https:\/\/jessel.de\/365-tage-sylt\/wp-content\/uploads\/2021\/03\/11D3D063-C22B-492D-AAD6-616D54626FBC.jpeg 1204w, https:\/\/jessel.de\/365-tage-sylt\/wp-content\/uploads\/2021\/03\/11D3D063-C22B-492D-AAD6-616D54626FBC-300x199.jpeg 300w, https:\/\/jessel.de\/365-tage-sylt\/wp-content\/uploads\/2021\/03\/11D3D063-C22B-492D-AAD6-616D54626FBC-1024x680.jpeg 1024w, https:\/\/jessel.de\/365-tage-sylt\/wp-content\/uploads\/2021\/03\/11D3D063-C22B-492D-AAD6-616D54626FBC-768x510.jpeg 768w\" sizes=\"auto, (max-width: 1204px) 100vw, 1204px\" \/><\/p>\n<p>Beim Abmarsch stolpere ich noch \u00fcber eine Sprotte-Alge, wie hingegossen:<\/p>\n<p><img loading=\"lazy\" decoding=\"async\" class=\"size-full wp-image-8723\" src=\"https:\/\/jessel.de\/365-tage-sylt\/wp-content\/uploads\/2021\/03\/1BE5003B-6534-430A-98E5-DF2FA124F66E.jpeg\" alt=\"\" width=\"1067\" height=\"800\" srcset=\"https:\/\/jessel.de\/365-tage-sylt\/wp-content\/uploads\/2021\/03\/1BE5003B-6534-430A-98E5-DF2FA124F66E.jpeg 1067w, https:\/\/jessel.de\/365-tage-sylt\/wp-content\/uploads\/2021\/03\/1BE5003B-6534-430A-98E5-DF2FA124F66E-300x225.jpeg 300w, https:\/\/jessel.de\/365-tage-sylt\/wp-content\/uploads\/2021\/03\/1BE5003B-6534-430A-98E5-DF2FA124F66E-1024x768.jpeg 1024w, https:\/\/jessel.de\/365-tage-sylt\/wp-content\/uploads\/2021\/03\/1BE5003B-6534-430A-98E5-DF2FA124F66E-768x576.jpeg 768w\" sizes=\"auto, (max-width: 1067px) 100vw, 1067px\" \/><\/p>\n<p>Der wei\u00dfe Punkt ist ein Fl\u00f6ckchen Meerschaum, der passt da ganz wunderbar.<\/p>\n<p>Nun wird sich weiter geschont, nur Radfahren ist &#8211; in Ma\u00dfen &#8211; erlaubt, und heute Mittag gibt es Tortiglioni mit hausgefertigter Pesto. Foto wird nachgeliefert, versprochen.<\/p>\n<p>There we are. Habe noch ein paar Orechiette untergemischt:<\/p>\n<p><img loading=\"lazy\" decoding=\"async\" class=\"alignnone size-full wp-image-8729\" src=\"https:\/\/jessel.de\/365-tage-sylt\/wp-content\/uploads\/2021\/03\/25DC7D2D-663D-4369-A557-64B7CCEFC2FF.jpeg\" alt=\"\" width=\"1067\" height=\"800\" srcset=\"https:\/\/jessel.de\/365-tage-sylt\/wp-content\/uploads\/2021\/03\/25DC7D2D-663D-4369-A557-64B7CCEFC2FF.jpeg 1067w, https:\/\/jessel.de\/365-tage-sylt\/wp-content\/uploads\/2021\/03\/25DC7D2D-663D-4369-A557-64B7CCEFC2FF-300x225.jpeg 300w, https:\/\/jessel.de\/365-tage-sylt\/wp-content\/uploads\/2021\/03\/25DC7D2D-663D-4369-A557-64B7CCEFC2FF-1024x768.jpeg 1024w, https:\/\/jessel.de\/365-tage-sylt\/wp-content\/uploads\/2021\/03\/25DC7D2D-663D-4369-A557-64B7CCEFC2FF-768x576.jpeg 768w\" sizes=\"auto, (max-width: 1067px) 100vw, 1067px\" \/><\/p>\n","protected":false},"excerpt":{"rendered":"<p>Ich hab\u02cbs mal wieder \u00fcbertrieben. Die ausgesprochen anstrengende und stundenlange Objektivsuche in unwegsamem Gel\u00e4nde und Barfu\u00df-Strandl\u00e4ufe handelten mir eine Achillessehnen-Reizung ein &#8211; und da gibt\u2019s nur eins: Schooonung, eine meiner schwersten \u00dcbungen. So verbringe ich Stunden mit K\u00fchlmanschette auf den Sofa und lese ein eindr\u00fcckliches Buch \u00fcber Zeiten, die erheblich gruseliger waren als das, was wir seit einem Jahr erleben: Die Einkesselung St. Petersburgs durch die Deutsche Wehrmacht ab September&hellip;<\/p>\n","protected":false},"author":2,"featured_media":8725,"comment_status":"open","ping_status":"open","sticky":false,"template":"","format":"standard","meta":{"footnotes":""},"categories":[27,28,3,35,7,23],"tags":[],"class_list":["post-8720","post","type-post","status-publish","format-standard","has-post-thumbnail","hentry","category-alle-bilder","category-haeuser","category-menschen","category-schlechtes-wetter","category-westerland","category-winter"],"jetpack_featured_media_url":"https:\/\/jessel.de\/365-tage-sylt\/wp-content\/uploads\/2021\/03\/2C658EBB-BACB-47EA-9602-D1665217D288.jpeg","_links":{"self":[{"href":"https:\/\/jessel.de\/365-tage-sylt\/wp-json\/wp\/v2\/posts\/8720","targetHints":{"allow":["GET"]}}],"collection":[{"href":"https:\/\/jessel.de\/365-tage-sylt\/wp-json\/wp\/v2\/posts"}],"about":[{"href":"https:\/\/jessel.de\/365-tage-sylt\/wp-json\/wp\/v2\/types\/post"}],"author":[{"embeddable":true,"href":"https:\/\/jessel.de\/365-tage-sylt\/wp-json\/wp\/v2\/users\/2"}],"replies":[{"embeddable":true,"href":"https:\/\/jessel.de\/365-tage-sylt\/wp-json\/wp\/v2\/comments?post=8720"}],"version-history":[{"count":5,"href":"https:\/\/jessel.de\/365-tage-sylt\/wp-json\/wp\/v2\/posts\/8720\/revisions"}],"predecessor-version":[{"id":8732,"href":"https:\/\/jessel.de\/365-tage-sylt\/wp-json\/wp\/v2\/posts\/8720\/revisions\/8732"}],"wp:featuredmedia":[{"embeddable":true,"href":"https:\/\/jessel.de\/365-tage-sylt\/wp-json\/wp\/v2\/media\/8725"}],"wp:attachment":[{"href":"https:\/\/jessel.de\/365-tage-sylt\/wp-json\/wp\/v2\/media?parent=8720"}],"wp:term":[{"taxonomy":"category","embeddable":true,"href":"https:\/\/jessel.de\/365-tage-sylt\/wp-json\/wp\/v2\/categories?post=8720"},{"taxonomy":"post_tag","embeddable":true,"href":"https:\/\/jessel.de\/365-tage-sylt\/wp-json\/wp\/v2\/tags?post=8720"}],"curies":[{"name":"wp","href":"https:\/\/api.w.org\/{rel}","templated":true}]}}